{"id":6838,"date":"2017-11-11T12:29:00","date_gmt":"2017-11-11T11:29:00","guid":{"rendered":"https:\/\/rotary.zamosc.pl\/?p=6838"},"modified":"2026-03-20T12:32:59","modified_gmt":"2026-03-20T11:32:59","slug":"narodowe-swieto-niepodleglosci-11-11-2017","status":"publish","type":"post","link":"https:\/\/rotary.zamosc.pl\/index.php\/2017\/11\/11\/narodowe-swieto-niepodleglosci-11-11-2017\/","title":{"rendered":"Narodowe \u015awi\u0119to Niepodleg\u0142o\u015bci \u2013 11.11.2017"},"content":{"rendered":"\n<p class=\"wp-block-paragraph\">11 listopada, jest dat\u0105 bardzo blisk\u0105 ka\u017cdemu prawdziwemu Polakowi. 99 lat temu, po wielu latach zabor\u00f3w, Polska odzyska\u0142a niepodleg\u0142o\u015b\u0107. W Zamo\u015bciu celebrujemy t\u0119 rocznic\u0119, mi\u0119dzy innymi, sk\u0142adaj\u0105c wi\u0105zanki kwiat\u00f3w przed Ratuszem Zamojskim, przy tablicy pami\u0105tkowej po\u015bwi\u0119conej Marsza\u0142kowi J\u00f3zefowi Pi\u0142sudskiemu.<\/p>\n\n\n\n<p class=\"wp-block-paragraph\">R\u00f3wnie\u017c w tym roku, 11 listopada podczas uroczysto\u015bci rocznicowych, delegacja RC Zamo\u015b\u0107 z\u0142o\u017cy\u0142a kwiaty w tym miejscu. Bardzo mi\u0142ym akcentem obchod\u00f3w Dnia Niepodleg\u0142o\u015bci by\u0142a inscenizacja zaprezentowana przez dzieci z Przedszkola Nr 12 w Zamo\u015bciu ( link poni\u017cej ). Od dawna ta plac\u00f3wka jest wspierana przez rotarian RC Zamo\u015b\u0107, a szczeg\u00f3lnie przez naszego koleg\u0119, prezydenta obecnej kadencji, Henryka Gajewskiego.<\/p>\n\n\n\n<figure class=\"wp-block-video\"><video height=\"480\" style=\"aspect-ratio: 854 \/ 480;\" width=\"854\" controls src=\"https:\/\/rotary.zamosc.pl\/wp-content\/uploads\/2017\/12\/11-listopada-czesc-1.mp4\"><\/video><\/figure>\n\n\n\n<figure class=\"wp-block-video\"><video height=\"480\" style=\"aspect-ratio: 854 \/ 480;\" width=\"854\" controls src=\"https:\/\/rotary.zamosc.pl\/wp-content\/uploads\/2017\/12\/11-listopada-czesc-2.mp4\"><\/video><\/figure>\n\n\n\n<figure class=\"wp-block-video\"><video height=\"480\" style=\"aspect-ratio: 854 \/ 480;\" width=\"854\" controls src=\"https:\/\/rotary.zamosc.pl\/wp-content\/uploads\/2017\/12\/11-listopada-czesc-3.mp4\"><\/video><\/figure>\n","protected":false},"excerpt":{"rendered":"<p>11 listopada, jest dat\u0105 bardzo blisk\u0105 ka\u017cdemu prawdziwemu Polakowi. 99 lat temu, po wielu latach zabor\u00f3w, Polska odzyska\u0142a niepodleg\u0142o\u015b\u0107. W Zamo\u015bciu celebrujemy t\u0119 rocznic\u0119, mi\u0119dzy innymi, sk\u0142adaj\u0105c wi\u0105zanki kwiat\u00f3w przed Ratuszem Zamojskim, przy tablicy pami\u0105tkowej po\u015bwi\u0119conej Marsza\u0142kowi J\u00f3zefowi Pi\u0142sudskiemu. R\u00f3wnie\u017c w tym roku, 11 listopada podczas uroczysto\u015bci rocznicowych, delegacja RC Zamo\u015b\u0107 z\u0142o\u017cy\u0142a kwiaty w tym&#8230;<\/p>\n","protected":false},"author":1,"featured_media":584,"comment_status":"open","ping_status":"open","sticky":false,"template":"","format":"standard","meta":{"footnotes":""},"categories":[25],"tags":[],"class_list":["post-6838","post","type-post","status-publish","format-standard","has-post-thumbnail","hentry","category-25"],"rttpg_featured_image_url":{"full":["https:\/\/rotary.zamosc.pl\/wp-content\/uploads\/2017\/01\/178Swieto-Niepodleglosci-2017-fot.-Daniel-CzubaraIMG_0275.jpg",2048,1536,false],"landscape":["https:\/\/rotary.zamosc.pl\/wp-content\/uploads\/2017\/01\/178Swieto-Niepodleglosci-2017-fot.-Daniel-CzubaraIMG_0275.jpg",2048,1536,false],"portraits":["https:\/\/rotary.zamosc.pl\/wp-content\/uploads\/2017\/01\/178Swieto-Niepodleglosci-2017-fot.-Daniel-CzubaraIMG_0275.jpg",2048,1536,false],"thumbnail":["https:\/\/rotary.zamosc.pl\/wp-content\/uploads\/2017\/01\/178Swieto-Niepodleglosci-2017-fot.-Daniel-CzubaraIMG_0275-150x150.jpg",150,150,true],"medium":["https:\/\/rotary.zamosc.pl\/wp-content\/uploads\/2017\/01\/178Swieto-Niepodleglosci-2017-fot.-Daniel-CzubaraIMG_0275-300x225.jpg",300,225,true],"large":["https:\/\/rotary.zamosc.pl\/wp-content\/uploads\/2017\/01\/178Swieto-Niepodleglosci-2017-fot.-Daniel-CzubaraIMG_0275-700x525.jpg",700,525,true],"1536x1536":["https:\/\/rotary.zamosc.pl\/wp-content\/uploads\/2017\/01\/178Swieto-Niepodleglosci-2017-fot.-Daniel-CzubaraIMG_0275.jpg",1536,1152,false],"2048x2048":["https:\/\/rotary.zamosc.pl\/wp-content\/uploads\/2017\/01\/178Swieto-Niepodleglosci-2017-fot.-Daniel-CzubaraIMG_0275.jpg",2048,1536,false],"post-thumbnail":["https:\/\/rotary.zamosc.pl\/wp-content\/uploads\/2017\/01\/178Swieto-Niepodleglosci-2017-fot.-Daniel-CzubaraIMG_0275-800x600.jpg",800,600,true],"graphy-post-thumbnail-large":["https:\/\/rotary.zamosc.pl\/wp-content\/uploads\/2017\/01\/178Swieto-Niepodleglosci-2017-fot.-Daniel-CzubaraIMG_0275-1080x600.jpg",1080,600,true],"graphy-post-thumbnail-medium":["https:\/\/rotary.zamosc.pl\/wp-content\/uploads\/2017\/01\/178Swieto-Niepodleglosci-2017-fot.-Daniel-CzubaraIMG_0275-482x300.jpg",482,300,true],"graphy-post-thumbnail-small":["https:\/\/rotary.zamosc.pl\/wp-content\/uploads\/2017\/01\/178Swieto-Niepodleglosci-2017-fot.-Daniel-CzubaraIMG_0275-80x60.jpg",80,60,true],"graphy-page-thumbnail":["https:\/\/rotary.zamosc.pl\/wp-content\/uploads\/2017\/01\/178Swieto-Niepodleglosci-2017-fot.-Daniel-CzubaraIMG_0275-1260x350.jpg",1260,350,true],"sow-carousel-default":["https:\/\/rotary.zamosc.pl\/wp-content\/uploads\/2017\/01\/178Swieto-Niepodleglosci-2017-fot.-Daniel-CzubaraIMG_0275-272x182.jpg",272,182,true]},"rttpg_author":{"display_name":"rotaryzamosc","author_link":"https:\/\/rotary.zamosc.pl\/index.php\/author\/rotaryzamosc\/"},"rttpg_comment":0,"rttpg_category":"<a href=\"https:\/\/rotary.zamosc.pl\/index.php\/category\/2017\/\" rel=\"category tag\">2017<\/a>","rttpg_excerpt":"11 listopada, jest dat\u0105 bardzo blisk\u0105 ka\u017cdemu prawdziwemu Polakowi. 99 lat temu, po wielu latach zabor\u00f3w, Polska odzyska\u0142a niepodleg\u0142o\u015b\u0107. W Zamo\u015bciu celebrujemy t\u0119 rocznic\u0119, mi\u0119dzy innymi, sk\u0142adaj\u0105c wi\u0105zanki kwiat\u00f3w przed Ratuszem Zamojskim, przy tablicy pami\u0105tkowej po\u015bwi\u0119conej Marsza\u0142kowi J\u00f3zefowi Pi\u0142sudskiemu. R\u00f3wnie\u017c w tym roku, 11 listopada podczas uroczysto\u015bci rocznicowych, delegacja RC Zamo\u015b\u0107 z\u0142o\u017cy\u0142a kwiaty w tym...","_links":{"self":[{"href":"https:\/\/rotary.zamosc.pl\/index.php\/wp-json\/wp\/v2\/posts\/6838","targetHints":{"allow":["GET"]}}],"collection":[{"href":"https:\/\/rotary.zamosc.pl\/index.php\/wp-json\/wp\/v2\/posts"}],"about":[{"href":"https:\/\/rotary.zamosc.pl\/index.php\/wp-json\/wp\/v2\/types\/post"}],"author":[{"embeddable":true,"href":"https:\/\/rotary.zamosc.pl\/index.php\/wp-json\/wp\/v2\/users\/1"}],"replies":[{"embeddable":true,"href":"https:\/\/rotary.zamosc.pl\/index.php\/wp-json\/wp\/v2\/comments?post=6838"}],"version-history":[{"count":3,"href":"https:\/\/rotary.zamosc.pl\/index.php\/wp-json\/wp\/v2\/posts\/6838\/revisions"}],"predecessor-version":[{"id":6841,"href":"https:\/\/rotary.zamosc.pl\/index.php\/wp-json\/wp\/v2\/posts\/6838\/revisions\/6841"}],"wp:featuredmedia":[{"embeddable":true,"href":"https:\/\/rotary.zamosc.pl\/index.php\/wp-json\/wp\/v2\/media\/584"}],"wp:attachment":[{"href":"https:\/\/rotary.zamosc.pl\/index.php\/wp-json\/wp\/v2\/media?parent=6838"}],"wp:term":[{"taxonomy":"category","embeddable":true,"href":"https:\/\/rotary.zamosc.pl\/index.php\/wp-json\/wp\/v2\/categories?post=6838"},{"taxonomy":"post_tag","embeddable":true,"href":"https:\/\/rotary.zamosc.pl\/index.php\/wp-json\/wp\/v2\/tags?post=6838"}],"curies":[{"name":"wp","href":"https:\/\/api.w.org\/{rel}","templated":true}]}}