{"id":6842,"date":"2017-11-07T12:33:00","date_gmt":"2017-11-07T11:33:00","guid":{"rendered":"https:\/\/rotary.zamosc.pl\/?p=6842"},"modified":"2026-03-20T12:33:37","modified_gmt":"2026-03-20T11:33:37","slug":"07-11-2017-spotkanie-z-plk-rez-markiem-kwietniem-wiceprezesem-zarzadu-glownego-polskiego-towarzystwa-weksylologicznego-wykladowca-wyzszej-szkoly-humanistyczno-ekonomicznej-im-jana-zamoy","status":"publish","type":"post","link":"https:\/\/rotary.zamosc.pl\/index.php\/2017\/11\/07\/07-11-2017-spotkanie-z-plk-rez-markiem-kwietniem-wiceprezesem-zarzadu-glownego-polskiego-towarzystwa-weksylologicznego-wykladowca-wyzszej-szkoly-humanistyczno-ekonomicznej-im-jana-zamoy\/","title":{"rendered":"07.11.2017 \u2013 Spotkanie z p\u0142k. rez. Markiem Kwietniem, wiceprezesem Zarz\u0105du G\u0142\u00f3wnego Polskiego Towarzystwa Weksylologicznego, wyk\u0142adowc\u0105 Wy\u017cszej Szko\u0142y Humanistyczno-Ekonomicznej im. Jana Zamoyskiego w Zamo\u015bciu."},"content":{"rendered":"\n<p class=\"wp-block-paragraph\">W przeddzie\u0144 \u015awi\u0119ta Niepodleg\u0142o\u015bci \u2013 kolega \u2013 by\u0142y cz\u0142onek naszego Klubu, przypomnia\u0142 nam o zasadach u\u017cywania barw narodowych i flagi pa\u0144stwowej. Jest wiele imprez i spotka\u0144, gdzie polska flaga jest u\u017cywana nieprawid\u0142owo. Umieszcza si\u0119 na niej r\u00f3\u017cnego rodzaju symbole. Patologiczne jest zaw\u0142aszczanie barw narodowych przez kiboli, dresiarzy, cz\u0142onk\u00f3w boj\u00f3wek ONR i PiS, sportowc\u00f3w owijaj\u0105cych si\u0119 flag\u0105 po sukcesach, kiedy symbolem pa\u0144stwowym jest zamiatana bie\u017cnia. Narodowe znaki s\u0105 niczym nasza twarz. Trzeba o nie dba\u0107, poniewa\u017c to w\u0142a\u015bnie przez nie jeste\u015bmy identyfikowani na zewn\u0105trz.<\/p>\n","protected":false},"excerpt":{"rendered":"<p>W przeddzie\u0144 \u015awi\u0119ta Niepodleg\u0142o\u015bci \u2013 kolega \u2013 by\u0142y cz\u0142onek naszego Klubu, przypomnia\u0142 nam o zasadach u\u017cywania barw narodowych i flagi pa\u0144stwowej. Jest wiele imprez i spotka\u0144, gdzie polska flaga jest u\u017cywana nieprawid\u0142owo. Umieszcza si\u0119 na niej r\u00f3\u017cnego rodzaju symbole. Patologiczne jest zaw\u0142aszczanie barw narodowych przez kiboli, dresiarzy, cz\u0142onk\u00f3w boj\u00f3wek ONR i PiS, sportowc\u00f3w owijaj\u0105cych si\u0119&#8230;<\/p>\n","protected":false},"author":1,"featured_media":6119,"comment_status":"open","ping_status":"open","sticky":false,"template":"","format":"standard","meta":{"footnotes":""},"categories":[25],"tags":[],"class_list":["post-6842","post","type-post","status-publish","format-standard","has-post-thumbnail","hentry","category-25"],"rttpg_featured_image_url":{"full":["https:\/\/rotary.zamosc.pl\/wp-content\/uploads\/2025\/12\/rotary-logos.png",900,442,false],"landscape":["https:\/\/rotary.zamosc.pl\/wp-content\/uploads\/2025\/12\/rotary-logos.png",900,442,false],"portraits":["https:\/\/rotary.zamosc.pl\/wp-content\/uploads\/2025\/12\/rotary-logos.png",900,442,false],"thumbnail":["https:\/\/rotary.zamosc.pl\/wp-content\/uploads\/2025\/12\/rotary-logos-150x150.png",150,150,true],"medium":["https:\/\/rotary.zamosc.pl\/wp-content\/uploads\/2025\/12\/rotary-logos-300x147.png",300,147,true],"large":["https:\/\/rotary.zamosc.pl\/wp-content\/uploads\/2025\/12\/rotary-logos-700x344.png",700,344,true],"1536x1536":["https:\/\/rotary.zamosc.pl\/wp-content\/uploads\/2025\/12\/rotary-logos.png",900,442,false],"2048x2048":["https:\/\/rotary.zamosc.pl\/wp-content\/uploads\/2025\/12\/rotary-logos.png",900,442,false],"post-thumbnail":["https:\/\/rotary.zamosc.pl\/wp-content\/uploads\/2025\/12\/rotary-logos-800x393.png",800,393,true],"graphy-post-thumbnail-large":["https:\/\/rotary.zamosc.pl\/wp-content\/uploads\/2025\/12\/rotary-logos.png",900,442,false],"graphy-post-thumbnail-medium":["https:\/\/rotary.zamosc.pl\/wp-content\/uploads\/2025\/12\/rotary-logos-482x300.png",482,300,true],"graphy-post-thumbnail-small":["https:\/\/rotary.zamosc.pl\/wp-content\/uploads\/2025\/12\/rotary-logos-80x60.png",80,60,true],"graphy-page-thumbnail":["https:\/\/rotary.zamosc.pl\/wp-content\/uploads\/2025\/12\/rotary-logos-900x350.png",900,350,true],"sow-carousel-default":["https:\/\/rotary.zamosc.pl\/wp-content\/uploads\/2025\/12\/rotary-logos-272x182.png",272,182,true]},"rttpg_author":{"display_name":"rotaryzamosc","author_link":"https:\/\/rotary.zamosc.pl\/index.php\/author\/rotaryzamosc\/"},"rttpg_comment":0,"rttpg_category":"<a href=\"https:\/\/rotary.zamosc.pl\/index.php\/category\/2017\/\" rel=\"category tag\">2017<\/a>","rttpg_excerpt":"W przeddzie\u0144 \u015awi\u0119ta Niepodleg\u0142o\u015bci \u2013 kolega \u2013 by\u0142y cz\u0142onek naszego Klubu, przypomnia\u0142 nam o zasadach u\u017cywania barw narodowych i flagi pa\u0144stwowej. Jest wiele imprez i spotka\u0144, gdzie polska flaga jest u\u017cywana nieprawid\u0142owo. Umieszcza si\u0119 na niej r\u00f3\u017cnego rodzaju symbole. Patologiczne jest zaw\u0142aszczanie barw narodowych przez kiboli, dresiarzy, cz\u0142onk\u00f3w boj\u00f3wek ONR i PiS, sportowc\u00f3w owijaj\u0105cych si\u0119...","_links":{"self":[{"href":"https:\/\/rotary.zamosc.pl\/index.php\/wp-json\/wp\/v2\/posts\/6842","targetHints":{"allow":["GET"]}}],"collection":[{"href":"https:\/\/rotary.zamosc.pl\/index.php\/wp-json\/wp\/v2\/posts"}],"about":[{"href":"https:\/\/rotary.zamosc.pl\/index.php\/wp-json\/wp\/v2\/types\/post"}],"author":[{"embeddable":true,"href":"https:\/\/rotary.zamosc.pl\/index.php\/wp-json\/wp\/v2\/users\/1"}],"replies":[{"embeddable":true,"href":"https:\/\/rotary.zamosc.pl\/index.php\/wp-json\/wp\/v2\/comments?post=6842"}],"version-history":[{"count":1,"href":"https:\/\/rotary.zamosc.pl\/index.php\/wp-json\/wp\/v2\/posts\/6842\/revisions"}],"predecessor-version":[{"id":6843,"href":"https:\/\/rotary.zamosc.pl\/index.php\/wp-json\/wp\/v2\/posts\/6842\/revisions\/6843"}],"wp:featuredmedia":[{"embeddable":true,"href":"https:\/\/rotary.zamosc.pl\/index.php\/wp-json\/wp\/v2\/media\/6119"}],"wp:attachment":[{"href":"https:\/\/rotary.zamosc.pl\/index.php\/wp-json\/wp\/v2\/media?parent=6842"}],"wp:term":[{"taxonomy":"category","embeddable":true,"href":"https:\/\/rotary.zamosc.pl\/index.php\/wp-json\/wp\/v2\/categories?post=6842"},{"taxonomy":"post_tag","embeddable":true,"href":"https:\/\/rotary.zamosc.pl\/index.php\/wp-json\/wp\/v2\/tags?post=6842"}],"curies":[{"name":"wp","href":"https:\/\/api.w.org\/{rel}","templated":true}]}}