{"id":6844,"date":"2017-11-03T12:33:00","date_gmt":"2017-11-03T11:33:00","guid":{"rendered":"https:\/\/rotary.zamosc.pl\/?p=6844"},"modified":"2026-03-20T12:37:51","modified_gmt":"2026-03-20T11:37:51","slug":"03-11-2017-20-lecie-istnienia-towarzystwa-kultury-polskiej-pokucie","status":"publish","type":"post","link":"https:\/\/rotary.zamosc.pl\/index.php\/2017\/11\/03\/03-11-2017-20-lecie-istnienia-towarzystwa-kultury-polskiej-pokucie\/","title":{"rendered":"03.11.2017 \u2013 20 \u2013 lecie istnienia Towarzystwa Kultury Polskiej \u201e POKUCIE\u201d"},"content":{"rendered":"\n<p class=\"wp-block-paragraph\">03 listopada 2017r&nbsp; 8- osobowa grupa cz\u0142onk\u00f3w RC Zamo\u015b\u0107 uda\u0142a si\u0119 po raz kolejny do Ko\u0142omyi ( Ukraina ),aby sfinalizowa\u0107 zobowi\u0105zania dotycz\u0105ce polskiej sobotniej szko\u0142y (m.in.op\u0142acenie czynszu za wynajem budynku w kt\u00f3rym szko\u0142a si\u0119 mie\u015bci). Innym aspektem obliguj\u0105cym nas do wizyty by\u0142o 20 \u2013 lecie istnienia Towarzystwa Kultury Polskiej \u201e POKUCIE\u201d oraz \u2026urodziny P. Prezes Stowarzyszenia Stanis\u0142awy PATKOWSKIEJ \u2013KOLUSENKO. Nieod\u0142\u0105cznym elementem naszych spotka\u0144 w Ko\u0142omyi jest sk\u0142adanie wie\u0144c\u00f3w i palenie zniczy na Cmentarzu Polskim w Ko\u0142omyi oraz pod pomnikiem Adama Mickiewicza.<\/p>\n\n\n\n<p class=\"wp-block-paragraph\">Wi\u0119cej miejsca chcia\u0142bym po\u015bwi\u0119ci\u0107 wydarzeniu jakie mia\u0142o miejsce w drugim dniu naszej wizyty. Z inicjatywy P. Prezes znale\u017ali\u015bmy si\u0119 w m. PASIECZNA na uroczysto\u015bci ods\u0142oni\u0119cia pami\u0105tkowej tablicy po\u015bwi\u0119conej polskim legionistom walcz\u0105cym z rosyjskim zaborc\u0105 w Karpatach. Oto kr\u00f3tka historia walk naszych \u017co\u0142nierzy wchodz\u0105cych w sk\u0142ad&nbsp;&nbsp;&nbsp;&nbsp;&nbsp;&nbsp;&nbsp;&nbsp; II Brygady Legion\u00f3w zwan\u0105 \u201e\u017belazn\u0105\u201d:<\/p>\n\n\n\n<p class=\"wp-block-paragraph\">II Brygada Legion\u00f3w Polskich nazwana tez Karpack\u0105 od miejsca pierwszych walk zyska\u0142a te\u017c miano \u017belaznej Brygady jako wyraz szacunku dla jej warto\u015bci bojowej, utworzona zosta\u0142a formalnie w 1915 roku. Jej zal\u0105\u017ckiem by\u0142y oddzia\u0142y powsta\u0142e kilka miesi\u0119cy wcze\u015bniej: 2 i 3 pu\u0142k piechoty odpowiednio pod dow\u00f3dztwem p\u0142k Zygmunta Zieli\u0144skiego i pp\u0142k J\u00f3zefa Hallera. Do\u0142\u0105czy\u0142y do nich 2 szwadron kawalerii rtm Zbigniewa Dunin \u2013 W\u0105sowicza, 3 szwadron kawalerii rtm Jana Brzezi\u0144skiego oraz s\u0142u\u017cby pomocnicze. Oddzia\u0142y te w liczbie 9 tys. \u017co\u0142nierzy zosta\u0142y rzucone do komitatu marmgorskiego w celu wyparcia kozak\u00f3w, kt\u00f3rym uda\u0142o si\u0119 przedosta\u0107 przez prze\u0142\u0119cz Pantyrsk\u0105 do Kotliny Pano\u0144skiej. Mimo s\u0142abego uzbrojenia i wyszkolenia uda\u0142o si\u0119 pokona\u0107 silniejszego przeciwnika. Nast\u0119pnym zadaniem oddzia\u0142\u00f3w dowodzonych przez gen. Karola Durskiego \u2013 Trzask\u0119 by\u0142o sforsowanie Prze\u0142\u0119czy Rogadle Wielkie i oczyszczenie z Rosjan doliny Bystrzycy (teren Galicji). Aby ten cel osi\u0105gn\u0105\u0107 wybudowano z okr\u0105glak\u00f3w tzw. Drog\u0119 Legion\u00f3w \u2013 licz\u0105c\u0105 6 km drog\u0119 etapowa po zboczu o nachyleniu 15 stopni. 19 pa\u017adziernika legioni\u015bci przekroczyli prze\u0142\u0119cz i rozpocz\u0119li wyzwalanie Galicji. 23 pa\u017adziernika stoczyli ci\u0119\u017cki, 3 \u2013 godzinny b\u00f3j pod PASIECZN\u0104, zmuszaj\u0105c wroga do odwrotu. 29 pa\u017adziernika zako\u0144czyli ten etap ofensywy po przegranej bitwie pod Mo\u0142otkowem.<\/p>\n\n\n\n<p class=\"wp-block-paragraph\">Znajduj\u0105cych si\u0119 w Karpatach Wschodnich oddzia\u0142\u00f3w polskich nie mo\u017cna jeszcze nazywa\u0107&nbsp; II Brygad\u0105 Legion\u00f3w \u2013 ta formalnie zosta\u0142a utworzona na prze\u0142omie kwietnia i maja&nbsp;&nbsp;&nbsp;&nbsp;&nbsp;&nbsp;&nbsp;&nbsp; 1915 roku na Bukowinie. Jednak w\u015br\u00f3d Polak\u00f3w ju\u017c w\u00f3wczas uzyska\u0142a miano \u201eKarpackiej\u201d lub \u201e\u017belaznej\u201d Brygady mimo \u017ce takiej jednostki nie stanowi\u0142a.<\/p>\n\n\n\n<p class=\"wp-block-paragraph\">Dla tych poleg\u0142ych za nasza wolno\u015b\u0107 legionist\u00f3w zebrali\u015bmy si\u0119 pod pomnikiem uwie\u0144czonym \u017celaznym krzy\u017cem. Uroczysto\u015b\u0107 zorganizowana przez Oddzia\u0142 Telewizji POLONIA we Wroc\u0142awiu zgromadzi\u0142a polsk\u0105 m\u0142odzie\u017c z Wroc\u0142awia i okolic, harcerzy, cz\u0142onk\u00f3w Zwi\u0105zku \u201eSTRZELEC\u201d ze Lwowa, przedstawicieli ukrai\u0144skiej Polonii, osoby duchowne ( obecny by\u0142 biskup Leon Ma\u0142y z archidiecezji lwowskiej) oraz lokalne w\u0142adze ukrai\u0144skie. W\u015br\u00f3d wi\u0105zanek kwiat\u00f3w znalaz\u0142a si\u0119 r\u00f3wnie\u017c bia\u0142o \u2013 czerwona od cz\u0142onk\u00f3w RC Zamo\u015b\u0107.<\/p>\n\n\n\n<p class=\"wp-block-paragraph\">I mo\u017cna by\u0142oby w tym miejscu moj\u0105 relacj\u0119 zako\u0144czy\u0107. Ale nasuwa si\u0119 refleksja \u2013 czym jest&nbsp;&nbsp; i jak powinien wygl\u0105da\u0107 patriotyzm. Czy wyrazem mi\u0142o\u015bci do Ojczyzny jest \u015bpiewana przez polsk\u0105 dziewczynk\u0119 mieszkaj\u0105c\u0105 w Ko\u0142omyi patriotyczn\u0105 pie\u015b\u0144 b\u0119d\u0105ca hymnem legion\u00f3w czy kij bejsbolowy w bia\u0142o \u2013 czerwonych barwach ze znakiem Polski Walcz\u0105cej w r\u0119kach \u0142ysego osi\u0142ka?<\/p>\n\n\n\n<figure class=\"wp-block-gallery has-nested-images columns-1 is-cropped wp-block-gallery-1 is-layout-flex wp-block-gallery-is-layout-flex\">\n<figure class=\"wp-block-image size-large\"><img fetchpriority=\"high\" decoding=\"async\" width=\"700\" height=\"524\" data-id=\"6850\" src=\"https:\/\/rotary.zamosc.pl\/wp-content\/uploads\/2026\/03\/03.11.2017-\u2013-20-\u2013-lecie-istnienia-Towarzystwa-Kultury-Polskiej-\u201e-POKUCIE-6-700x524.jpg\" alt=\"\" class=\"wp-image-6850\" srcset=\"https:\/\/rotary.zamosc.pl\/wp-content\/uploads\/2026\/03\/03.11.2017-\u2013-20-\u2013-lecie-istnienia-Towarzystwa-Kultury-Polskiej-\u201e-POKUCIE-6-700x524.jpg 700w, https:\/\/rotary.zamosc.pl\/wp-content\/uploads\/2026\/03\/03.11.2017-\u2013-20-\u2013-lecie-istnienia-Towarzystwa-Kultury-Polskiej-\u201e-POKUCIE-6-300x224.jpg 300w, https:\/\/rotary.zamosc.pl\/wp-content\/uploads\/2026\/03\/03.11.2017-\u2013-20-\u2013-lecie-istnienia-Towarzystwa-Kultury-Polskiej-\u201e-POKUCIE-6-768x575.jpg 768w, https:\/\/rotary.zamosc.pl\/wp-content\/uploads\/2026\/03\/03.11.2017-\u2013-20-\u2013-lecie-istnienia-Towarzystwa-Kultury-Polskiej-\u201e-POKUCIE-6-800x598.jpg 800w, https:\/\/rotary.zamosc.pl\/wp-content\/uploads\/2026\/03\/03.11.2017-\u2013-20-\u2013-lecie-istnienia-Towarzystwa-Kultury-Polskiej-\u201e-POKUCIE-6-80x60.jpg 80w, https:\/\/rotary.zamosc.pl\/wp-content\/uploads\/2026\/03\/03.11.2017-\u2013-20-\u2013-lecie-istnienia-Towarzystwa-Kultury-Polskiej-\u201e-POKUCIE-6.jpg 1199w\" sizes=\"(max-width: 700px) 100vw, 700px\" \/><\/figure>\n\n\n\n<figure class=\"wp-block-image size-large\"><img decoding=\"async\" width=\"700\" height=\"526\" data-id=\"6847\" src=\"https:\/\/rotary.zamosc.pl\/wp-content\/uploads\/2026\/03\/03.11.2017-\u2013-20-\u2013-lecie-istnienia-Towarzystwa-Kultury-Polskiej-\u201e-POKUCIE-3-700x526.jpg\" alt=\"\" class=\"wp-image-6847\" srcset=\"https:\/\/rotary.zamosc.pl\/wp-content\/uploads\/2026\/03\/03.11.2017-\u2013-20-\u2013-lecie-istnienia-Towarzystwa-Kultury-Polskiej-\u201e-POKUCIE-3-700x526.jpg 700w, https:\/\/rotary.zamosc.pl\/wp-content\/uploads\/2026\/03\/03.11.2017-\u2013-20-\u2013-lecie-istnienia-Towarzystwa-Kultury-Polskiej-\u201e-POKUCIE-3-300x226.jpg 300w, https:\/\/rotary.zamosc.pl\/wp-content\/uploads\/2026\/03\/03.11.2017-\u2013-20-\u2013-lecie-istnienia-Towarzystwa-Kultury-Polskiej-\u201e-POKUCIE-3-768x577.jpg 768w, https:\/\/rotary.zamosc.pl\/wp-content\/uploads\/2026\/03\/03.11.2017-\u2013-20-\u2013-lecie-istnienia-Towarzystwa-Kultury-Polskiej-\u201e-POKUCIE-3-800x601.jpg 800w, https:\/\/rotary.zamosc.pl\/wp-content\/uploads\/2026\/03\/03.11.2017-\u2013-20-\u2013-lecie-istnienia-Towarzystwa-Kultury-Polskiej-\u201e-POKUCIE-3-80x60.jpg 80w, https:\/\/rotary.zamosc.pl\/wp-content\/uploads\/2026\/03\/03.11.2017-\u2013-20-\u2013-lecie-istnienia-Towarzystwa-Kultury-Polskiej-\u201e-POKUCIE-3.jpg 1200w\" sizes=\"(max-width: 700px) 100vw, 700px\" \/><\/figure>\n\n\n\n<figure class=\"wp-block-image size-large\"><img decoding=\"async\" width=\"700\" height=\"467\" data-id=\"6846\" src=\"https:\/\/rotary.zamosc.pl\/wp-content\/uploads\/2026\/03\/03.11.2017-\u2013-20-\u2013-lecie-istnienia-Towarzystwa-Kultury-Polskiej-\u201e-POKUCIE-2-700x467.jpg\" alt=\"\" class=\"wp-image-6846\" srcset=\"https:\/\/rotary.zamosc.pl\/wp-content\/uploads\/2026\/03\/03.11.2017-\u2013-20-\u2013-lecie-istnienia-Towarzystwa-Kultury-Polskiej-\u201e-POKUCIE-2-700x467.jpg 700w, https:\/\/rotary.zamosc.pl\/wp-content\/uploads\/2026\/03\/03.11.2017-\u2013-20-\u2013-lecie-istnienia-Towarzystwa-Kultury-Polskiej-\u201e-POKUCIE-2-300x200.jpg 300w, https:\/\/rotary.zamosc.pl\/wp-content\/uploads\/2026\/03\/03.11.2017-\u2013-20-\u2013-lecie-istnienia-Towarzystwa-Kultury-Polskiej-\u201e-POKUCIE-2-768x512.jpg 768w, https:\/\/rotary.zamosc.pl\/wp-content\/uploads\/2026\/03\/03.11.2017-\u2013-20-\u2013-lecie-istnienia-Towarzystwa-Kultury-Polskiej-\u201e-POKUCIE-2-800x533.jpg 800w, https:\/\/rotary.zamosc.pl\/wp-content\/uploads\/2026\/03\/03.11.2017-\u2013-20-\u2013-lecie-istnienia-Towarzystwa-Kultury-Polskiej-\u201e-POKUCIE-2-272x182.jpg 272w, https:\/\/rotary.zamosc.pl\/wp-content\/uploads\/2026\/03\/03.11.2017-\u2013-20-\u2013-lecie-istnienia-Towarzystwa-Kultury-Polskiej-\u201e-POKUCIE-2.jpg 1200w\" sizes=\"(max-width: 700px) 100vw, 700px\" \/><\/figure>\n\n\n\n<figure class=\"wp-block-image size-large\"><img loading=\"lazy\" decoding=\"async\" width=\"700\" height=\"493\" data-id=\"6845\" src=\"https:\/\/rotary.zamosc.pl\/wp-content\/uploads\/2026\/03\/03.11.2017-\u2013-20-\u2013-lecie-istnienia-Towarzystwa-Kultury-Polskiej-\u201e-POKUCIE-1-700x493.jpg\" alt=\"\" class=\"wp-image-6845\" srcset=\"https:\/\/rotary.zamosc.pl\/wp-content\/uploads\/2026\/03\/03.11.2017-\u2013-20-\u2013-lecie-istnienia-Towarzystwa-Kultury-Polskiej-\u201e-POKUCIE-1-700x493.jpg 700w, https:\/\/rotary.zamosc.pl\/wp-content\/uploads\/2026\/03\/03.11.2017-\u2013-20-\u2013-lecie-istnienia-Towarzystwa-Kultury-Polskiej-\u201e-POKUCIE-1-300x211.jpg 300w, https:\/\/rotary.zamosc.pl\/wp-content\/uploads\/2026\/03\/03.11.2017-\u2013-20-\u2013-lecie-istnienia-Towarzystwa-Kultury-Polskiej-\u201e-POKUCIE-1-768x541.jpg 768w, https:\/\/rotary.zamosc.pl\/wp-content\/uploads\/2026\/03\/03.11.2017-\u2013-20-\u2013-lecie-istnienia-Towarzystwa-Kultury-Polskiej-\u201e-POKUCIE-1-800x563.jpg 800w, https:\/\/rotary.zamosc.pl\/wp-content\/uploads\/2026\/03\/03.11.2017-\u2013-20-\u2013-lecie-istnienia-Towarzystwa-Kultury-Polskiej-\u201e-POKUCIE-1.jpg 1200w\" sizes=\"(max-width: 700px) 100vw, 700px\" \/><\/figure>\n<\/figure>\n","protected":false},"excerpt":{"rendered":"<p>03 listopada 2017r&nbsp; 8- osobowa grupa cz\u0142onk\u00f3w RC Zamo\u015b\u0107 uda\u0142a si\u0119 po raz kolejny do Ko\u0142omyi ( Ukraina ),aby sfinalizowa\u0107 zobowi\u0105zania dotycz\u0105ce polskiej sobotniej szko\u0142y (m.in.op\u0142acenie czynszu za wynajem budynku w kt\u00f3rym szko\u0142a si\u0119 mie\u015bci). Innym aspektem obliguj\u0105cym nas do wizyty by\u0142o 20 \u2013 lecie istnienia Towarzystwa Kultury Polskiej \u201e POKUCIE\u201d oraz \u2026urodziny P. Prezes&#8230;<\/p>\n","protected":false},"author":1,"featured_media":6849,"comment_status":"open","ping_status":"open","sticky":false,"template":"","format":"standard","meta":{"footnotes":""},"categories":[25],"tags":[],"class_list":["post-6844","post","type-post","status-publish","format-standard","has-post-thumbnail","hentry","category-25"],"rttpg_featured_image_url":{"full":["https:\/\/rotary.zamosc.pl\/wp-content\/uploads\/2026\/03\/03.11.2017-\u2013-20-\u2013-lecie-istnienia-Towarzystwa-Kultury-Polskiej-\u201e-POKUCIE-5.jpg",1200,800,false],"landscape":["https:\/\/rotary.zamosc.pl\/wp-content\/uploads\/2026\/03\/03.11.2017-\u2013-20-\u2013-lecie-istnienia-Towarzystwa-Kultury-Polskiej-\u201e-POKUCIE-5.jpg",1200,800,false],"portraits":["https:\/\/rotary.zamosc.pl\/wp-content\/uploads\/2026\/03\/03.11.2017-\u2013-20-\u2013-lecie-istnienia-Towarzystwa-Kultury-Polskiej-\u201e-POKUCIE-5.jpg",1200,800,false],"thumbnail":["https:\/\/rotary.zamosc.pl\/wp-content\/uploads\/2026\/03\/03.11.2017-\u2013-20-\u2013-lecie-istnienia-Towarzystwa-Kultury-Polskiej-\u201e-POKUCIE-5-150x150.jpg",150,150,true],"medium":["https:\/\/rotary.zamosc.pl\/wp-content\/uploads\/2026\/03\/03.11.2017-\u2013-20-\u2013-lecie-istnienia-Towarzystwa-Kultury-Polskiej-\u201e-POKUCIE-5-300x200.jpg",300,200,true],"large":["https:\/\/rotary.zamosc.pl\/wp-content\/uploads\/2026\/03\/03.11.2017-\u2013-20-\u2013-lecie-istnienia-Towarzystwa-Kultury-Polskiej-\u201e-POKUCIE-5-700x467.jpg",700,467,true],"1536x1536":["https:\/\/rotary.zamosc.pl\/wp-content\/uploads\/2026\/03\/03.11.2017-\u2013-20-\u2013-lecie-istnienia-Towarzystwa-Kultury-Polskiej-\u201e-POKUCIE-5.jpg",1200,800,false],"2048x2048":["https:\/\/rotary.zamosc.pl\/wp-content\/uploads\/2026\/03\/03.11.2017-\u2013-20-\u2013-lecie-istnienia-Towarzystwa-Kultury-Polskiej-\u201e-POKUCIE-5.jpg",1200,800,false],"post-thumbnail":["https:\/\/rotary.zamosc.pl\/wp-content\/uploads\/2026\/03\/03.11.2017-\u2013-20-\u2013-lecie-istnienia-Towarzystwa-Kultury-Polskiej-\u201e-POKUCIE-5-800x533.jpg",800,533,true],"graphy-post-thumbnail-large":["https:\/\/rotary.zamosc.pl\/wp-content\/uploads\/2026\/03\/03.11.2017-\u2013-20-\u2013-lecie-istnienia-Towarzystwa-Kultury-Polskiej-\u201e-POKUCIE-5-1080x600.jpg",1080,600,true],"graphy-post-thumbnail-medium":["https:\/\/rotary.zamosc.pl\/wp-content\/uploads\/2026\/03\/03.11.2017-\u2013-20-\u2013-lecie-istnienia-Towarzystwa-Kultury-Polskiej-\u201e-POKUCIE-5-482x300.jpg",482,300,true],"graphy-post-thumbnail-small":["https:\/\/rotary.zamosc.pl\/wp-content\/uploads\/2026\/03\/03.11.2017-\u2013-20-\u2013-lecie-istnienia-Towarzystwa-Kultury-Polskiej-\u201e-POKUCIE-5-80x60.jpg",80,60,true],"graphy-page-thumbnail":["https:\/\/rotary.zamosc.pl\/wp-content\/uploads\/2026\/03\/03.11.2017-\u2013-20-\u2013-lecie-istnienia-Towarzystwa-Kultury-Polskiej-\u201e-POKUCIE-5-1200x350.jpg",1200,350,true],"sow-carousel-default":["https:\/\/rotary.zamosc.pl\/wp-content\/uploads\/2026\/03\/03.11.2017-\u2013-20-\u2013-lecie-istnienia-Towarzystwa-Kultury-Polskiej-\u201e-POKUCIE-5-272x182.jpg",272,182,true]},"rttpg_author":{"display_name":"rotaryzamosc","author_link":"https:\/\/rotary.zamosc.pl\/index.php\/author\/rotaryzamosc\/"},"rttpg_comment":0,"rttpg_category":"<a href=\"https:\/\/rotary.zamosc.pl\/index.php\/category\/2017\/\" rel=\"category tag\">2017<\/a>","rttpg_excerpt":"03 listopada 2017r&nbsp; 8- osobowa grupa cz\u0142onk\u00f3w RC Zamo\u015b\u0107 uda\u0142a si\u0119 po raz kolejny do Ko\u0142omyi ( Ukraina ),aby sfinalizowa\u0107 zobowi\u0105zania dotycz\u0105ce polskiej sobotniej szko\u0142y (m.in.op\u0142acenie czynszu za wynajem budynku w kt\u00f3rym szko\u0142a si\u0119 mie\u015bci). Innym aspektem obliguj\u0105cym nas do wizyty by\u0142o 20 \u2013 lecie istnienia Towarzystwa Kultury Polskiej \u201e POKUCIE\u201d oraz \u2026urodziny P. Prezes...","_links":{"self":[{"href":"https:\/\/rotary.zamosc.pl\/index.php\/wp-json\/wp\/v2\/posts\/6844","targetHints":{"allow":["GET"]}}],"collection":[{"href":"https:\/\/rotary.zamosc.pl\/index.php\/wp-json\/wp\/v2\/posts"}],"about":[{"href":"https:\/\/rotary.zamosc.pl\/index.php\/wp-json\/wp\/v2\/types\/post"}],"author":[{"embeddable":true,"href":"https:\/\/rotary.zamosc.pl\/index.php\/wp-json\/wp\/v2\/users\/1"}],"replies":[{"embeddable":true,"href":"https:\/\/rotary.zamosc.pl\/index.php\/wp-json\/wp\/v2\/comments?post=6844"}],"version-history":[{"count":1,"href":"https:\/\/rotary.zamosc.pl\/index.php\/wp-json\/wp\/v2\/posts\/6844\/revisions"}],"predecessor-version":[{"id":6851,"href":"https:\/\/rotary.zamosc.pl\/index.php\/wp-json\/wp\/v2\/posts\/6844\/revisions\/6851"}],"wp:featuredmedia":[{"embeddable":true,"href":"https:\/\/rotary.zamosc.pl\/index.php\/wp-json\/wp\/v2\/media\/6849"}],"wp:attachment":[{"href":"https:\/\/rotary.zamosc.pl\/index.php\/wp-json\/wp\/v2\/media?parent=6844"}],"wp:term":[{"taxonomy":"category","embeddable":true,"href":"https:\/\/rotary.zamosc.pl\/index.php\/wp-json\/wp\/v2\/categories?post=6844"},{"taxonomy":"post_tag","embeddable":true,"href":"https:\/\/rotary.zamosc.pl\/index.php\/wp-json\/wp\/v2\/tags?post=6844"}],"curies":[{"name":"wp","href":"https:\/\/api.w.org\/{rel}","templated":true}]}}