{"id":6856,"date":"2017-10-04T12:41:00","date_gmt":"2017-10-04T10:41:00","guid":{"rendered":"https:\/\/rotary.zamosc.pl\/?p=6856"},"modified":"2026-03-20T12:45:02","modified_gmt":"2026-03-20T11:45:02","slug":"4-10-2017-spotkanie-rc-janow-lubelski-z-rc-zamosc","status":"publish","type":"post","link":"https:\/\/rotary.zamosc.pl\/index.php\/2017\/10\/04\/4-10-2017-spotkanie-rc-janow-lubelski-z-rc-zamosc\/","title":{"rendered":"4.10.2017 \u2013 Spotkanie RC Jan\u00f3w Lubelski z RC Zamo\u015b\u0107"},"content":{"rendered":"\n<p class=\"wp-block-paragraph\">4 pa\u017adziernika br. w Janowie Lubelskim odby\u0142o si\u0119 wsp\u00f3lne spotkanie cz\u0142onk\u00f3w RC Jan\u00f3w Lubelski i RC Zamo\u015b\u0107, po\u0142\u0105czone ze zwiedzaniem Muzeum Fotograficznego, jedynego w swoim rodzaju prywatnego zbioru sprz\u0119tu fotograficznego i fotogram\u00f3w, kt\u00f3rego w\u0142a\u015bcicielem jest nasz kolega Antoni Florczak, Prezydent RC Jan\u00f3w Lubelski.<\/p>\n\n\n\n<p class=\"wp-block-paragraph\">Korzystaj\u0105c z okazji Prezydent RC Zamo\u015b\u0107 Henryk Gajewski wr\u0119czy\u0142 koledze Leszkowi Abramkowi z RC Jan\u00f3w Lubelski, puchar i dyplom za zdobycie II miejsca na zawodach strzeleckich o Puchar Gubernatora D2231, kt\u00f3rych wcze\u015bniej z przyczyn technicznych nie m\u00f3g\u0142 odebra\u0107 osobi\u015bcie. W trakcie spotkania otrzymali\u015bmy zaproszenia na wigili\u0119 rotaria\u0144sk\u0105 15.12.2017 r. i bal noworoczny w dniu 10.02.2018 r. organizowany przez klub janowski.<\/p>\n\n\n\n<p class=\"wp-block-paragraph\">Ze swej strony przekazali\u015bmy zaproszenie na imprezy organizowane przez nasz klub w najbli\u017cszym czasie \u2013 Bal Andrzejkowy 25 listopada 2017r. oraz kulig rotaria\u0144ski, kt\u00f3ry odb\u0119dzie si\u0119 na prze\u0142omie stycznia i lutego 2018 roku. &nbsp;Idea spotka\u0144 integracyjnych Klub\u00f3w Rotary wydaje si\u0119 by\u0107 godna polecenia \u2013 korzystamy ze wsp\u00f3lnych do\u015bwiadcze\u0144, istnieje mo\u017cliwo\u015b\u0107 zaplanowania kolejnych przedsi\u0119wzi\u0119\u0107, nawi\u0105zywane s\u0105 znajomo\u015bci i przyja\u017anie. Liczymy \u017ce w ramach rewizyty wkr\u00f3tce spotkamy si\u0119 w Zamo\u015bciu.<\/p>\n\n\n\n<figure class=\"wp-block-gallery has-nested-images columns-1 is-cropped wp-block-gallery-1 is-layout-flex wp-block-gallery-is-layout-flex\">\n<figure class=\"wp-block-image size-large\"><img fetchpriority=\"high\" decoding=\"async\" width=\"700\" height=\"466\" data-id=\"6865\" src=\"https:\/\/rotary.zamosc.pl\/wp-content\/uploads\/2017\/10\/4.10.2017-\u2013-Spotkanie-RC-Janow-Lubelski-z-RC-Zamosc-5-700x466.jpg\" alt=\"\" class=\"wp-image-6865\" srcset=\"https:\/\/rotary.zamosc.pl\/wp-content\/uploads\/2017\/10\/4.10.2017-\u2013-Spotkanie-RC-Janow-Lubelski-z-RC-Zamosc-5-700x466.jpg 700w, https:\/\/rotary.zamosc.pl\/wp-content\/uploads\/2017\/10\/4.10.2017-\u2013-Spotkanie-RC-Janow-Lubelski-z-RC-Zamosc-5-300x200.jpg 300w, https:\/\/rotary.zamosc.pl\/wp-content\/uploads\/2017\/10\/4.10.2017-\u2013-Spotkanie-RC-Janow-Lubelski-z-RC-Zamosc-5-768x511.jpg 768w, https:\/\/rotary.zamosc.pl\/wp-content\/uploads\/2017\/10\/4.10.2017-\u2013-Spotkanie-RC-Janow-Lubelski-z-RC-Zamosc-5-800x533.jpg 800w, https:\/\/rotary.zamosc.pl\/wp-content\/uploads\/2017\/10\/4.10.2017-\u2013-Spotkanie-RC-Janow-Lubelski-z-RC-Zamosc-5-272x182.jpg 272w, https:\/\/rotary.zamosc.pl\/wp-content\/uploads\/2017\/10\/4.10.2017-\u2013-Spotkanie-RC-Janow-Lubelski-z-RC-Zamosc-5.jpg 1200w\" sizes=\"(max-width: 700px) 100vw, 700px\" \/><\/figure>\n\n\n\n<figure class=\"wp-block-image size-large\"><img decoding=\"async\" width=\"700\" height=\"963\" data-id=\"6863\" src=\"https:\/\/rotary.zamosc.pl\/wp-content\/uploads\/2017\/10\/4.10.2017-\u2013-Spotkanie-RC-Janow-Lubelski-z-RC-Zamosc-3-700x963.jpg\" alt=\"\" class=\"wp-image-6863\" srcset=\"https:\/\/rotary.zamosc.pl\/wp-content\/uploads\/2017\/10\/4.10.2017-\u2013-Spotkanie-RC-Janow-Lubelski-z-RC-Zamosc-3-700x963.jpg 700w, https:\/\/rotary.zamosc.pl\/wp-content\/uploads\/2017\/10\/4.10.2017-\u2013-Spotkanie-RC-Janow-Lubelski-z-RC-Zamosc-3-218x300.jpg 218w, https:\/\/rotary.zamosc.pl\/wp-content\/uploads\/2017\/10\/4.10.2017-\u2013-Spotkanie-RC-Janow-Lubelski-z-RC-Zamosc-3-768x1057.jpg 768w, https:\/\/rotary.zamosc.pl\/wp-content\/uploads\/2017\/10\/4.10.2017-\u2013-Spotkanie-RC-Janow-Lubelski-z-RC-Zamosc-3-800x1101.jpg 800w, https:\/\/rotary.zamosc.pl\/wp-content\/uploads\/2017\/10\/4.10.2017-\u2013-Spotkanie-RC-Janow-Lubelski-z-RC-Zamosc-3.jpg 872w\" sizes=\"(max-width: 700px) 100vw, 700px\" \/><\/figure>\n\n\n\n<figure class=\"wp-block-image size-large\"><img decoding=\"async\" width=\"700\" height=\"466\" data-id=\"6862\" src=\"https:\/\/rotary.zamosc.pl\/wp-content\/uploads\/2017\/10\/4.10.2017-\u2013-Spotkanie-RC-Janow-Lubelski-z-RC-Zamosc-2-700x466.jpg\" alt=\"\" class=\"wp-image-6862\" srcset=\"https:\/\/rotary.zamosc.pl\/wp-content\/uploads\/2017\/10\/4.10.2017-\u2013-Spotkanie-RC-Janow-Lubelski-z-RC-Zamosc-2-700x466.jpg 700w, https:\/\/rotary.zamosc.pl\/wp-content\/uploads\/2017\/10\/4.10.2017-\u2013-Spotkanie-RC-Janow-Lubelski-z-RC-Zamosc-2-300x200.jpg 300w, https:\/\/rotary.zamosc.pl\/wp-content\/uploads\/2017\/10\/4.10.2017-\u2013-Spotkanie-RC-Janow-Lubelski-z-RC-Zamosc-2-768x511.jpg 768w, https:\/\/rotary.zamosc.pl\/wp-content\/uploads\/2017\/10\/4.10.2017-\u2013-Spotkanie-RC-Janow-Lubelski-z-RC-Zamosc-2-800x533.jpg 800w, https:\/\/rotary.zamosc.pl\/wp-content\/uploads\/2017\/10\/4.10.2017-\u2013-Spotkanie-RC-Janow-Lubelski-z-RC-Zamosc-2-272x182.jpg 272w, https:\/\/rotary.zamosc.pl\/wp-content\/uploads\/2017\/10\/4.10.2017-\u2013-Spotkanie-RC-Janow-Lubelski-z-RC-Zamosc-2.jpg 1200w\" sizes=\"(max-width: 700px) 100vw, 700px\" \/><\/figure>\n\n\n\n<figure class=\"wp-block-image size-large\"><img loading=\"lazy\" decoding=\"async\" width=\"700\" height=\"466\" data-id=\"6861\" src=\"https:\/\/rotary.zamosc.pl\/wp-content\/uploads\/2017\/10\/4.10.2017-\u2013-Spotkanie-RC-Janow-Lubelski-z-RC-Zamosc-1-700x466.jpg\" alt=\"\" class=\"wp-image-6861\" srcset=\"https:\/\/rotary.zamosc.pl\/wp-content\/uploads\/2017\/10\/4.10.2017-\u2013-Spotkanie-RC-Janow-Lubelski-z-RC-Zamosc-1-700x466.jpg 700w, https:\/\/rotary.zamosc.pl\/wp-content\/uploads\/2017\/10\/4.10.2017-\u2013-Spotkanie-RC-Janow-Lubelski-z-RC-Zamosc-1-300x200.jpg 300w, https:\/\/rotary.zamosc.pl\/wp-content\/uploads\/2017\/10\/4.10.2017-\u2013-Spotkanie-RC-Janow-Lubelski-z-RC-Zamosc-1-768x511.jpg 768w, https:\/\/rotary.zamosc.pl\/wp-content\/uploads\/2017\/10\/4.10.2017-\u2013-Spotkanie-RC-Janow-Lubelski-z-RC-Zamosc-1-800x533.jpg 800w, https:\/\/rotary.zamosc.pl\/wp-content\/uploads\/2017\/10\/4.10.2017-\u2013-Spotkanie-RC-Janow-Lubelski-z-RC-Zamosc-1-272x182.jpg 272w, https:\/\/rotary.zamosc.pl\/wp-content\/uploads\/2017\/10\/4.10.2017-\u2013-Spotkanie-RC-Janow-Lubelski-z-RC-Zamosc-1.jpg 1200w\" sizes=\"(max-width: 700px) 100vw, 700px\" \/><\/figure>\n\n\n\n<figure class=\"wp-block-image size-large\"><img loading=\"lazy\" decoding=\"async\" width=\"700\" height=\"963\" data-id=\"6860\" src=\"https:\/\/rotary.zamosc.pl\/wp-content\/uploads\/2017\/10\/4.10.2017-\u2013-Spotkanie-RC-Janow-Lubelski-z-RC-Zamosc-8-700x963.jpg\" alt=\"\" class=\"wp-image-6860\" srcset=\"https:\/\/rotary.zamosc.pl\/wp-content\/uploads\/2017\/10\/4.10.2017-\u2013-Spotkanie-RC-Janow-Lubelski-z-RC-Zamosc-8-700x963.jpg 700w, https:\/\/rotary.zamosc.pl\/wp-content\/uploads\/2017\/10\/4.10.2017-\u2013-Spotkanie-RC-Janow-Lubelski-z-RC-Zamosc-8-218x300.jpg 218w, https:\/\/rotary.zamosc.pl\/wp-content\/uploads\/2017\/10\/4.10.2017-\u2013-Spotkanie-RC-Janow-Lubelski-z-RC-Zamosc-8-768x1057.jpg 768w, https:\/\/rotary.zamosc.pl\/wp-content\/uploads\/2017\/10\/4.10.2017-\u2013-Spotkanie-RC-Janow-Lubelski-z-RC-Zamosc-8-800x1101.jpg 800w, https:\/\/rotary.zamosc.pl\/wp-content\/uploads\/2017\/10\/4.10.2017-\u2013-Spotkanie-RC-Janow-Lubelski-z-RC-Zamosc-8.jpg 872w\" sizes=\"(max-width: 700px) 100vw, 700px\" \/><\/figure>\n\n\n\n<figure class=\"wp-block-image size-large\"><img loading=\"lazy\" decoding=\"async\" width=\"700\" height=\"466\" data-id=\"6859\" src=\"https:\/\/rotary.zamosc.pl\/wp-content\/uploads\/2017\/10\/4.10.2017-\u2013-Spotkanie-RC-Janow-Lubelski-z-RC-Zamosc-7-700x466.jpg\" alt=\"\" class=\"wp-image-6859\" srcset=\"https:\/\/rotary.zamosc.pl\/wp-content\/uploads\/2017\/10\/4.10.2017-\u2013-Spotkanie-RC-Janow-Lubelski-z-RC-Zamosc-7-700x466.jpg 700w, https:\/\/rotary.zamosc.pl\/wp-content\/uploads\/2017\/10\/4.10.2017-\u2013-Spotkanie-RC-Janow-Lubelski-z-RC-Zamosc-7-300x200.jpg 300w, https:\/\/rotary.zamosc.pl\/wp-content\/uploads\/2017\/10\/4.10.2017-\u2013-Spotkanie-RC-Janow-Lubelski-z-RC-Zamosc-7-768x511.jpg 768w, https:\/\/rotary.zamosc.pl\/wp-content\/uploads\/2017\/10\/4.10.2017-\u2013-Spotkanie-RC-Janow-Lubelski-z-RC-Zamosc-7-800x533.jpg 800w, https:\/\/rotary.zamosc.pl\/wp-content\/uploads\/2017\/10\/4.10.2017-\u2013-Spotkanie-RC-Janow-Lubelski-z-RC-Zamosc-7-272x182.jpg 272w, https:\/\/rotary.zamosc.pl\/wp-content\/uploads\/2017\/10\/4.10.2017-\u2013-Spotkanie-RC-Janow-Lubelski-z-RC-Zamosc-7.jpg 1200w\" sizes=\"(max-width: 700px) 100vw, 700px\" \/><\/figure>\n\n\n\n<figure class=\"wp-block-image size-large\"><img loading=\"lazy\" decoding=\"async\" width=\"700\" height=\"963\" data-id=\"6858\" src=\"https:\/\/rotary.zamosc.pl\/wp-content\/uploads\/2017\/10\/4.10.2017-\u2013-Spotkanie-RC-Janow-Lubelski-z-RC-Zamosc-6-700x963.jpg\" alt=\"\" class=\"wp-image-6858\" srcset=\"https:\/\/rotary.zamosc.pl\/wp-content\/uploads\/2017\/10\/4.10.2017-\u2013-Spotkanie-RC-Janow-Lubelski-z-RC-Zamosc-6-700x963.jpg 700w, https:\/\/rotary.zamosc.pl\/wp-content\/uploads\/2017\/10\/4.10.2017-\u2013-Spotkanie-RC-Janow-Lubelski-z-RC-Zamosc-6-218x300.jpg 218w, https:\/\/rotary.zamosc.pl\/wp-content\/uploads\/2017\/10\/4.10.2017-\u2013-Spotkanie-RC-Janow-Lubelski-z-RC-Zamosc-6-768x1057.jpg 768w, https:\/\/rotary.zamosc.pl\/wp-content\/uploads\/2017\/10\/4.10.2017-\u2013-Spotkanie-RC-Janow-Lubelski-z-RC-Zamosc-6-800x1101.jpg 800w, https:\/\/rotary.zamosc.pl\/wp-content\/uploads\/2017\/10\/4.10.2017-\u2013-Spotkanie-RC-Janow-Lubelski-z-RC-Zamosc-6.jpg 872w\" sizes=\"(max-width: 700px) 100vw, 700px\" \/><\/figure>\n<\/figure>\n","protected":false},"excerpt":{"rendered":"<p>4 pa\u017adziernika br. w Janowie Lubelskim odby\u0142o si\u0119 wsp\u00f3lne spotkanie cz\u0142onk\u00f3w RC Jan\u00f3w Lubelski i RC Zamo\u015b\u0107, po\u0142\u0105czone ze zwiedzaniem Muzeum Fotograficznego, jedynego w swoim rodzaju prywatnego zbioru sprz\u0119tu fotograficznego i fotogram\u00f3w, kt\u00f3rego w\u0142a\u015bcicielem jest nasz kolega Antoni Florczak, Prezydent RC Jan\u00f3w Lubelski. Korzystaj\u0105c z okazji Prezydent RC Zamo\u015b\u0107 Henryk Gajewski wr\u0119czy\u0142 koledze Leszkowi Abramkowi&#8230;<\/p>\n","protected":false},"author":1,"featured_media":6864,"comment_status":"open","ping_status":"open","sticky":false,"template":"","format":"standard","meta":{"footnotes":""},"categories":[25],"tags":[],"class_list":["post-6856","post","type-post","status-publish","format-standard","has-post-thumbnail","hentry","category-25"],"rttpg_featured_image_url":{"full":["https:\/\/rotary.zamosc.pl\/wp-content\/uploads\/2017\/10\/4.10.2017-\u2013-Spotkanie-RC-Janow-Lubelski-z-RC-Zamosc-4.jpg",1200,799,false],"landscape":["https:\/\/rotary.zamosc.pl\/wp-content\/uploads\/2017\/10\/4.10.2017-\u2013-Spotkanie-RC-Janow-Lubelski-z-RC-Zamosc-4.jpg",1200,799,false],"portraits":["https:\/\/rotary.zamosc.pl\/wp-content\/uploads\/2017\/10\/4.10.2017-\u2013-Spotkanie-RC-Janow-Lubelski-z-RC-Zamosc-4.jpg",1200,799,false],"thumbnail":["https:\/\/rotary.zamosc.pl\/wp-content\/uploads\/2017\/10\/4.10.2017-\u2013-Spotkanie-RC-Janow-Lubelski-z-RC-Zamosc-4-150x150.jpg",150,150,true],"medium":["https:\/\/rotary.zamosc.pl\/wp-content\/uploads\/2017\/10\/4.10.2017-\u2013-Spotkanie-RC-Janow-Lubelski-z-RC-Zamosc-4-300x200.jpg",300,200,true],"large":["https:\/\/rotary.zamosc.pl\/wp-content\/uploads\/2017\/10\/4.10.2017-\u2013-Spotkanie-RC-Janow-Lubelski-z-RC-Zamosc-4-700x466.jpg",700,466,true],"1536x1536":["https:\/\/rotary.zamosc.pl\/wp-content\/uploads\/2017\/10\/4.10.2017-\u2013-Spotkanie-RC-Janow-Lubelski-z-RC-Zamosc-4.jpg",1200,799,false],"2048x2048":["https:\/\/rotary.zamosc.pl\/wp-content\/uploads\/2017\/10\/4.10.2017-\u2013-Spotkanie-RC-Janow-Lubelski-z-RC-Zamosc-4.jpg",1200,799,false],"post-thumbnail":["https:\/\/rotary.zamosc.pl\/wp-content\/uploads\/2017\/10\/4.10.2017-\u2013-Spotkanie-RC-Janow-Lubelski-z-RC-Zamosc-4-800x533.jpg",800,533,true],"graphy-post-thumbnail-large":["https:\/\/rotary.zamosc.pl\/wp-content\/uploads\/2017\/10\/4.10.2017-\u2013-Spotkanie-RC-Janow-Lubelski-z-RC-Zamosc-4-1080x600.jpg",1080,600,true],"graphy-post-thumbnail-medium":["https:\/\/rotary.zamosc.pl\/wp-content\/uploads\/2017\/10\/4.10.2017-\u2013-Spotkanie-RC-Janow-Lubelski-z-RC-Zamosc-4-482x300.jpg",482,300,true],"graphy-post-thumbnail-small":["https:\/\/rotary.zamosc.pl\/wp-content\/uploads\/2017\/10\/4.10.2017-\u2013-Spotkanie-RC-Janow-Lubelski-z-RC-Zamosc-4-80x60.jpg",80,60,true],"graphy-page-thumbnail":["https:\/\/rotary.zamosc.pl\/wp-content\/uploads\/2017\/10\/4.10.2017-\u2013-Spotkanie-RC-Janow-Lubelski-z-RC-Zamosc-4-1200x350.jpg",1200,350,true],"sow-carousel-default":["https:\/\/rotary.zamosc.pl\/wp-content\/uploads\/2017\/10\/4.10.2017-\u2013-Spotkanie-RC-Janow-Lubelski-z-RC-Zamosc-4-272x182.jpg",272,182,true]},"rttpg_author":{"display_name":"rotaryzamosc","author_link":"https:\/\/rotary.zamosc.pl\/index.php\/author\/rotaryzamosc\/"},"rttpg_comment":0,"rttpg_category":"<a href=\"https:\/\/rotary.zamosc.pl\/index.php\/category\/2017\/\" rel=\"category tag\">2017<\/a>","rttpg_excerpt":"4 pa\u017adziernika br. w Janowie Lubelskim odby\u0142o si\u0119 wsp\u00f3lne spotkanie cz\u0142onk\u00f3w RC Jan\u00f3w Lubelski i RC Zamo\u015b\u0107, po\u0142\u0105czone ze zwiedzaniem Muzeum Fotograficznego, jedynego w swoim rodzaju prywatnego zbioru sprz\u0119tu fotograficznego i fotogram\u00f3w, kt\u00f3rego w\u0142a\u015bcicielem jest nasz kolega Antoni Florczak, Prezydent RC Jan\u00f3w Lubelski. Korzystaj\u0105c z okazji Prezydent RC Zamo\u015b\u0107 Henryk Gajewski wr\u0119czy\u0142 koledze Leszkowi Abramkowi...","_links":{"self":[{"href":"https:\/\/rotary.zamosc.pl\/index.php\/wp-json\/wp\/v2\/posts\/6856","targetHints":{"allow":["GET"]}}],"collection":[{"href":"https:\/\/rotary.zamosc.pl\/index.php\/wp-json\/wp\/v2\/posts"}],"about":[{"href":"https:\/\/rotary.zamosc.pl\/index.php\/wp-json\/wp\/v2\/types\/post"}],"author":[{"embeddable":true,"href":"https:\/\/rotary.zamosc.pl\/index.php\/wp-json\/wp\/v2\/users\/1"}],"replies":[{"embeddable":true,"href":"https:\/\/rotary.zamosc.pl\/index.php\/wp-json\/wp\/v2\/comments?post=6856"}],"version-history":[{"count":3,"href":"https:\/\/rotary.zamosc.pl\/index.php\/wp-json\/wp\/v2\/posts\/6856\/revisions"}],"predecessor-version":[{"id":6867,"href":"https:\/\/rotary.zamosc.pl\/index.php\/wp-json\/wp\/v2\/posts\/6856\/revisions\/6867"}],"wp:featuredmedia":[{"embeddable":true,"href":"https:\/\/rotary.zamosc.pl\/index.php\/wp-json\/wp\/v2\/media\/6864"}],"wp:attachment":[{"href":"https:\/\/rotary.zamosc.pl\/index.php\/wp-json\/wp\/v2\/media?parent=6856"}],"wp:term":[{"taxonomy":"category","embeddable":true,"href":"https:\/\/rotary.zamosc.pl\/index.php\/wp-json\/wp\/v2\/categories?post=6856"},{"taxonomy":"post_tag","embeddable":true,"href":"https:\/\/rotary.zamosc.pl\/index.php\/wp-json\/wp\/v2\/tags?post=6856"}],"curies":[{"name":"wp","href":"https:\/\/api.w.org\/{rel}","templated":true}]}}