{"id":6868,"date":"2017-08-31T12:45:00","date_gmt":"2017-08-31T10:45:00","guid":{"rendered":"https:\/\/rotary.zamosc.pl\/?p=6868"},"modified":"2026-03-20T12:46:09","modified_gmt":"2026-03-20T11:46:09","slug":"xxx-bieg-pokoju-pamieci-dzieci-zamojszczyzny-31-08-03-09-2017-r","status":"publish","type":"post","link":"https:\/\/rotary.zamosc.pl\/index.php\/2017\/08\/31\/xxx-bieg-pokoju-pamieci-dzieci-zamojszczyzny-31-08-03-09-2017-r\/","title":{"rendered":"XXX Bieg Pokoju Pami\u0119ci Dzieci Zamojszczyzny 31.08. \u2013 03.09.2017 r."},"content":{"rendered":"\n<p class=\"wp-block-paragraph\">W dniach 31.08. \u2013 03.09..2017 r. odby\u0142 si\u0119 Jubileuszowy 4 etapowy XXX Bieg Pokoju Pami\u0119ci Dzieci Zamojszczyzny. Coroczna impreza ma na celu upami\u0119tnienie tragicznego losu dzieci naszego regionu podczas II wojny \u015bwiatowej. Mi\u0142o przypomnie\u0107, \u017ce RC Zamo\u015b\u0107 od lat jest wsp\u00f3\u0142sponsorem zawod\u00f3w.<\/p>\n\n\n\n<p class=\"wp-block-paragraph\">Dla przybli\u017cenia wojennej gehenny tysi\u0119cy dzieci Zamojszczyzny Cz\u0142onkowie Klubu w dniu 12.09. spotkali si\u0119 z pani\u0105 Agnieszk\u0105 Jaczy\u0144sk\u0105 V-ce Dyrektorem Zespo\u0142u Szk\u00f3\u0142 Spo\u0142ecznych w Zamo\u015bciu, autorka bardzo obszernej dokumentalnej publikacji szczeg\u00f3\u0142owo relacjonuj\u0105cej wydarzenia zwi\u0105zane z m\u0119cze\u0144stwem dzieci obj\u0119tych przez hitlerowc\u00f3w programem wyniszczenia i wynarodowienia.<\/p>\n","protected":false},"excerpt":{"rendered":"<p>W dniach 31.08. \u2013 03.09..2017 r. odby\u0142 si\u0119 Jubileuszowy 4 etapowy XXX Bieg Pokoju Pami\u0119ci Dzieci Zamojszczyzny. Coroczna impreza ma na celu upami\u0119tnienie tragicznego losu dzieci naszego regionu podczas II wojny \u015bwiatowej. Mi\u0142o przypomnie\u0107, \u017ce RC Zamo\u015b\u0107 od lat jest wsp\u00f3\u0142sponsorem zawod\u00f3w. Dla przybli\u017cenia wojennej gehenny tysi\u0119cy dzieci Zamojszczyzny Cz\u0142onkowie Klubu w dniu 12.09. spotkali&#8230;<\/p>\n","protected":false},"author":1,"featured_media":565,"comment_status":"open","ping_status":"open","sticky":false,"template":"","format":"standard","meta":{"footnotes":""},"categories":[25],"tags":[],"class_list":["post-6868","post","type-post","status-publish","format-standard","has-post-thumbnail","hentry","category-25"],"rttpg_featured_image_url":{"full":["https:\/\/rotary.zamosc.pl\/wp-content\/uploads\/2017\/01\/20170912_200055.jpg",2988,5312,false],"landscape":["https:\/\/rotary.zamosc.pl\/wp-content\/uploads\/2017\/01\/20170912_200055.jpg",2988,5312,false],"portraits":["https:\/\/rotary.zamosc.pl\/wp-content\/uploads\/2017\/01\/20170912_200055.jpg",2988,5312,false],"thumbnail":["https:\/\/rotary.zamosc.pl\/wp-content\/uploads\/2017\/01\/20170912_200055-150x150.jpg",150,150,true],"medium":["https:\/\/rotary.zamosc.pl\/wp-content\/uploads\/2017\/01\/20170912_200055-169x300.jpg",169,300,true],"large":["https:\/\/rotary.zamosc.pl\/wp-content\/uploads\/2017\/01\/20170912_200055-700x1244.jpg",700,1244,true],"1536x1536":["https:\/\/rotary.zamosc.pl\/wp-content\/uploads\/2017\/01\/20170912_200055.jpg",864,1536,false],"2048x2048":["https:\/\/rotary.zamosc.pl\/wp-content\/uploads\/2017\/01\/20170912_200055.jpg",1152,2048,false],"post-thumbnail":["https:\/\/rotary.zamosc.pl\/wp-content\/uploads\/2017\/01\/20170912_200055-800x1422.jpg",800,1422,true],"graphy-post-thumbnail-large":["https:\/\/rotary.zamosc.pl\/wp-content\/uploads\/2017\/01\/20170912_200055-1080x600.jpg",1080,600,true],"graphy-post-thumbnail-medium":["https:\/\/rotary.zamosc.pl\/wp-content\/uploads\/2017\/01\/20170912_200055-482x300.jpg",482,300,true],"graphy-post-thumbnail-small":["https:\/\/rotary.zamosc.pl\/wp-content\/uploads\/2017\/01\/20170912_200055-80x60.jpg",80,60,true],"graphy-page-thumbnail":["https:\/\/rotary.zamosc.pl\/wp-content\/uploads\/2017\/01\/20170912_200055-1260x350.jpg",1260,350,true],"sow-carousel-default":["https:\/\/rotary.zamosc.pl\/wp-content\/uploads\/2017\/01\/20170912_200055-272x182.jpg",272,182,true]},"rttpg_author":{"display_name":"rotaryzamosc","author_link":"https:\/\/rotary.zamosc.pl\/index.php\/author\/rotaryzamosc\/"},"rttpg_comment":0,"rttpg_category":"<a href=\"https:\/\/rotary.zamosc.pl\/index.php\/category\/2017\/\" rel=\"category tag\">2017<\/a>","rttpg_excerpt":"W dniach 31.08. \u2013 03.09..2017 r. odby\u0142 si\u0119 Jubileuszowy 4 etapowy XXX Bieg Pokoju Pami\u0119ci Dzieci Zamojszczyzny. Coroczna impreza ma na celu upami\u0119tnienie tragicznego losu dzieci naszego regionu podczas II wojny \u015bwiatowej. Mi\u0142o przypomnie\u0107, \u017ce RC Zamo\u015b\u0107 od lat jest wsp\u00f3\u0142sponsorem zawod\u00f3w. Dla przybli\u017cenia wojennej gehenny tysi\u0119cy dzieci Zamojszczyzny Cz\u0142onkowie Klubu w dniu 12.09. spotkali...","_links":{"self":[{"href":"https:\/\/rotary.zamosc.pl\/index.php\/wp-json\/wp\/v2\/posts\/6868","targetHints":{"allow":["GET"]}}],"collection":[{"href":"https:\/\/rotary.zamosc.pl\/index.php\/wp-json\/wp\/v2\/posts"}],"about":[{"href":"https:\/\/rotary.zamosc.pl\/index.php\/wp-json\/wp\/v2\/types\/post"}],"author":[{"embeddable":true,"href":"https:\/\/rotary.zamosc.pl\/index.php\/wp-json\/wp\/v2\/users\/1"}],"replies":[{"embeddable":true,"href":"https:\/\/rotary.zamosc.pl\/index.php\/wp-json\/wp\/v2\/comments?post=6868"}],"version-history":[{"count":1,"href":"https:\/\/rotary.zamosc.pl\/index.php\/wp-json\/wp\/v2\/posts\/6868\/revisions"}],"predecessor-version":[{"id":6869,"href":"https:\/\/rotary.zamosc.pl\/index.php\/wp-json\/wp\/v2\/posts\/6868\/revisions\/6869"}],"wp:featuredmedia":[{"embeddable":true,"href":"https:\/\/rotary.zamosc.pl\/index.php\/wp-json\/wp\/v2\/media\/565"}],"wp:attachment":[{"href":"https:\/\/rotary.zamosc.pl\/index.php\/wp-json\/wp\/v2\/media?parent=6868"}],"wp:term":[{"taxonomy":"category","embeddable":true,"href":"https:\/\/rotary.zamosc.pl\/index.php\/wp-json\/wp\/v2\/categories?post=6868"},{"taxonomy":"post_tag","embeddable":true,"href":"https:\/\/rotary.zamosc.pl\/index.php\/wp-json\/wp\/v2\/tags?post=6868"}],"curies":[{"name":"wp","href":"https:\/\/api.w.org\/{rel}","templated":true}]}}