{"id":6870,"date":"2017-09-02T12:46:00","date_gmt":"2017-09-02T10:46:00","guid":{"rendered":"https:\/\/rotary.zamosc.pl\/?p=6870"},"modified":"2026-03-20T12:51:43","modified_gmt":"2026-03-20T11:51:43","slug":"zawody-strzeleckie-rc-zamosc-o-puchar-gubernatora-dystryktu-02-09-2017","status":"publish","type":"post","link":"https:\/\/rotary.zamosc.pl\/index.php\/2017\/09\/02\/zawody-strzeleckie-rc-zamosc-o-puchar-gubernatora-dystryktu-02-09-2017\/","title":{"rendered":"Zawody Strzeleckie RC Zamo\u015b\u0107 o Puchar Gubernatora Dystryktu 02.09.2017"},"content":{"rendered":"\n<p class=\"wp-block-paragraph\">W sobot\u0119 2 wrze\u015bnia br. na terenie strzelnicy Rotunda w Zamo\u015bciu odby\u0142y si\u0119 XII Mistrzostwa Dystryktu 2231 RI o Puchar Gubernatora Dystryktu w strzelaniu z broni sportowej. Honorowy patronat nad zawodami obj\u0105\u0142 Prezydent Miasta Zamo\u015bcia Pan Andrzej Wnuk, za\u015b patronatem medialnym otoczy\u0142 Tygodnik Zamojski. Imprez\u0119 swoj\u0105 obecno\u015bci\u0105 zaszczyci\u0142 Gubernator Dystryktu 2231, Jerzy Korczy\u0144ski.<\/p>\n\n\n\n<p class=\"wp-block-paragraph\">W strzelaniu z pistoletu sportowego i karabinu sportowego wystartowa\u0142o 36 uczestnik\u00f3w tworz\u0105cych 12-cie 3 osobowych zespo\u0142\u00f3w. W szranki stan\u0119li Rotarianie z RC Lw\u00f3w Leopolis, RC Jaros\u0142aw, RC Wolsztyn, RC Jan\u00f3w Lubelski, RC Lublin, RC Zamo\u015b\u0107 Ordynacki, RC Zamo\u015b\u0107, Rotaraktorzy z R\u00f3wnego oraz nasi przyjaciele z Klubu Motocyklowego \u201eCzarna Brygada\u201d, m\u0142odzie\u017c z rodzin rotaria\u0144skich oraz Team Pa\u0144. Rywalizacja przebiega\u0142a jak zwykle w sportowej, rotaria\u0144skiej atmosferze.<\/p>\n\n\n\n<p class=\"wp-block-paragraph\">Nad przebiegiem zawod\u00f3w czuwali profesjonalni s\u0119dziowie oraz g\u0142\u00f3wny sprawca tego przedsi\u0119wzi\u0119cia Zbyszek \u017bukowski z RC Zamo\u015b\u0107 Wieczorem w Restauracji Corner Pub odby\u0142a si\u0119 uroczysto\u015b\u0107 wr\u0119czenia puchar\u00f3w i wyr\u00f3\u017cnie\u0144 (protok\u00f3\u0142 z zawod\u00f3w poni\u017cej).<\/p>\n\n\n\n<p class=\"wp-block-paragraph\">By\u0142o bardzo mi\u0142o i rodzinnie. Spotkanie wykorzystali\u015bmy do wymiany do\u015bwiadcze\u0144 i informacji o dzia\u0142alno\u015bci Klub\u00f3w. Powsta\u0142y projekty \u2013 pad\u0142y obietnice \u2013 wymieniono zaproszenia. Podczas trwania uroczysto\u015bci, naszemu Przyjacielowi z RC Wolsztyn, Januszowi Lisieckiemu, zosta\u0142o przed\u0142u\u017cone na kolejny rok honorowe cz\u0142onkostwo Naszego Klubu.<\/p>\n\n\n\n<p class=\"wp-block-paragraph\">P.S. na zebraniu w dniu 05.09. uchwa\u0142\u0105 Walnego Zgromadzenia Cz\u0142onk\u00f3w Klubu przed\u0142u\u017cono tak\u017ce na kolejny rok honorowe cz\u0142onkostwo RC Zamo\u015b\u0107 nast\u0119puj\u0105cym osobom: Ma\u0142gorzata Czerniak, Marian Szewera, Alfred Szwajkowski, Tadeusz Ko\u0144czy\u0144ski.<\/p>\n\n\n\n<div data-wp-interactive=\"core\/file\" class=\"wp-block-file\"><object data-wp-bind--hidden=\"!state.hasPdfPreview\" hidden class=\"wp-block-file__embed\" data=\"https:\/\/rotary.zamosc.pl\/wp-content\/uploads\/2017\/01\/Protok\u00f3\u0142MistrzostwROTARY.pdf\" type=\"application\/pdf\" style=\"width:100%;height:600px\" aria-label=\"Osadzone z Protok\u00f3\u0142MistrzostwROTARY.\"><\/object><a id=\"wp-block-file--media-b87a0763-5a72-4b89-95f8-56d17387d19c\" href=\"https:\/\/rotary.zamosc.pl\/wp-content\/uploads\/2017\/01\/Protok\u00f3\u0142MistrzostwROTARY.pdf\">Protok\u00f3\u0142MistrzostwROTARY<\/a><a href=\"https:\/\/rotary.zamosc.pl\/wp-content\/uploads\/2017\/01\/Protok\u00f3\u0142MistrzostwROTARY.pdf\" class=\"wp-block-file__button wp-element-button\" download aria-describedby=\"wp-block-file--media-b87a0763-5a72-4b89-95f8-56d17387d19c\">Pobierz<\/a><\/div>\n\n\n\n<figure class=\"wp-block-gallery has-nested-images columns-1 is-cropped wp-block-gallery-1 is-layout-flex wp-block-gallery-is-layout-flex\">\n<figure class=\"wp-block-image size-large\"><img fetchpriority=\"high\" decoding=\"async\" width=\"700\" height=\"394\" data-id=\"6893\" src=\"https:\/\/rotary.zamosc.pl\/wp-content\/uploads\/2026\/03\/Zawody-Strzeleckie-RC-Zamosc-o-Puchar-Gubernatora-Dystryktu-02.09-23-700x394.jpg\" alt=\"\" class=\"wp-image-6893\" srcset=\"https:\/\/rotary.zamosc.pl\/wp-content\/uploads\/2026\/03\/Zawody-Strzeleckie-RC-Zamosc-o-Puchar-Gubernatora-Dystryktu-02.09-23-700x394.jpg 700w, https:\/\/rotary.zamosc.pl\/wp-content\/uploads\/2026\/03\/Zawody-Strzeleckie-RC-Zamosc-o-Puchar-Gubernatora-Dystryktu-02.09-23-300x169.jpg 300w, https:\/\/rotary.zamosc.pl\/wp-content\/uploads\/2026\/03\/Zawody-Strzeleckie-RC-Zamosc-o-Puchar-Gubernatora-Dystryktu-02.09-23-768x432.jpg 768w, https:\/\/rotary.zamosc.pl\/wp-content\/uploads\/2026\/03\/Zawody-Strzeleckie-RC-Zamosc-o-Puchar-Gubernatora-Dystryktu-02.09-23-800x450.jpg 800w, https:\/\/rotary.zamosc.pl\/wp-content\/uploads\/2026\/03\/Zawody-Strzeleckie-RC-Zamosc-o-Puchar-Gubernatora-Dystryktu-02.09-23.jpg 1200w\" sizes=\"(max-width: 700px) 100vw, 700px\" \/><\/figure>\n\n\n\n<figure class=\"wp-block-image size-large\"><img decoding=\"async\" width=\"700\" height=\"467\" data-id=\"6892\" src=\"https:\/\/rotary.zamosc.pl\/wp-content\/uploads\/2026\/03\/Zawody-Strzeleckie-RC-Zamosc-o-Puchar-Gubernatora-Dystryktu-02.09-22-700x467.jpg\" alt=\"\" class=\"wp-image-6892\" srcset=\"https:\/\/rotary.zamosc.pl\/wp-content\/uploads\/2026\/03\/Zawody-Strzeleckie-RC-Zamosc-o-Puchar-Gubernatora-Dystryktu-02.09-22-700x467.jpg 700w, https:\/\/rotary.zamosc.pl\/wp-content\/uploads\/2026\/03\/Zawody-Strzeleckie-RC-Zamosc-o-Puchar-Gubernatora-Dystryktu-02.09-22-300x200.jpg 300w, https:\/\/rotary.zamosc.pl\/wp-content\/uploads\/2026\/03\/Zawody-Strzeleckie-RC-Zamosc-o-Puchar-Gubernatora-Dystryktu-02.09-22-768x512.jpg 768w, https:\/\/rotary.zamosc.pl\/wp-content\/uploads\/2026\/03\/Zawody-Strzeleckie-RC-Zamosc-o-Puchar-Gubernatora-Dystryktu-02.09-22-800x533.jpg 800w, https:\/\/rotary.zamosc.pl\/wp-content\/uploads\/2026\/03\/Zawody-Strzeleckie-RC-Zamosc-o-Puchar-Gubernatora-Dystryktu-02.09-22-272x182.jpg 272w, https:\/\/rotary.zamosc.pl\/wp-content\/uploads\/2026\/03\/Zawody-Strzeleckie-RC-Zamosc-o-Puchar-Gubernatora-Dystryktu-02.09-22.jpg 1200w\" sizes=\"(max-width: 700px) 100vw, 700px\" \/><\/figure>\n\n\n\n<figure class=\"wp-block-image size-large\"><img decoding=\"async\" width=\"700\" height=\"394\" data-id=\"6891\" src=\"https:\/\/rotary.zamosc.pl\/wp-content\/uploads\/2026\/03\/Zawody-Strzeleckie-RC-Zamosc-o-Puchar-Gubernatora-Dystryktu-02.09-21-700x394.jpg\" alt=\"\" class=\"wp-image-6891\" srcset=\"https:\/\/rotary.zamosc.pl\/wp-content\/uploads\/2026\/03\/Zawody-Strzeleckie-RC-Zamosc-o-Puchar-Gubernatora-Dystryktu-02.09-21-700x394.jpg 700w, https:\/\/rotary.zamosc.pl\/wp-content\/uploads\/2026\/03\/Zawody-Strzeleckie-RC-Zamosc-o-Puchar-Gubernatora-Dystryktu-02.09-21-300x169.jpg 300w, https:\/\/rotary.zamosc.pl\/wp-content\/uploads\/2026\/03\/Zawody-Strzeleckie-RC-Zamosc-o-Puchar-Gubernatora-Dystryktu-02.09-21-768x432.jpg 768w, https:\/\/rotary.zamosc.pl\/wp-content\/uploads\/2026\/03\/Zawody-Strzeleckie-RC-Zamosc-o-Puchar-Gubernatora-Dystryktu-02.09-21-800x450.jpg 800w, https:\/\/rotary.zamosc.pl\/wp-content\/uploads\/2026\/03\/Zawody-Strzeleckie-RC-Zamosc-o-Puchar-Gubernatora-Dystryktu-02.09-21.jpg 1200w\" sizes=\"(max-width: 700px) 100vw, 700px\" \/><\/figure>\n\n\n\n<figure class=\"wp-block-image size-large\"><img loading=\"lazy\" decoding=\"async\" width=\"700\" height=\"394\" data-id=\"6890\" src=\"https:\/\/rotary.zamosc.pl\/wp-content\/uploads\/2026\/03\/Zawody-Strzeleckie-RC-Zamosc-o-Puchar-Gubernatora-Dystryktu-02.09-20-700x394.jpg\" alt=\"\" class=\"wp-image-6890\" srcset=\"https:\/\/rotary.zamosc.pl\/wp-content\/uploads\/2026\/03\/Zawody-Strzeleckie-RC-Zamosc-o-Puchar-Gubernatora-Dystryktu-02.09-20-700x394.jpg 700w, https:\/\/rotary.zamosc.pl\/wp-content\/uploads\/2026\/03\/Zawody-Strzeleckie-RC-Zamosc-o-Puchar-Gubernatora-Dystryktu-02.09-20-300x169.jpg 300w, https:\/\/rotary.zamosc.pl\/wp-content\/uploads\/2026\/03\/Zawody-Strzeleckie-RC-Zamosc-o-Puchar-Gubernatora-Dystryktu-02.09-20-768x432.jpg 768w, https:\/\/rotary.zamosc.pl\/wp-content\/uploads\/2026\/03\/Zawody-Strzeleckie-RC-Zamosc-o-Puchar-Gubernatora-Dystryktu-02.09-20-800x450.jpg 800w, https:\/\/rotary.zamosc.pl\/wp-content\/uploads\/2026\/03\/Zawody-Strzeleckie-RC-Zamosc-o-Puchar-Gubernatora-Dystryktu-02.09-20.jpg 1200w\" sizes=\"(max-width: 700px) 100vw, 700px\" \/><\/figure>\n\n\n\n<figure class=\"wp-block-image size-large\"><img loading=\"lazy\" decoding=\"async\" width=\"700\" height=\"470\" data-id=\"6889\" src=\"https:\/\/rotary.zamosc.pl\/wp-content\/uploads\/2026\/03\/Zawody-Strzeleckie-RC-Zamosc-o-Puchar-Gubernatora-Dystryktu-02.09-19-700x470.jpg\" alt=\"\" class=\"wp-image-6889\" srcset=\"https:\/\/rotary.zamosc.pl\/wp-content\/uploads\/2026\/03\/Zawody-Strzeleckie-RC-Zamosc-o-Puchar-Gubernatora-Dystryktu-02.09-19-700x470.jpg 700w, https:\/\/rotary.zamosc.pl\/wp-content\/uploads\/2026\/03\/Zawody-Strzeleckie-RC-Zamosc-o-Puchar-Gubernatora-Dystryktu-02.09-19-300x201.jpg 300w, https:\/\/rotary.zamosc.pl\/wp-content\/uploads\/2026\/03\/Zawody-Strzeleckie-RC-Zamosc-o-Puchar-Gubernatora-Dystryktu-02.09-19-768x515.jpg 768w, https:\/\/rotary.zamosc.pl\/wp-content\/uploads\/2026\/03\/Zawody-Strzeleckie-RC-Zamosc-o-Puchar-Gubernatora-Dystryktu-02.09-19-800x537.jpg 800w, https:\/\/rotary.zamosc.pl\/wp-content\/uploads\/2026\/03\/Zawody-Strzeleckie-RC-Zamosc-o-Puchar-Gubernatora-Dystryktu-02.09-19-272x182.jpg 272w, https:\/\/rotary.zamosc.pl\/wp-content\/uploads\/2026\/03\/Zawody-Strzeleckie-RC-Zamosc-o-Puchar-Gubernatora-Dystryktu-02.09-19.jpg 1200w\" sizes=\"(max-width: 700px) 100vw, 700px\" \/><\/figure>\n\n\n\n<figure class=\"wp-block-image size-large\"><img loading=\"lazy\" decoding=\"async\" width=\"700\" height=\"470\" data-id=\"6888\" src=\"https:\/\/rotary.zamosc.pl\/wp-content\/uploads\/2026\/03\/Zawody-Strzeleckie-RC-Zamosc-o-Puchar-Gubernatora-Dystryktu-02.09-18-700x470.jpg\" alt=\"\" class=\"wp-image-6888\" srcset=\"https:\/\/rotary.zamosc.pl\/wp-content\/uploads\/2026\/03\/Zawody-Strzeleckie-RC-Zamosc-o-Puchar-Gubernatora-Dystryktu-02.09-18-700x470.jpg 700w, https:\/\/rotary.zamosc.pl\/wp-content\/uploads\/2026\/03\/Zawody-Strzeleckie-RC-Zamosc-o-Puchar-Gubernatora-Dystryktu-02.09-18-300x201.jpg 300w, https:\/\/rotary.zamosc.pl\/wp-content\/uploads\/2026\/03\/Zawody-Strzeleckie-RC-Zamosc-o-Puchar-Gubernatora-Dystryktu-02.09-18-768x515.jpg 768w, https:\/\/rotary.zamosc.pl\/wp-content\/uploads\/2026\/03\/Zawody-Strzeleckie-RC-Zamosc-o-Puchar-Gubernatora-Dystryktu-02.09-18-800x537.jpg 800w, https:\/\/rotary.zamosc.pl\/wp-content\/uploads\/2026\/03\/Zawody-Strzeleckie-RC-Zamosc-o-Puchar-Gubernatora-Dystryktu-02.09-18-272x182.jpg 272w, https:\/\/rotary.zamosc.pl\/wp-content\/uploads\/2026\/03\/Zawody-Strzeleckie-RC-Zamosc-o-Puchar-Gubernatora-Dystryktu-02.09-18.jpg 1200w\" sizes=\"(max-width: 700px) 100vw, 700px\" \/><\/figure>\n\n\n\n<figure class=\"wp-block-image size-large\"><img loading=\"lazy\" decoding=\"async\" width=\"700\" height=\"470\" data-id=\"6887\" src=\"https:\/\/rotary.zamosc.pl\/wp-content\/uploads\/2026\/03\/Zawody-Strzeleckie-RC-Zamosc-o-Puchar-Gubernatora-Dystryktu-02.09-17-700x470.jpg\" alt=\"\" class=\"wp-image-6887\" srcset=\"https:\/\/rotary.zamosc.pl\/wp-content\/uploads\/2026\/03\/Zawody-Strzeleckie-RC-Zamosc-o-Puchar-Gubernatora-Dystryktu-02.09-17-700x470.jpg 700w, https:\/\/rotary.zamosc.pl\/wp-content\/uploads\/2026\/03\/Zawody-Strzeleckie-RC-Zamosc-o-Puchar-Gubernatora-Dystryktu-02.09-17-300x201.jpg 300w, https:\/\/rotary.zamosc.pl\/wp-content\/uploads\/2026\/03\/Zawody-Strzeleckie-RC-Zamosc-o-Puchar-Gubernatora-Dystryktu-02.09-17-768x515.jpg 768w, https:\/\/rotary.zamosc.pl\/wp-content\/uploads\/2026\/03\/Zawody-Strzeleckie-RC-Zamosc-o-Puchar-Gubernatora-Dystryktu-02.09-17-800x537.jpg 800w, https:\/\/rotary.zamosc.pl\/wp-content\/uploads\/2026\/03\/Zawody-Strzeleckie-RC-Zamosc-o-Puchar-Gubernatora-Dystryktu-02.09-17-272x182.jpg 272w, https:\/\/rotary.zamosc.pl\/wp-content\/uploads\/2026\/03\/Zawody-Strzeleckie-RC-Zamosc-o-Puchar-Gubernatora-Dystryktu-02.09-17.jpg 1200w\" sizes=\"(max-width: 700px) 100vw, 700px\" \/><\/figure>\n\n\n\n<figure class=\"wp-block-image size-large\"><img loading=\"lazy\" decoding=\"async\" width=\"700\" height=\"470\" data-id=\"6886\" src=\"https:\/\/rotary.zamosc.pl\/wp-content\/uploads\/2026\/03\/Zawody-Strzeleckie-RC-Zamosc-o-Puchar-Gubernatora-Dystryktu-02.09-16-700x470.jpg\" alt=\"\" class=\"wp-image-6886\" srcset=\"https:\/\/rotary.zamosc.pl\/wp-content\/uploads\/2026\/03\/Zawody-Strzeleckie-RC-Zamosc-o-Puchar-Gubernatora-Dystryktu-02.09-16-700x470.jpg 700w, https:\/\/rotary.zamosc.pl\/wp-content\/uploads\/2026\/03\/Zawody-Strzeleckie-RC-Zamosc-o-Puchar-Gubernatora-Dystryktu-02.09-16-300x201.jpg 300w, https:\/\/rotary.zamosc.pl\/wp-content\/uploads\/2026\/03\/Zawody-Strzeleckie-RC-Zamosc-o-Puchar-Gubernatora-Dystryktu-02.09-16-768x515.jpg 768w, https:\/\/rotary.zamosc.pl\/wp-content\/uploads\/2026\/03\/Zawody-Strzeleckie-RC-Zamosc-o-Puchar-Gubernatora-Dystryktu-02.09-16-800x537.jpg 800w, https:\/\/rotary.zamosc.pl\/wp-content\/uploads\/2026\/03\/Zawody-Strzeleckie-RC-Zamosc-o-Puchar-Gubernatora-Dystryktu-02.09-16-272x182.jpg 272w, https:\/\/rotary.zamosc.pl\/wp-content\/uploads\/2026\/03\/Zawody-Strzeleckie-RC-Zamosc-o-Puchar-Gubernatora-Dystryktu-02.09-16.jpg 1200w\" sizes=\"(max-width: 700px) 100vw, 700px\" \/><\/figure>\n\n\n\n<figure class=\"wp-block-image size-large\"><img loading=\"lazy\" decoding=\"async\" width=\"700\" height=\"470\" data-id=\"6877\" src=\"https:\/\/rotary.zamosc.pl\/wp-content\/uploads\/2026\/03\/Zawody-Strzeleckie-RC-Zamosc-o-Puchar-Gubernatora-Dystryktu-02.09-7-700x470.jpg\" alt=\"\" class=\"wp-image-6877\" srcset=\"https:\/\/rotary.zamosc.pl\/wp-content\/uploads\/2026\/03\/Zawody-Strzeleckie-RC-Zamosc-o-Puchar-Gubernatora-Dystryktu-02.09-7-700x470.jpg 700w, https:\/\/rotary.zamosc.pl\/wp-content\/uploads\/2026\/03\/Zawody-Strzeleckie-RC-Zamosc-o-Puchar-Gubernatora-Dystryktu-02.09-7-300x201.jpg 300w, https:\/\/rotary.zamosc.pl\/wp-content\/uploads\/2026\/03\/Zawody-Strzeleckie-RC-Zamosc-o-Puchar-Gubernatora-Dystryktu-02.09-7-768x515.jpg 768w, https:\/\/rotary.zamosc.pl\/wp-content\/uploads\/2026\/03\/Zawody-Strzeleckie-RC-Zamosc-o-Puchar-Gubernatora-Dystryktu-02.09-7-800x537.jpg 800w, https:\/\/rotary.zamosc.pl\/wp-content\/uploads\/2026\/03\/Zawody-Strzeleckie-RC-Zamosc-o-Puchar-Gubernatora-Dystryktu-02.09-7-272x182.jpg 272w, https:\/\/rotary.zamosc.pl\/wp-content\/uploads\/2026\/03\/Zawody-Strzeleckie-RC-Zamosc-o-Puchar-Gubernatora-Dystryktu-02.09-7.jpg 1200w\" sizes=\"(max-width: 700px) 100vw, 700px\" \/><\/figure>\n\n\n\n<figure class=\"wp-block-image size-large\"><img loading=\"lazy\" decoding=\"async\" width=\"700\" height=\"470\" data-id=\"6878\" src=\"https:\/\/rotary.zamosc.pl\/wp-content\/uploads\/2026\/03\/Zawody-Strzeleckie-RC-Zamosc-o-Puchar-Gubernatora-Dystryktu-02.09-8-700x470.jpg\" alt=\"\" class=\"wp-image-6878\" srcset=\"https:\/\/rotary.zamosc.pl\/wp-content\/uploads\/2026\/03\/Zawody-Strzeleckie-RC-Zamosc-o-Puchar-Gubernatora-Dystryktu-02.09-8-700x470.jpg 700w, https:\/\/rotary.zamosc.pl\/wp-content\/uploads\/2026\/03\/Zawody-Strzeleckie-RC-Zamosc-o-Puchar-Gubernatora-Dystryktu-02.09-8-300x201.jpg 300w, https:\/\/rotary.zamosc.pl\/wp-content\/uploads\/2026\/03\/Zawody-Strzeleckie-RC-Zamosc-o-Puchar-Gubernatora-Dystryktu-02.09-8-768x515.jpg 768w, https:\/\/rotary.zamosc.pl\/wp-content\/uploads\/2026\/03\/Zawody-Strzeleckie-RC-Zamosc-o-Puchar-Gubernatora-Dystryktu-02.09-8-800x537.jpg 800w, https:\/\/rotary.zamosc.pl\/wp-content\/uploads\/2026\/03\/Zawody-Strzeleckie-RC-Zamosc-o-Puchar-Gubernatora-Dystryktu-02.09-8-272x182.jpg 272w, https:\/\/rotary.zamosc.pl\/wp-content\/uploads\/2026\/03\/Zawody-Strzeleckie-RC-Zamosc-o-Puchar-Gubernatora-Dystryktu-02.09-8.jpg 1200w\" sizes=\"(max-width: 700px) 100vw, 700px\" \/><\/figure>\n\n\n\n<figure class=\"wp-block-image size-large\"><img loading=\"lazy\" decoding=\"async\" width=\"700\" height=\"470\" data-id=\"6879\" src=\"https:\/\/rotary.zamosc.pl\/wp-content\/uploads\/2026\/03\/Zawody-Strzeleckie-RC-Zamosc-o-Puchar-Gubernatora-Dystryktu-02.09-9-700x470.jpg\" alt=\"\" class=\"wp-image-6879\" srcset=\"https:\/\/rotary.zamosc.pl\/wp-content\/uploads\/2026\/03\/Zawody-Strzeleckie-RC-Zamosc-o-Puchar-Gubernatora-Dystryktu-02.09-9-700x470.jpg 700w, https:\/\/rotary.zamosc.pl\/wp-content\/uploads\/2026\/03\/Zawody-Strzeleckie-RC-Zamosc-o-Puchar-Gubernatora-Dystryktu-02.09-9-300x201.jpg 300w, https:\/\/rotary.zamosc.pl\/wp-content\/uploads\/2026\/03\/Zawody-Strzeleckie-RC-Zamosc-o-Puchar-Gubernatora-Dystryktu-02.09-9-768x515.jpg 768w, https:\/\/rotary.zamosc.pl\/wp-content\/uploads\/2026\/03\/Zawody-Strzeleckie-RC-Zamosc-o-Puchar-Gubernatora-Dystryktu-02.09-9-800x537.jpg 800w, https:\/\/rotary.zamosc.pl\/wp-content\/uploads\/2026\/03\/Zawody-Strzeleckie-RC-Zamosc-o-Puchar-Gubernatora-Dystryktu-02.09-9-272x182.jpg 272w, https:\/\/rotary.zamosc.pl\/wp-content\/uploads\/2026\/03\/Zawody-Strzeleckie-RC-Zamosc-o-Puchar-Gubernatora-Dystryktu-02.09-9.jpg 1200w\" sizes=\"(max-width: 700px) 100vw, 700px\" \/><\/figure>\n\n\n\n<figure class=\"wp-block-image size-large\"><img loading=\"lazy\" decoding=\"async\" width=\"700\" height=\"470\" data-id=\"6880\" src=\"https:\/\/rotary.zamosc.pl\/wp-content\/uploads\/2026\/03\/Zawody-Strzeleckie-RC-Zamosc-o-Puchar-Gubernatora-Dystryktu-02.09-10-700x470.jpg\" alt=\"\" class=\"wp-image-6880\" srcset=\"https:\/\/rotary.zamosc.pl\/wp-content\/uploads\/2026\/03\/Zawody-Strzeleckie-RC-Zamosc-o-Puchar-Gubernatora-Dystryktu-02.09-10-700x470.jpg 700w, https:\/\/rotary.zamosc.pl\/wp-content\/uploads\/2026\/03\/Zawody-Strzeleckie-RC-Zamosc-o-Puchar-Gubernatora-Dystryktu-02.09-10-300x201.jpg 300w, https:\/\/rotary.zamosc.pl\/wp-content\/uploads\/2026\/03\/Zawody-Strzeleckie-RC-Zamosc-o-Puchar-Gubernatora-Dystryktu-02.09-10-768x515.jpg 768w, https:\/\/rotary.zamosc.pl\/wp-content\/uploads\/2026\/03\/Zawody-Strzeleckie-RC-Zamosc-o-Puchar-Gubernatora-Dystryktu-02.09-10-800x537.jpg 800w, https:\/\/rotary.zamosc.pl\/wp-content\/uploads\/2026\/03\/Zawody-Strzeleckie-RC-Zamosc-o-Puchar-Gubernatora-Dystryktu-02.09-10-272x182.jpg 272w, https:\/\/rotary.zamosc.pl\/wp-content\/uploads\/2026\/03\/Zawody-Strzeleckie-RC-Zamosc-o-Puchar-Gubernatora-Dystryktu-02.09-10.jpg 1200w\" sizes=\"(max-width: 700px) 100vw, 700px\" \/><\/figure>\n\n\n\n<figure class=\"wp-block-image size-large\"><img loading=\"lazy\" decoding=\"async\" width=\"700\" height=\"470\" data-id=\"6881\" src=\"https:\/\/rotary.zamosc.pl\/wp-content\/uploads\/2026\/03\/Zawody-Strzeleckie-RC-Zamosc-o-Puchar-Gubernatora-Dystryktu-02.09-11-700x470.jpg\" alt=\"\" class=\"wp-image-6881\" srcset=\"https:\/\/rotary.zamosc.pl\/wp-content\/uploads\/2026\/03\/Zawody-Strzeleckie-RC-Zamosc-o-Puchar-Gubernatora-Dystryktu-02.09-11-700x470.jpg 700w, https:\/\/rotary.zamosc.pl\/wp-content\/uploads\/2026\/03\/Zawody-Strzeleckie-RC-Zamosc-o-Puchar-Gubernatora-Dystryktu-02.09-11-300x201.jpg 300w, https:\/\/rotary.zamosc.pl\/wp-content\/uploads\/2026\/03\/Zawody-Strzeleckie-RC-Zamosc-o-Puchar-Gubernatora-Dystryktu-02.09-11-768x515.jpg 768w, https:\/\/rotary.zamosc.pl\/wp-content\/uploads\/2026\/03\/Zawody-Strzeleckie-RC-Zamosc-o-Puchar-Gubernatora-Dystryktu-02.09-11-800x537.jpg 800w, https:\/\/rotary.zamosc.pl\/wp-content\/uploads\/2026\/03\/Zawody-Strzeleckie-RC-Zamosc-o-Puchar-Gubernatora-Dystryktu-02.09-11-272x182.jpg 272w, https:\/\/rotary.zamosc.pl\/wp-content\/uploads\/2026\/03\/Zawody-Strzeleckie-RC-Zamosc-o-Puchar-Gubernatora-Dystryktu-02.09-11.jpg 1200w\" sizes=\"(max-width: 700px) 100vw, 700px\" \/><\/figure>\n\n\n\n<figure class=\"wp-block-image size-large\"><img loading=\"lazy\" decoding=\"async\" width=\"700\" height=\"470\" data-id=\"6882\" src=\"https:\/\/rotary.zamosc.pl\/wp-content\/uploads\/2026\/03\/Zawody-Strzeleckie-RC-Zamosc-o-Puchar-Gubernatora-Dystryktu-02.09-12-700x470.jpg\" alt=\"\" class=\"wp-image-6882\" srcset=\"https:\/\/rotary.zamosc.pl\/wp-content\/uploads\/2026\/03\/Zawody-Strzeleckie-RC-Zamosc-o-Puchar-Gubernatora-Dystryktu-02.09-12-700x470.jpg 700w, https:\/\/rotary.zamosc.pl\/wp-content\/uploads\/2026\/03\/Zawody-Strzeleckie-RC-Zamosc-o-Puchar-Gubernatora-Dystryktu-02.09-12-300x201.jpg 300w, https:\/\/rotary.zamosc.pl\/wp-content\/uploads\/2026\/03\/Zawody-Strzeleckie-RC-Zamosc-o-Puchar-Gubernatora-Dystryktu-02.09-12-768x515.jpg 768w, https:\/\/rotary.zamosc.pl\/wp-content\/uploads\/2026\/03\/Zawody-Strzeleckie-RC-Zamosc-o-Puchar-Gubernatora-Dystryktu-02.09-12-800x537.jpg 800w, https:\/\/rotary.zamosc.pl\/wp-content\/uploads\/2026\/03\/Zawody-Strzeleckie-RC-Zamosc-o-Puchar-Gubernatora-Dystryktu-02.09-12-272x182.jpg 272w, https:\/\/rotary.zamosc.pl\/wp-content\/uploads\/2026\/03\/Zawody-Strzeleckie-RC-Zamosc-o-Puchar-Gubernatora-Dystryktu-02.09-12.jpg 1200w\" sizes=\"(max-width: 700px) 100vw, 700px\" \/><\/figure>\n\n\n\n<figure class=\"wp-block-image size-large\"><img loading=\"lazy\" decoding=\"async\" width=\"700\" height=\"470\" data-id=\"6883\" src=\"https:\/\/rotary.zamosc.pl\/wp-content\/uploads\/2026\/03\/Zawody-Strzeleckie-RC-Zamosc-o-Puchar-Gubernatora-Dystryktu-02.09-13-700x470.jpg\" alt=\"\" class=\"wp-image-6883\" srcset=\"https:\/\/rotary.zamosc.pl\/wp-content\/uploads\/2026\/03\/Zawody-Strzeleckie-RC-Zamosc-o-Puchar-Gubernatora-Dystryktu-02.09-13-700x470.jpg 700w, https:\/\/rotary.zamosc.pl\/wp-content\/uploads\/2026\/03\/Zawody-Strzeleckie-RC-Zamosc-o-Puchar-Gubernatora-Dystryktu-02.09-13-300x201.jpg 300w, https:\/\/rotary.zamosc.pl\/wp-content\/uploads\/2026\/03\/Zawody-Strzeleckie-RC-Zamosc-o-Puchar-Gubernatora-Dystryktu-02.09-13-768x515.jpg 768w, https:\/\/rotary.zamosc.pl\/wp-content\/uploads\/2026\/03\/Zawody-Strzeleckie-RC-Zamosc-o-Puchar-Gubernatora-Dystryktu-02.09-13-800x537.jpg 800w, https:\/\/rotary.zamosc.pl\/wp-content\/uploads\/2026\/03\/Zawody-Strzeleckie-RC-Zamosc-o-Puchar-Gubernatora-Dystryktu-02.09-13-272x182.jpg 272w, https:\/\/rotary.zamosc.pl\/wp-content\/uploads\/2026\/03\/Zawody-Strzeleckie-RC-Zamosc-o-Puchar-Gubernatora-Dystryktu-02.09-13.jpg 1200w\" sizes=\"(max-width: 700px) 100vw, 700px\" \/><\/figure>\n\n\n\n<figure class=\"wp-block-image size-large\"><img loading=\"lazy\" decoding=\"async\" width=\"700\" height=\"470\" data-id=\"6884\" src=\"https:\/\/rotary.zamosc.pl\/wp-content\/uploads\/2026\/03\/Zawody-Strzeleckie-RC-Zamosc-o-Puchar-Gubernatora-Dystryktu-02.09-14-700x470.jpg\" alt=\"\" class=\"wp-image-6884\" srcset=\"https:\/\/rotary.zamosc.pl\/wp-content\/uploads\/2026\/03\/Zawody-Strzeleckie-RC-Zamosc-o-Puchar-Gubernatora-Dystryktu-02.09-14-700x470.jpg 700w, https:\/\/rotary.zamosc.pl\/wp-content\/uploads\/2026\/03\/Zawody-Strzeleckie-RC-Zamosc-o-Puchar-Gubernatora-Dystryktu-02.09-14-300x201.jpg 300w, https:\/\/rotary.zamosc.pl\/wp-content\/uploads\/2026\/03\/Zawody-Strzeleckie-RC-Zamosc-o-Puchar-Gubernatora-Dystryktu-02.09-14-768x515.jpg 768w, https:\/\/rotary.zamosc.pl\/wp-content\/uploads\/2026\/03\/Zawody-Strzeleckie-RC-Zamosc-o-Puchar-Gubernatora-Dystryktu-02.09-14-800x537.jpg 800w, https:\/\/rotary.zamosc.pl\/wp-content\/uploads\/2026\/03\/Zawody-Strzeleckie-RC-Zamosc-o-Puchar-Gubernatora-Dystryktu-02.09-14-272x182.jpg 272w, https:\/\/rotary.zamosc.pl\/wp-content\/uploads\/2026\/03\/Zawody-Strzeleckie-RC-Zamosc-o-Puchar-Gubernatora-Dystryktu-02.09-14.jpg 1200w\" sizes=\"(max-width: 700px) 100vw, 700px\" \/><\/figure>\n\n\n\n<figure class=\"wp-block-image size-large\"><img loading=\"lazy\" decoding=\"async\" width=\"700\" height=\"470\" data-id=\"6885\" src=\"https:\/\/rotary.zamosc.pl\/wp-content\/uploads\/2026\/03\/Zawody-Strzeleckie-RC-Zamosc-o-Puchar-Gubernatora-Dystryktu-02.09-15-700x470.jpg\" alt=\"\" class=\"wp-image-6885\" srcset=\"https:\/\/rotary.zamosc.pl\/wp-content\/uploads\/2026\/03\/Zawody-Strzeleckie-RC-Zamosc-o-Puchar-Gubernatora-Dystryktu-02.09-15-700x470.jpg 700w, https:\/\/rotary.zamosc.pl\/wp-content\/uploads\/2026\/03\/Zawody-Strzeleckie-RC-Zamosc-o-Puchar-Gubernatora-Dystryktu-02.09-15-300x201.jpg 300w, https:\/\/rotary.zamosc.pl\/wp-content\/uploads\/2026\/03\/Zawody-Strzeleckie-RC-Zamosc-o-Puchar-Gubernatora-Dystryktu-02.09-15-768x515.jpg 768w, https:\/\/rotary.zamosc.pl\/wp-content\/uploads\/2026\/03\/Zawody-Strzeleckie-RC-Zamosc-o-Puchar-Gubernatora-Dystryktu-02.09-15-800x537.jpg 800w, https:\/\/rotary.zamosc.pl\/wp-content\/uploads\/2026\/03\/Zawody-Strzeleckie-RC-Zamosc-o-Puchar-Gubernatora-Dystryktu-02.09-15-272x182.jpg 272w, https:\/\/rotary.zamosc.pl\/wp-content\/uploads\/2026\/03\/Zawody-Strzeleckie-RC-Zamosc-o-Puchar-Gubernatora-Dystryktu-02.09-15.jpg 1200w\" sizes=\"(max-width: 700px) 100vw, 700px\" \/><\/figure>\n\n\n\n<figure class=\"wp-block-image size-large\"><img loading=\"lazy\" decoding=\"async\" width=\"700\" height=\"470\" data-id=\"6876\" src=\"https:\/\/rotary.zamosc.pl\/wp-content\/uploads\/2026\/03\/Zawody-Strzeleckie-RC-Zamosc-o-Puchar-Gubernatora-Dystryktu-02.09-6-700x470.jpg\" alt=\"\" class=\"wp-image-6876\" srcset=\"https:\/\/rotary.zamosc.pl\/wp-content\/uploads\/2026\/03\/Zawody-Strzeleckie-RC-Zamosc-o-Puchar-Gubernatora-Dystryktu-02.09-6-700x470.jpg 700w, https:\/\/rotary.zamosc.pl\/wp-content\/uploads\/2026\/03\/Zawody-Strzeleckie-RC-Zamosc-o-Puchar-Gubernatora-Dystryktu-02.09-6-300x201.jpg 300w, https:\/\/rotary.zamosc.pl\/wp-content\/uploads\/2026\/03\/Zawody-Strzeleckie-RC-Zamosc-o-Puchar-Gubernatora-Dystryktu-02.09-6-768x515.jpg 768w, https:\/\/rotary.zamosc.pl\/wp-content\/uploads\/2026\/03\/Zawody-Strzeleckie-RC-Zamosc-o-Puchar-Gubernatora-Dystryktu-02.09-6-800x537.jpg 800w, https:\/\/rotary.zamosc.pl\/wp-content\/uploads\/2026\/03\/Zawody-Strzeleckie-RC-Zamosc-o-Puchar-Gubernatora-Dystryktu-02.09-6-272x182.jpg 272w, https:\/\/rotary.zamosc.pl\/wp-content\/uploads\/2026\/03\/Zawody-Strzeleckie-RC-Zamosc-o-Puchar-Gubernatora-Dystryktu-02.09-6.jpg 1200w\" sizes=\"(max-width: 700px) 100vw, 700px\" \/><\/figure>\n\n\n\n<figure class=\"wp-block-image size-large\"><img loading=\"lazy\" decoding=\"async\" width=\"700\" height=\"470\" data-id=\"6875\" src=\"https:\/\/rotary.zamosc.pl\/wp-content\/uploads\/2026\/03\/Zawody-Strzeleckie-RC-Zamosc-o-Puchar-Gubernatora-Dystryktu-02.09-5-700x470.jpg\" alt=\"\" class=\"wp-image-6875\" srcset=\"https:\/\/rotary.zamosc.pl\/wp-content\/uploads\/2026\/03\/Zawody-Strzeleckie-RC-Zamosc-o-Puchar-Gubernatora-Dystryktu-02.09-5-700x470.jpg 700w, https:\/\/rotary.zamosc.pl\/wp-content\/uploads\/2026\/03\/Zawody-Strzeleckie-RC-Zamosc-o-Puchar-Gubernatora-Dystryktu-02.09-5-300x201.jpg 300w, https:\/\/rotary.zamosc.pl\/wp-content\/uploads\/2026\/03\/Zawody-Strzeleckie-RC-Zamosc-o-Puchar-Gubernatora-Dystryktu-02.09-5-768x515.jpg 768w, https:\/\/rotary.zamosc.pl\/wp-content\/uploads\/2026\/03\/Zawody-Strzeleckie-RC-Zamosc-o-Puchar-Gubernatora-Dystryktu-02.09-5-800x537.jpg 800w, https:\/\/rotary.zamosc.pl\/wp-content\/uploads\/2026\/03\/Zawody-Strzeleckie-RC-Zamosc-o-Puchar-Gubernatora-Dystryktu-02.09-5-272x182.jpg 272w, https:\/\/rotary.zamosc.pl\/wp-content\/uploads\/2026\/03\/Zawody-Strzeleckie-RC-Zamosc-o-Puchar-Gubernatora-Dystryktu-02.09-5.jpg 1200w\" sizes=\"(max-width: 700px) 100vw, 700px\" \/><\/figure>\n\n\n\n<figure class=\"wp-block-image size-large\"><img loading=\"lazy\" decoding=\"async\" width=\"700\" height=\"470\" data-id=\"6874\" src=\"https:\/\/rotary.zamosc.pl\/wp-content\/uploads\/2026\/03\/Zawody-Strzeleckie-RC-Zamosc-o-Puchar-Gubernatora-Dystryktu-02.09-4-700x470.jpg\" alt=\"\" class=\"wp-image-6874\" srcset=\"https:\/\/rotary.zamosc.pl\/wp-content\/uploads\/2026\/03\/Zawody-Strzeleckie-RC-Zamosc-o-Puchar-Gubernatora-Dystryktu-02.09-4-700x470.jpg 700w, https:\/\/rotary.zamosc.pl\/wp-content\/uploads\/2026\/03\/Zawody-Strzeleckie-RC-Zamosc-o-Puchar-Gubernatora-Dystryktu-02.09-4-300x201.jpg 300w, https:\/\/rotary.zamosc.pl\/wp-content\/uploads\/2026\/03\/Zawody-Strzeleckie-RC-Zamosc-o-Puchar-Gubernatora-Dystryktu-02.09-4-768x515.jpg 768w, https:\/\/rotary.zamosc.pl\/wp-content\/uploads\/2026\/03\/Zawody-Strzeleckie-RC-Zamosc-o-Puchar-Gubernatora-Dystryktu-02.09-4-800x537.jpg 800w, https:\/\/rotary.zamosc.pl\/wp-content\/uploads\/2026\/03\/Zawody-Strzeleckie-RC-Zamosc-o-Puchar-Gubernatora-Dystryktu-02.09-4-272x182.jpg 272w, https:\/\/rotary.zamosc.pl\/wp-content\/uploads\/2026\/03\/Zawody-Strzeleckie-RC-Zamosc-o-Puchar-Gubernatora-Dystryktu-02.09-4.jpg 1200w\" sizes=\"(max-width: 700px) 100vw, 700px\" \/><\/figure>\n\n\n\n<figure class=\"wp-block-image size-large\"><img loading=\"lazy\" decoding=\"async\" width=\"700\" height=\"470\" data-id=\"6873\" src=\"https:\/\/rotary.zamosc.pl\/wp-content\/uploads\/2026\/03\/Zawody-Strzeleckie-RC-Zamosc-o-Puchar-Gubernatora-Dystryktu-02.09-3-700x470.jpg\" alt=\"\" class=\"wp-image-6873\" srcset=\"https:\/\/rotary.zamosc.pl\/wp-content\/uploads\/2026\/03\/Zawody-Strzeleckie-RC-Zamosc-o-Puchar-Gubernatora-Dystryktu-02.09-3-700x470.jpg 700w, https:\/\/rotary.zamosc.pl\/wp-content\/uploads\/2026\/03\/Zawody-Strzeleckie-RC-Zamosc-o-Puchar-Gubernatora-Dystryktu-02.09-3-300x201.jpg 300w, https:\/\/rotary.zamosc.pl\/wp-content\/uploads\/2026\/03\/Zawody-Strzeleckie-RC-Zamosc-o-Puchar-Gubernatora-Dystryktu-02.09-3-768x515.jpg 768w, https:\/\/rotary.zamosc.pl\/wp-content\/uploads\/2026\/03\/Zawody-Strzeleckie-RC-Zamosc-o-Puchar-Gubernatora-Dystryktu-02.09-3-800x537.jpg 800w, https:\/\/rotary.zamosc.pl\/wp-content\/uploads\/2026\/03\/Zawody-Strzeleckie-RC-Zamosc-o-Puchar-Gubernatora-Dystryktu-02.09-3-272x182.jpg 272w, https:\/\/rotary.zamosc.pl\/wp-content\/uploads\/2026\/03\/Zawody-Strzeleckie-RC-Zamosc-o-Puchar-Gubernatora-Dystryktu-02.09-3.jpg 1200w\" sizes=\"(max-width: 700px) 100vw, 700px\" \/><\/figure>\n\n\n\n<figure class=\"wp-block-image size-large\"><img loading=\"lazy\" decoding=\"async\" width=\"700\" height=\"470\" data-id=\"6872\" src=\"https:\/\/rotary.zamosc.pl\/wp-content\/uploads\/2026\/03\/Zawody-Strzeleckie-RC-Zamosc-o-Puchar-Gubernatora-Dystryktu-02.09-2-700x470.jpg\" alt=\"\" class=\"wp-image-6872\" srcset=\"https:\/\/rotary.zamosc.pl\/wp-content\/uploads\/2026\/03\/Zawody-Strzeleckie-RC-Zamosc-o-Puchar-Gubernatora-Dystryktu-02.09-2-700x470.jpg 700w, https:\/\/rotary.zamosc.pl\/wp-content\/uploads\/2026\/03\/Zawody-Strzeleckie-RC-Zamosc-o-Puchar-Gubernatora-Dystryktu-02.09-2-300x201.jpg 300w, https:\/\/rotary.zamosc.pl\/wp-content\/uploads\/2026\/03\/Zawody-Strzeleckie-RC-Zamosc-o-Puchar-Gubernatora-Dystryktu-02.09-2-768x515.jpg 768w, https:\/\/rotary.zamosc.pl\/wp-content\/uploads\/2026\/03\/Zawody-Strzeleckie-RC-Zamosc-o-Puchar-Gubernatora-Dystryktu-02.09-2-800x537.jpg 800w, https:\/\/rotary.zamosc.pl\/wp-content\/uploads\/2026\/03\/Zawody-Strzeleckie-RC-Zamosc-o-Puchar-Gubernatora-Dystryktu-02.09-2-272x182.jpg 272w, https:\/\/rotary.zamosc.pl\/wp-content\/uploads\/2026\/03\/Zawody-Strzeleckie-RC-Zamosc-o-Puchar-Gubernatora-Dystryktu-02.09-2.jpg 1200w\" sizes=\"(max-width: 700px) 100vw, 700px\" \/><\/figure>\n\n\n\n<figure class=\"wp-block-image size-large\"><img loading=\"lazy\" decoding=\"async\" width=\"700\" height=\"470\" data-id=\"6871\" src=\"https:\/\/rotary.zamosc.pl\/wp-content\/uploads\/2026\/03\/Zawody-Strzeleckie-RC-Zamosc-o-Puchar-Gubernatora-Dystryktu-02.09-1-700x470.jpg\" alt=\"\" class=\"wp-image-6871\" srcset=\"https:\/\/rotary.zamosc.pl\/wp-content\/uploads\/2026\/03\/Zawody-Strzeleckie-RC-Zamosc-o-Puchar-Gubernatora-Dystryktu-02.09-1-700x470.jpg 700w, https:\/\/rotary.zamosc.pl\/wp-content\/uploads\/2026\/03\/Zawody-Strzeleckie-RC-Zamosc-o-Puchar-Gubernatora-Dystryktu-02.09-1-300x201.jpg 300w, https:\/\/rotary.zamosc.pl\/wp-content\/uploads\/2026\/03\/Zawody-Strzeleckie-RC-Zamosc-o-Puchar-Gubernatora-Dystryktu-02.09-1-768x515.jpg 768w, https:\/\/rotary.zamosc.pl\/wp-content\/uploads\/2026\/03\/Zawody-Strzeleckie-RC-Zamosc-o-Puchar-Gubernatora-Dystryktu-02.09-1-800x537.jpg 800w, https:\/\/rotary.zamosc.pl\/wp-content\/uploads\/2026\/03\/Zawody-Strzeleckie-RC-Zamosc-o-Puchar-Gubernatora-Dystryktu-02.09-1-272x182.jpg 272w, https:\/\/rotary.zamosc.pl\/wp-content\/uploads\/2026\/03\/Zawody-Strzeleckie-RC-Zamosc-o-Puchar-Gubernatora-Dystryktu-02.09-1.jpg 1200w\" sizes=\"(max-width: 700px) 100vw, 700px\" \/><\/figure>\n<\/figure>\n","protected":false},"excerpt":{"rendered":"<p>W sobot\u0119 2 wrze\u015bnia br. na terenie strzelnicy Rotunda w Zamo\u015bciu odby\u0142y si\u0119 XII Mistrzostwa Dystryktu 2231 RI o Puchar Gubernatora Dystryktu w strzelaniu z broni sportowej. Honorowy patronat nad zawodami obj\u0105\u0142 Prezydent Miasta Zamo\u015bcia Pan Andrzej Wnuk, za\u015b patronatem medialnym otoczy\u0142 Tygodnik Zamojski. Imprez\u0119 swoj\u0105 obecno\u015bci\u0105 zaszczyci\u0142 Gubernator Dystryktu 2231, Jerzy Korczy\u0144ski. W strzelaniu&#8230;<\/p>\n","protected":false},"author":1,"featured_media":6894,"comment_status":"open","ping_status":"open","sticky":false,"template":"","format":"standard","meta":{"footnotes":""},"categories":[25],"tags":[],"class_list":["post-6870","post","type-post","status-publish","format-standard","has-post-thumbnail","hentry","category-25"],"rttpg_featured_image_url":{"full":["https:\/\/rotary.zamosc.pl\/wp-content\/uploads\/2026\/03\/Zawody-Strzeleckie-RC-Zamosc-o-Puchar-Gubernatora-Dystryktu-02.09-24.jpg",1200,805,false],"landscape":["https:\/\/rotary.zamosc.pl\/wp-content\/uploads\/2026\/03\/Zawody-Strzeleckie-RC-Zamosc-o-Puchar-Gubernatora-Dystryktu-02.09-24.jpg",1200,805,false],"portraits":["https:\/\/rotary.zamosc.pl\/wp-content\/uploads\/2026\/03\/Zawody-Strzeleckie-RC-Zamosc-o-Puchar-Gubernatora-Dystryktu-02.09-24.jpg",1200,805,false],"thumbnail":["https:\/\/rotary.zamosc.pl\/wp-content\/uploads\/2026\/03\/Zawody-Strzeleckie-RC-Zamosc-o-Puchar-Gubernatora-Dystryktu-02.09-24-150x150.jpg",150,150,true],"medium":["https:\/\/rotary.zamosc.pl\/wp-content\/uploads\/2026\/03\/Zawody-Strzeleckie-RC-Zamosc-o-Puchar-Gubernatora-Dystryktu-02.09-24-300x201.jpg",300,201,true],"large":["https:\/\/rotary.zamosc.pl\/wp-content\/uploads\/2026\/03\/Zawody-Strzeleckie-RC-Zamosc-o-Puchar-Gubernatora-Dystryktu-02.09-24-700x470.jpg",700,470,true],"1536x1536":["https:\/\/rotary.zamosc.pl\/wp-content\/uploads\/2026\/03\/Zawody-Strzeleckie-RC-Zamosc-o-Puchar-Gubernatora-Dystryktu-02.09-24.jpg",1200,805,false],"2048x2048":["https:\/\/rotary.zamosc.pl\/wp-content\/uploads\/2026\/03\/Zawody-Strzeleckie-RC-Zamosc-o-Puchar-Gubernatora-Dystryktu-02.09-24.jpg",1200,805,false],"post-thumbnail":["https:\/\/rotary.zamosc.pl\/wp-content\/uploads\/2026\/03\/Zawody-Strzeleckie-RC-Zamosc-o-Puchar-Gubernatora-Dystryktu-02.09-24-800x537.jpg",800,537,true],"graphy-post-thumbnail-large":["https:\/\/rotary.zamosc.pl\/wp-content\/uploads\/2026\/03\/Zawody-Strzeleckie-RC-Zamosc-o-Puchar-Gubernatora-Dystryktu-02.09-24-1080x600.jpg",1080,600,true],"graphy-post-thumbnail-medium":["https:\/\/rotary.zamosc.pl\/wp-content\/uploads\/2026\/03\/Zawody-Strzeleckie-RC-Zamosc-o-Puchar-Gubernatora-Dystryktu-02.09-24-482x300.jpg",482,300,true],"graphy-post-thumbnail-small":["https:\/\/rotary.zamosc.pl\/wp-content\/uploads\/2026\/03\/Zawody-Strzeleckie-RC-Zamosc-o-Puchar-Gubernatora-Dystryktu-02.09-24-80x60.jpg",80,60,true],"graphy-page-thumbnail":["https:\/\/rotary.zamosc.pl\/wp-content\/uploads\/2026\/03\/Zawody-Strzeleckie-RC-Zamosc-o-Puchar-Gubernatora-Dystryktu-02.09-24-1200x350.jpg",1200,350,true],"sow-carousel-default":["https:\/\/rotary.zamosc.pl\/wp-content\/uploads\/2026\/03\/Zawody-Strzeleckie-RC-Zamosc-o-Puchar-Gubernatora-Dystryktu-02.09-24-272x182.jpg",272,182,true]},"rttpg_author":{"display_name":"rotaryzamosc","author_link":"https:\/\/rotary.zamosc.pl\/index.php\/author\/rotaryzamosc\/"},"rttpg_comment":0,"rttpg_category":"<a href=\"https:\/\/rotary.zamosc.pl\/index.php\/category\/2017\/\" rel=\"category tag\">2017<\/a>","rttpg_excerpt":"W sobot\u0119 2 wrze\u015bnia br. na terenie strzelnicy Rotunda w Zamo\u015bciu odby\u0142y si\u0119 XII Mistrzostwa Dystryktu 2231 RI o Puchar Gubernatora Dystryktu w strzelaniu z broni sportowej. Honorowy patronat nad zawodami obj\u0105\u0142 Prezydent Miasta Zamo\u015bcia Pan Andrzej Wnuk, za\u015b patronatem medialnym otoczy\u0142 Tygodnik Zamojski. Imprez\u0119 swoj\u0105 obecno\u015bci\u0105 zaszczyci\u0142 Gubernator Dystryktu 2231, Jerzy Korczy\u0144ski. W strzelaniu...","_links":{"self":[{"href":"https:\/\/rotary.zamosc.pl\/index.php\/wp-json\/wp\/v2\/posts\/6870","targetHints":{"allow":["GET"]}}],"collection":[{"href":"https:\/\/rotary.zamosc.pl\/index.php\/wp-json\/wp\/v2\/posts"}],"about":[{"href":"https:\/\/rotary.zamosc.pl\/index.php\/wp-json\/wp\/v2\/types\/post"}],"author":[{"embeddable":true,"href":"https:\/\/rotary.zamosc.pl\/index.php\/wp-json\/wp\/v2\/users\/1"}],"replies":[{"embeddable":true,"href":"https:\/\/rotary.zamosc.pl\/index.php\/wp-json\/wp\/v2\/comments?post=6870"}],"version-history":[{"count":3,"href":"https:\/\/rotary.zamosc.pl\/index.php\/wp-json\/wp\/v2\/posts\/6870\/revisions"}],"predecessor-version":[{"id":6897,"href":"https:\/\/rotary.zamosc.pl\/index.php\/wp-json\/wp\/v2\/posts\/6870\/revisions\/6897"}],"wp:featuredmedia":[{"embeddable":true,"href":"https:\/\/rotary.zamosc.pl\/index.php\/wp-json\/wp\/v2\/media\/6894"}],"wp:attachment":[{"href":"https:\/\/rotary.zamosc.pl\/index.php\/wp-json\/wp\/v2\/media?parent=6870"}],"wp:term":[{"taxonomy":"category","embeddable":true,"href":"https:\/\/rotary.zamosc.pl\/index.php\/wp-json\/wp\/v2\/categories?post=6870"},{"taxonomy":"post_tag","embeddable":true,"href":"https:\/\/rotary.zamosc.pl\/index.php\/wp-json\/wp\/v2\/tags?post=6870"}],"curies":[{"name":"wp","href":"https:\/\/api.w.org\/{rel}","templated":true}]}}