{"id":6922,"date":"2017-05-16T13:02:00","date_gmt":"2017-05-16T11:02:00","guid":{"rendered":"https:\/\/rotary.zamosc.pl\/?p=6922"},"modified":"2026-03-20T13:04:09","modified_gmt":"2026-03-20T12:04:09","slug":"stypendysci-panstwowej-szkoly-muzycznej-ii-stopnia-koncert","status":"publish","type":"post","link":"https:\/\/rotary.zamosc.pl\/index.php\/2017\/05\/16\/stypendysci-panstwowej-szkoly-muzycznej-ii-stopnia-koncert\/","title":{"rendered":"Stypendy\u015bci Pa\u0144stwowej Szko\u0142y Muzycznej II stopnia \u2013 koncert"},"content":{"rendered":"\n<p class=\"wp-block-paragraph\">Zbli\u017caj\u0105cy si\u0119 koniec roku szkolnego to dla wi\u0119kszo\u015bci maturzyst\u00f3w egzaminy z j\u0119zyka polskiego, matematyki i innych przedmiot\u00f3w wybranych. Dla naszych stypendyst\u00f3w z Pa\u0144stwowej Szko\u0142y Muzycznej II stopnia, to koncerty dyplomowe przed dyrekcj\u0105 Szko\u0142y oraz licznie zgromadzon\u0105 publiczno\u015bci\u0105.<\/p>\n\n\n\n<p class=\"wp-block-paragraph\">16 maja 2017 sw\u00f3j koncert dyplomowy mieli m\u0142odzi arty\u015bci, obj\u0119ci programem stypendialnym RC Zamo\u015b\u0107. W klasie \u015bpiewu solowego, baryton Adam Kamieniecki, a w klasie organ\u00f3w Micha\u0142 Greszta. &nbsp;Z ramienia naszego klubu popisy artyst\u00f3w podziwiali i oklaskiwali Prezydent RC Zamo\u015b\u0107 dr Bogdan Szyma\u0144ski wraz z ma\u0142\u017conk\u0105 El\u017cbiet\u0105 oraz PDGA &nbsp;dr Jerzy Liberadzki.<\/p>\n\n\n\n<p class=\"wp-block-paragraph\">W swoim kr\u00f3tkim wyst\u0105pieniu przy tej okazji, Prezydent RC Zamo\u015b\u0107 w imieniu wszystkich cz\u0142onk\u00f3w naszego klubu \u017cyczy\u0142 wyst\u0119puj\u0105cym wielu sukces\u00f3w i rozwoju kariery artystycznej. Po swoim wyst\u0119pie Adam Kamieniecki z\u0142o\u017cy\u0142 na r\u0119ce dr Bogdana Szyma\u0144skiego podzi\u0119kowanie za przyznane stypendium oraz okazane wsparcie.<\/p>\n\n\n\n<p class=\"wp-block-paragraph\">B\u0119dziemy z pewno\u015bci\u0105 w dalszym ci\u0105gu z uwag\u0105 \u015bledzi\u0107 losy artystyczne naszych m\u0142odych stypendyst\u00f3w, trzymaj\u0105c kciuki za ich powodzenie.<\/p>\n","protected":false},"excerpt":{"rendered":"<p>Zbli\u017caj\u0105cy si\u0119 koniec roku szkolnego to dla wi\u0119kszo\u015bci maturzyst\u00f3w egzaminy z j\u0119zyka polskiego, matematyki i innych przedmiot\u00f3w wybranych. Dla naszych stypendyst\u00f3w z Pa\u0144stwowej Szko\u0142y Muzycznej II stopnia, to koncerty dyplomowe przed dyrekcj\u0105 Szko\u0142y oraz licznie zgromadzon\u0105 publiczno\u015bci\u0105. 16 maja 2017 sw\u00f3j koncert dyplomowy mieli m\u0142odzi arty\u015bci, obj\u0119ci programem stypendialnym RC Zamo\u015b\u0107. W klasie \u015bpiewu solowego,&#8230;<\/p>\n","protected":false},"author":1,"featured_media":499,"comment_status":"open","ping_status":"open","sticky":false,"template":"","format":"standard","meta":{"footnotes":""},"categories":[25,17],"tags":[],"class_list":["post-6922","post","type-post","status-publish","format-standard","has-post-thumbnail","hentry","category-25","category-stypendia"],"rttpg_featured_image_url":{"full":["https:\/\/rotary.zamosc.pl\/wp-content\/uploads\/2017\/01\/Adam-Kamieniecki.jpg",4927,2771,false],"landscape":["https:\/\/rotary.zamosc.pl\/wp-content\/uploads\/2017\/01\/Adam-Kamieniecki.jpg",4927,2771,false],"portraits":["https:\/\/rotary.zamosc.pl\/wp-content\/uploads\/2017\/01\/Adam-Kamieniecki.jpg",4927,2771,false],"thumbnail":["https:\/\/rotary.zamosc.pl\/wp-content\/uploads\/2017\/01\/Adam-Kamieniecki-150x150.jpg",150,150,true],"medium":["https:\/\/rotary.zamosc.pl\/wp-content\/uploads\/2017\/01\/Adam-Kamieniecki-300x169.jpg",300,169,true],"large":["https:\/\/rotary.zamosc.pl\/wp-content\/uploads\/2017\/01\/Adam-Kamieniecki-700x394.jpg",700,394,true],"1536x1536":["https:\/\/rotary.zamosc.pl\/wp-content\/uploads\/2017\/01\/Adam-Kamieniecki.jpg",1536,864,false],"2048x2048":["https:\/\/rotary.zamosc.pl\/wp-content\/uploads\/2017\/01\/Adam-Kamieniecki.jpg",2048,1152,false],"post-thumbnail":["https:\/\/rotary.zamosc.pl\/wp-content\/uploads\/2017\/01\/Adam-Kamieniecki-800x450.jpg",800,450,true],"graphy-post-thumbnail-large":["https:\/\/rotary.zamosc.pl\/wp-content\/uploads\/2017\/01\/Adam-Kamieniecki-1080x600.jpg",1080,600,true],"graphy-post-thumbnail-medium":["https:\/\/rotary.zamosc.pl\/wp-content\/uploads\/2017\/01\/Adam-Kamieniecki-482x300.jpg",482,300,true],"graphy-post-thumbnail-small":["https:\/\/rotary.zamosc.pl\/wp-content\/uploads\/2017\/01\/Adam-Kamieniecki-80x60.jpg",80,60,true],"graphy-page-thumbnail":["https:\/\/rotary.zamosc.pl\/wp-content\/uploads\/2017\/01\/Adam-Kamieniecki-1260x350.jpg",1260,350,true],"sow-carousel-default":["https:\/\/rotary.zamosc.pl\/wp-content\/uploads\/2017\/01\/Adam-Kamieniecki-272x182.jpg",272,182,true]},"rttpg_author":{"display_name":"rotaryzamosc","author_link":"https:\/\/rotary.zamosc.pl\/index.php\/author\/rotaryzamosc\/"},"rttpg_comment":0,"rttpg_category":"<a href=\"https:\/\/rotary.zamosc.pl\/index.php\/category\/2017\/\" rel=\"category tag\">2017<\/a> <a href=\"https:\/\/rotary.zamosc.pl\/index.php\/category\/stypendia\/\" rel=\"category tag\">Stypendia<\/a>","rttpg_excerpt":"Zbli\u017caj\u0105cy si\u0119 koniec roku szkolnego to dla wi\u0119kszo\u015bci maturzyst\u00f3w egzaminy z j\u0119zyka polskiego, matematyki i innych przedmiot\u00f3w wybranych. Dla naszych stypendyst\u00f3w z Pa\u0144stwowej Szko\u0142y Muzycznej II stopnia, to koncerty dyplomowe przed dyrekcj\u0105 Szko\u0142y oraz licznie zgromadzon\u0105 publiczno\u015bci\u0105. 16 maja 2017 sw\u00f3j koncert dyplomowy mieli m\u0142odzi arty\u015bci, obj\u0119ci programem stypendialnym RC Zamo\u015b\u0107. W klasie \u015bpiewu solowego,...","_links":{"self":[{"href":"https:\/\/rotary.zamosc.pl\/index.php\/wp-json\/wp\/v2\/posts\/6922","targetHints":{"allow":["GET"]}}],"collection":[{"href":"https:\/\/rotary.zamosc.pl\/index.php\/wp-json\/wp\/v2\/posts"}],"about":[{"href":"https:\/\/rotary.zamosc.pl\/index.php\/wp-json\/wp\/v2\/types\/post"}],"author":[{"embeddable":true,"href":"https:\/\/rotary.zamosc.pl\/index.php\/wp-json\/wp\/v2\/users\/1"}],"replies":[{"embeddable":true,"href":"https:\/\/rotary.zamosc.pl\/index.php\/wp-json\/wp\/v2\/comments?post=6922"}],"version-history":[{"count":1,"href":"https:\/\/rotary.zamosc.pl\/index.php\/wp-json\/wp\/v2\/posts\/6922\/revisions"}],"predecessor-version":[{"id":6923,"href":"https:\/\/rotary.zamosc.pl\/index.php\/wp-json\/wp\/v2\/posts\/6922\/revisions\/6923"}],"wp:featuredmedia":[{"embeddable":true,"href":"https:\/\/rotary.zamosc.pl\/index.php\/wp-json\/wp\/v2\/media\/499"}],"wp:attachment":[{"href":"https:\/\/rotary.zamosc.pl\/index.php\/wp-json\/wp\/v2\/media?parent=6922"}],"wp:term":[{"taxonomy":"category","embeddable":true,"href":"https:\/\/rotary.zamosc.pl\/index.php\/wp-json\/wp\/v2\/categories?post=6922"},{"taxonomy":"post_tag","embeddable":true,"href":"https:\/\/rotary.zamosc.pl\/index.php\/wp-json\/wp\/v2\/tags?post=6922"}],"curies":[{"name":"wp","href":"https:\/\/api.w.org\/{rel}","templated":true}]}}