{"id":6926,"date":"2017-05-03T13:05:00","date_gmt":"2017-05-03T11:05:00","guid":{"rendered":"https:\/\/rotary.zamosc.pl\/?p=6926"},"modified":"2026-03-20T13:07:34","modified_gmt":"2026-03-20T12:07:34","slug":"3-maj-swieto-uchwalenia-konstytucji","status":"publish","type":"post","link":"https:\/\/rotary.zamosc.pl\/index.php\/2017\/05\/03\/3-maj-swieto-uchwalenia-konstytucji\/","title":{"rendered":"3 Maj \u2013 \u015awi\u0119to uchwalenia Konstytucji"},"content":{"rendered":"\n<p class=\"wp-block-paragraph\">W dniu \u015bwi\u0119ta Narodowego 3 Maja \u2013 rocznicy uchwalenia Konstytucji w 1791 roku \u2013 Ustawy Rz\u0105dowej reguluj\u0105cej ustruj prawny Rzeczpospolitej Obojga Narod\u00f3w, delegacja RC Zamo\u015b\u0107 z\u0142o\u017cy\u0142a wi\u0105zank\u0119 bia\u0142o-czerwonych kwiat\u00f3w na tablicy upami\u0119tniaj\u0105cej wizyt\u0119 Marsza\u0142ka J\u00f3zefa Pi\u0142sudskiego w Zamo\u015bciu w dniu 17.10.1922 roku.<\/p>\n\n\n\n<p class=\"wp-block-paragraph\">Na pami\u0105tk\u0119 obecno\u015bci delegacji RC Zamo\u015b\u0107 podczas uroczystych obchod\u00f3w tej rocznicy, poni\u017cej materia\u0142 zdj\u0119ciowy. Nasz klub reprezentowali:<\/p>\n\n\n\n<p class=\"wp-block-paragraph\">Bogdan Szyma\u0144ski \u2013 Prezydent RC Zamo\u015b\u0107<\/p>\n\n\n\n<p class=\"wp-block-paragraph\">El\u017cbieta Szyma\u0144ska \u2013 Cz\u0142onek Klubu<\/p>\n\n\n\n<p class=\"wp-block-paragraph\">Miros\u0142aw Piwkowski \u2013 Sekretarz Klubu<\/p>\n\n\n\n<p class=\"wp-block-paragraph\">Udzia\u0142 przedstawicieli naszego klubu w obchodach rocznicowych konstytucji 3 Maja pozostanie tradycj\u0105 RC Zamo\u015b\u0107.<\/p>\n\n\n\n<figure class=\"wp-block-gallery has-nested-images columns-1 is-cropped wp-block-gallery-1 is-layout-flex wp-block-gallery-is-layout-flex\">\n<figure class=\"wp-block-image size-large\"><img fetchpriority=\"high\" decoding=\"async\" width=\"700\" height=\"394\" data-id=\"6930\" src=\"https:\/\/rotary.zamosc.pl\/wp-content\/uploads\/2026\/03\/3-Maj-\u2013-Swieto-uchwalenia-Konstytucji-2017-4-700x394.jpg\" alt=\"\" class=\"wp-image-6930\" srcset=\"https:\/\/rotary.zamosc.pl\/wp-content\/uploads\/2026\/03\/3-Maj-\u2013-Swieto-uchwalenia-Konstytucji-2017-4-700x394.jpg 700w, https:\/\/rotary.zamosc.pl\/wp-content\/uploads\/2026\/03\/3-Maj-\u2013-Swieto-uchwalenia-Konstytucji-2017-4-300x169.jpg 300w, https:\/\/rotary.zamosc.pl\/wp-content\/uploads\/2026\/03\/3-Maj-\u2013-Swieto-uchwalenia-Konstytucji-2017-4-768x432.jpg 768w, https:\/\/rotary.zamosc.pl\/wp-content\/uploads\/2026\/03\/3-Maj-\u2013-Swieto-uchwalenia-Konstytucji-2017-4-800x450.jpg 800w, https:\/\/rotary.zamosc.pl\/wp-content\/uploads\/2026\/03\/3-Maj-\u2013-Swieto-uchwalenia-Konstytucji-2017-4.jpg 1200w\" sizes=\"(max-width: 700px) 100vw, 700px\" \/><\/figure>\n\n\n\n<figure class=\"wp-block-image size-large\"><img decoding=\"async\" width=\"700\" height=\"394\" data-id=\"6929\" src=\"https:\/\/rotary.zamosc.pl\/wp-content\/uploads\/2026\/03\/3-Maj-\u2013-Swieto-uchwalenia-Konstytucji-2017-3-700x394.jpg\" alt=\"\" class=\"wp-image-6929\" srcset=\"https:\/\/rotary.zamosc.pl\/wp-content\/uploads\/2026\/03\/3-Maj-\u2013-Swieto-uchwalenia-Konstytucji-2017-3-700x394.jpg 700w, https:\/\/rotary.zamosc.pl\/wp-content\/uploads\/2026\/03\/3-Maj-\u2013-Swieto-uchwalenia-Konstytucji-2017-3-300x169.jpg 300w, https:\/\/rotary.zamosc.pl\/wp-content\/uploads\/2026\/03\/3-Maj-\u2013-Swieto-uchwalenia-Konstytucji-2017-3-768x432.jpg 768w, https:\/\/rotary.zamosc.pl\/wp-content\/uploads\/2026\/03\/3-Maj-\u2013-Swieto-uchwalenia-Konstytucji-2017-3-800x450.jpg 800w, https:\/\/rotary.zamosc.pl\/wp-content\/uploads\/2026\/03\/3-Maj-\u2013-Swieto-uchwalenia-Konstytucji-2017-3.jpg 1200w\" sizes=\"(max-width: 700px) 100vw, 700px\" \/><\/figure>\n\n\n\n<figure class=\"wp-block-image size-large\"><img decoding=\"async\" width=\"700\" height=\"394\" data-id=\"6928\" src=\"https:\/\/rotary.zamosc.pl\/wp-content\/uploads\/2026\/03\/3-Maj-\u2013-Swieto-uchwalenia-Konstytucji-2017-2-700x394.jpg\" alt=\"\" class=\"wp-image-6928\" srcset=\"https:\/\/rotary.zamosc.pl\/wp-content\/uploads\/2026\/03\/3-Maj-\u2013-Swieto-uchwalenia-Konstytucji-2017-2-700x394.jpg 700w, https:\/\/rotary.zamosc.pl\/wp-content\/uploads\/2026\/03\/3-Maj-\u2013-Swieto-uchwalenia-Konstytucji-2017-2-300x169.jpg 300w, https:\/\/rotary.zamosc.pl\/wp-content\/uploads\/2026\/03\/3-Maj-\u2013-Swieto-uchwalenia-Konstytucji-2017-2-768x432.jpg 768w, https:\/\/rotary.zamosc.pl\/wp-content\/uploads\/2026\/03\/3-Maj-\u2013-Swieto-uchwalenia-Konstytucji-2017-2-800x450.jpg 800w, https:\/\/rotary.zamosc.pl\/wp-content\/uploads\/2026\/03\/3-Maj-\u2013-Swieto-uchwalenia-Konstytucji-2017-2.jpg 1200w\" sizes=\"(max-width: 700px) 100vw, 700px\" \/><\/figure>\n<\/figure>\n","protected":false},"excerpt":{"rendered":"<p>W dniu \u015bwi\u0119ta Narodowego 3 Maja \u2013 rocznicy uchwalenia Konstytucji w 1791 roku \u2013 Ustawy Rz\u0105dowej reguluj\u0105cej ustruj prawny Rzeczpospolitej Obojga Narod\u00f3w, delegacja RC Zamo\u015b\u0107 z\u0142o\u017cy\u0142a wi\u0105zank\u0119 bia\u0142o-czerwonych kwiat\u00f3w na tablicy upami\u0119tniaj\u0105cej wizyt\u0119 Marsza\u0142ka J\u00f3zefa Pi\u0142sudskiego w Zamo\u015bciu w dniu 17.10.1922 roku. Na pami\u0105tk\u0119 obecno\u015bci delegacji RC Zamo\u015b\u0107 podczas uroczystych obchod\u00f3w tej rocznicy, poni\u017cej materia\u0142&#8230;<\/p>\n","protected":false},"author":1,"featured_media":6927,"comment_status":"open","ping_status":"open","sticky":false,"template":"","format":"standard","meta":{"footnotes":""},"categories":[25],"tags":[],"class_list":["post-6926","post","type-post","status-publish","format-standard","has-post-thumbnail","hentry","category-25"],"rttpg_featured_image_url":{"full":["https:\/\/rotary.zamosc.pl\/wp-content\/uploads\/2026\/03\/3-Maj-\u2013-Swieto-uchwalenia-Konstytucji-2017-1.jpg",1200,900,false],"landscape":["https:\/\/rotary.zamosc.pl\/wp-content\/uploads\/2026\/03\/3-Maj-\u2013-Swieto-uchwalenia-Konstytucji-2017-1.jpg",1200,900,false],"portraits":["https:\/\/rotary.zamosc.pl\/wp-content\/uploads\/2026\/03\/3-Maj-\u2013-Swieto-uchwalenia-Konstytucji-2017-1.jpg",1200,900,false],"thumbnail":["https:\/\/rotary.zamosc.pl\/wp-content\/uploads\/2026\/03\/3-Maj-\u2013-Swieto-uchwalenia-Konstytucji-2017-1-150x150.jpg",150,150,true],"medium":["https:\/\/rotary.zamosc.pl\/wp-content\/uploads\/2026\/03\/3-Maj-\u2013-Swieto-uchwalenia-Konstytucji-2017-1-300x225.jpg",300,225,true],"large":["https:\/\/rotary.zamosc.pl\/wp-content\/uploads\/2026\/03\/3-Maj-\u2013-Swieto-uchwalenia-Konstytucji-2017-1-700x525.jpg",700,525,true],"1536x1536":["https:\/\/rotary.zamosc.pl\/wp-content\/uploads\/2026\/03\/3-Maj-\u2013-Swieto-uchwalenia-Konstytucji-2017-1.jpg",1200,900,false],"2048x2048":["https:\/\/rotary.zamosc.pl\/wp-content\/uploads\/2026\/03\/3-Maj-\u2013-Swieto-uchwalenia-Konstytucji-2017-1.jpg",1200,900,false],"post-thumbnail":["https:\/\/rotary.zamosc.pl\/wp-content\/uploads\/2026\/03\/3-Maj-\u2013-Swieto-uchwalenia-Konstytucji-2017-1-800x600.jpg",800,600,true],"graphy-post-thumbnail-large":["https:\/\/rotary.zamosc.pl\/wp-content\/uploads\/2026\/03\/3-Maj-\u2013-Swieto-uchwalenia-Konstytucji-2017-1-1080x600.jpg",1080,600,true],"graphy-post-thumbnail-medium":["https:\/\/rotary.zamosc.pl\/wp-content\/uploads\/2026\/03\/3-Maj-\u2013-Swieto-uchwalenia-Konstytucji-2017-1-482x300.jpg",482,300,true],"graphy-post-thumbnail-small":["https:\/\/rotary.zamosc.pl\/wp-content\/uploads\/2026\/03\/3-Maj-\u2013-Swieto-uchwalenia-Konstytucji-2017-1-80x60.jpg",80,60,true],"graphy-page-thumbnail":["https:\/\/rotary.zamosc.pl\/wp-content\/uploads\/2026\/03\/3-Maj-\u2013-Swieto-uchwalenia-Konstytucji-2017-1-1200x350.jpg",1200,350,true],"sow-carousel-default":["https:\/\/rotary.zamosc.pl\/wp-content\/uploads\/2026\/03\/3-Maj-\u2013-Swieto-uchwalenia-Konstytucji-2017-1-272x182.jpg",272,182,true]},"rttpg_author":{"display_name":"rotaryzamosc","author_link":"https:\/\/rotary.zamosc.pl\/index.php\/author\/rotaryzamosc\/"},"rttpg_comment":0,"rttpg_category":"<a href=\"https:\/\/rotary.zamosc.pl\/index.php\/category\/2017\/\" rel=\"category tag\">2017<\/a>","rttpg_excerpt":"W dniu \u015bwi\u0119ta Narodowego 3 Maja \u2013 rocznicy uchwalenia Konstytucji w 1791 roku \u2013 Ustawy Rz\u0105dowej reguluj\u0105cej ustruj prawny Rzeczpospolitej Obojga Narod\u00f3w, delegacja RC Zamo\u015b\u0107 z\u0142o\u017cy\u0142a wi\u0105zank\u0119 bia\u0142o-czerwonych kwiat\u00f3w na tablicy upami\u0119tniaj\u0105cej wizyt\u0119 Marsza\u0142ka J\u00f3zefa Pi\u0142sudskiego w Zamo\u015bciu w dniu 17.10.1922 roku. Na pami\u0105tk\u0119 obecno\u015bci delegacji RC Zamo\u015b\u0107 podczas uroczystych obchod\u00f3w tej rocznicy, poni\u017cej materia\u0142...","_links":{"self":[{"href":"https:\/\/rotary.zamosc.pl\/index.php\/wp-json\/wp\/v2\/posts\/6926","targetHints":{"allow":["GET"]}}],"collection":[{"href":"https:\/\/rotary.zamosc.pl\/index.php\/wp-json\/wp\/v2\/posts"}],"about":[{"href":"https:\/\/rotary.zamosc.pl\/index.php\/wp-json\/wp\/v2\/types\/post"}],"author":[{"embeddable":true,"href":"https:\/\/rotary.zamosc.pl\/index.php\/wp-json\/wp\/v2\/users\/1"}],"replies":[{"embeddable":true,"href":"https:\/\/rotary.zamosc.pl\/index.php\/wp-json\/wp\/v2\/comments?post=6926"}],"version-history":[{"count":1,"href":"https:\/\/rotary.zamosc.pl\/index.php\/wp-json\/wp\/v2\/posts\/6926\/revisions"}],"predecessor-version":[{"id":6931,"href":"https:\/\/rotary.zamosc.pl\/index.php\/wp-json\/wp\/v2\/posts\/6926\/revisions\/6931"}],"wp:featuredmedia":[{"embeddable":true,"href":"https:\/\/rotary.zamosc.pl\/index.php\/wp-json\/wp\/v2\/media\/6927"}],"wp:attachment":[{"href":"https:\/\/rotary.zamosc.pl\/index.php\/wp-json\/wp\/v2\/media?parent=6926"}],"wp:term":[{"taxonomy":"category","embeddable":true,"href":"https:\/\/rotary.zamosc.pl\/index.php\/wp-json\/wp\/v2\/categories?post=6926"},{"taxonomy":"post_tag","embeddable":true,"href":"https:\/\/rotary.zamosc.pl\/index.php\/wp-json\/wp\/v2\/tags?post=6926"}],"curies":[{"name":"wp","href":"https:\/\/api.w.org\/{rel}","templated":true}]}}