{"id":6932,"date":"2017-04-11T13:07:00","date_gmt":"2017-04-11T11:07:00","guid":{"rendered":"https:\/\/rotary.zamosc.pl\/?p=6932"},"modified":"2026-03-20T13:08:58","modified_gmt":"2026-03-20T12:08:58","slug":"wielkanocne-jajeczko-rc-zamosc-nowy-czlonek-rc-zamosc","status":"publish","type":"post","link":"https:\/\/rotary.zamosc.pl\/index.php\/2017\/04\/11\/wielkanocne-jajeczko-rc-zamosc-nowy-czlonek-rc-zamosc\/","title":{"rendered":"Wielkanocne \u201eJajeczko\u201d RC Zamo\u015b\u0107, Nowy Cz\u0142onek RC Zamo\u015b\u0107"},"content":{"rendered":"\n<p class=\"wp-block-paragraph\">W dniu 11 kwietnia 2017 roku, w swojej siedzibie, w restauracji \u201eCorner Pub \u201e, obchodzili\u015bmy tradycyjne \u201e Jajeczko \u201e z okazji zbli\u017caj\u0105cych si\u0119 \u015awi\u0105t Wielkanocnych. Niezawodnie stawili si\u0119 cz\u0142onkowie Klubu z osobami towarzysz\u0105cymi. Obecny by\u0142 r\u00f3wnie\u017c cz\u0142onek honorowy \u2013 Marian Szewera.<\/p>\n\n\n\n<p class=\"wp-block-paragraph\">Otwieraj\u0105c spotkanie, p\u0142yn\u0105ce z g\u0142\u0119bi serca \u017cyczenia z\u0142o\u017cy\u0142 Prezydent \u2013 Danek Szyma\u0144ski. Uroczysto\u015b\u0107 u\u015bwietni\u0142o przyj\u0119cie w poczet cz\u0142onk\u00f3w naszego Klubu, nowego rotarianina \u2013 Zbyszka Kubiny, wielkiego entuzjasty samochod\u00f3w i motocykli, cz\u0142owieka wielkiego serca i wspania\u0142ego kolegi.<\/p>\n\n\n\n<p class=\"wp-block-paragraph\">By\u0142 to wtorek, a w kolejnym dniu czeka\u0142y obowi\u0105zki zawodowe, jednak trudno by\u0142o si\u0119 nam rozsta\u0107 do p\u00f3\u017anych godzin nocnych. Wydaje si\u0119, \u017ce szcz\u0119\u015bliwym zrz\u0105dzeniem losu przy aktywnym udziale wszystkich nas, uda\u0142o si\u0119 stworzy\u0107 50-cio osobow\u0105 rotaria\u0144sk\u0105 rodzin\u0119, po\u0142\u0105czon\u0105 wi\u0119zami przyja\u017ani i kole\u017ce\u0144stwa.<\/p>\n\n\n\n<p class=\"wp-block-paragraph\">Z inicjatywy naszego Prezydenta, now\u0105 tradycj\u0105 sta\u0142a si\u0119 zbi\u00f3rka do kapelusza na pokarm dla zwierzak\u00f3w ze schroniska na Karol\u00f3wce. Ka\u017cdorazowo przed Wielkanoc\u0105 i Bo\u017cym Narodzeniem b\u0119dziemy powtarza\u0107 t\u0119 akcj\u0119 i zaprasza\u0107 do niej wszystkich, wra\u017cliwych na los samotnych zwierzak\u00f3w.<a href=\"https:\/\/rotary.zamosc.pl\/wp-content\/uploads\/photo-gallery\/2017\/2017.04 Jajeczko nowy czlonek\/IMG_0240.JPG\"> <\/a><a href=\"https:\/\/rotary.zamosc.pl\/wp-content\/uploads\/photo-gallery\/2017\/2017.04 Jajeczko nowy czlonek\/IMG_0249.JPG\"><\/a><a href=\"https:\/\/rotary.zamosc.pl\/wp-content\/uploads\/photo-gallery\/2017\/2017.04 Jajeczko nowy czlonek\/IMG_0260.JPG\"> <\/a><a href=\"https:\/\/rotary.zamosc.pl\/wp-content\/uploads\/photo-gallery\/2017\/2017.04 Jajeczko nowy czlonek\/IMG_0250.JPG\"><\/a><a href=\"https:\/\/rotary.zamosc.pl\/wp-content\/uploads\/photo-gallery\/2017\/2017.04 Jajeczko nowy czlonek\/IMG_0244.JPG\"> <\/a><a href=\"https:\/\/rotary.zamosc.pl\/wp-content\/uploads\/photo-gallery\/2017\/2017.04 Jajeczko nowy czlonek\/IMG_0252.JPG\"><\/a><a href=\"https:\/\/rotary.zamosc.pl\/wp-content\/uploads\/photo-gallery\/2017\/2017.04 Jajeczko nowy czlonek\/IMG_0261.JPG\"> <\/a><a href=\"https:\/\/rotary.zamosc.pl\/wp-content\/uploads\/photo-gallery\/2017\/2017.04 Jajeczko nowy czlonek\/IMG_0265.JPG\"><\/a><\/p>\n\n\n\n<hr class=\"wp-block-separator has-alpha-channel-opacity\"\/>\n\n\n\n<h3 class=\"wp-block-heading\">JEST TAKA SZKO\u0141A W KO\u0141OMYI !!!<\/h3>\n\n\n\n<p class=\"wp-block-paragraph\">Aktywno\u015b\u0107 naszego klubu jest zauwa\u017cana nie tylko w Polsce w naszym Dystrykcie, ale r\u00f3wnie\u017c za granic\u0105.Poni\u017cej przedstawiamy artyk\u00f3\u0142, kt\u00f3ry ukaza\u0142 si\u0119 w Dzienniku Kijowskim, wydawnictwie skierowanym do Polonii na Ukrainie. To dobrze \u017ce o naszej aktywno\u015bci rotaria\u0144skiej mog\u0105 dowiedzie\u0107 si\u0119 nie tylko jej bezpo\u015bredni beneficjenci.<\/p>\n\n\n\n<p class=\"wp-block-paragraph\">\u201ePolska Szko\u0142a Sobotnia im. Stanis\u0142awa Vincenza, &nbsp;funkcjonuj\u0105ca przy Towarzystwie Kultury Polskiej \u201ePokucie\u201d w przykarpackiej Ko\u0142omyi, wiosn\u0105 obchodzi solidny jubileusz \u2013 20-lecie swego istnienia.<\/p>\n\n\n\n<figure class=\"wp-block-gallery has-nested-images columns-default is-cropped wp-block-gallery-1 is-layout-flex wp-block-gallery-is-layout-flex\">\n<figure class=\"wp-block-image size-large\"><img fetchpriority=\"high\" decoding=\"async\" width=\"700\" height=\"405\" data-id=\"482\" src=\"https:\/\/rotary.zamosc.pl\/wp-content\/uploads\/2017\/01\/kolomyja290329171-700x405.png\" alt=\"\" class=\"wp-image-482\" srcset=\"https:\/\/rotary.zamosc.pl\/wp-content\/uploads\/2017\/01\/kolomyja290329171.png 700w, https:\/\/rotary.zamosc.pl\/wp-content\/uploads\/2017\/01\/kolomyja290329171-300x174.png 300w\" sizes=\"(max-width: 700px) 100vw, 700px\" \/><\/figure>\n<\/figure>\n\n\n\n<p class=\"wp-block-paragraph\">A zacz\u0119\u0142o si\u0119 od tego, \u017ce pani Stanis\u0142awa Ko\u0142usenko, prezes TKP \u201ePokucie\u201d razem z kilkoma inicjatorami w\u0142o\u017cyli moc stara\u0144, aby znale\u017a\u0107 odpowiedni\u0105 plac\u00f3wk\u0119, utworzy\u0107 baz\u0119 materialn\u0105, a najbardziej chodzi\u0142o nam o to, \u017ceby nie zanikn\u0119\u0142y tradycje, kultura, s\u0142owo polskie &nbsp;w tak bogatym historycznie, pi\u0119knym mie\u015bcie nad Prutem.<\/p>\n\n\n\n<p class=\"wp-block-paragraph\">Za ten okres osi\u0105gni\u0119to niema\u0142o. Dzieci z polskich i mieszanych rodzin, wesz\u0142y na drog\u0119 opanowania nie tylko j\u0119zyka polskiego, ale i g\u0142\u0119bszej znajomo\u015bci z piosenkami i ta\u0144cami ludowymi, poprzez uczestnictwo w ch\u00f3rze i szkolnym zespole tanecznym \u201eKwiaty Pokucia\u201d. Cz\u0119sto dobrym bod\u017acem ku temu by\u0142y wyjazdy, wycieczki do Polski a potem dla niekt\u00f3rych nawet studia.<\/p>\n\n\n\n<p class=\"wp-block-paragraph\">Uczniowie szko\u0142y sprz\u0105tali zabytkowy cmentarz, prowadzili r\u00f3\u017cnorakie imprezy, \u015bwi\u0119towali szczeg\u00f3lne daty. Ten edukacyjny zak\u0142ad spo\u0142eczny znany jest w Polsce z udzia\u0142u w festiwalach, konkursach, gdzie zdobywa\u0142 zas\u0142u\u017cone nagrody, odbiera\u0142 gromkie brawa za swoje oryginalne wyst\u0119py.<\/p>\n\n\n\n<p class=\"wp-block-paragraph\">W ci\u0105gu tych dwudziestu lat podj\u0119to wiele interesuj\u0105cych przedsi\u0119wzi\u0119\u0107 powi\u0105zanych tematycznie ze wsp\u00f3\u0142prac\u0105 mi\u0119dzynarodow\u0105.<\/p>\n\n\n\n<p class=\"wp-block-paragraph\">Aktualnie jednym z dobrych tego przyk\u0142ad\u00f3w jest sta\u0142y zwi\u0105zek i przyja\u017a\u0144 z Rotary KLUB z Zamo\u015bcia. Dodam, \u017ce celem Rotary jest wspieranie i umacnianie idea\u0142\u00f3w b\u0119d\u0105cych podstaw\u0105 godnych &nbsp;i &nbsp;warto\u015bciowych przedsi\u0119wzi\u0119\u0107 skierowanych na rozw\u00f3j bezpo\u015brednich kontakt\u00f3w mi\u0119dzynarodowych, jak te\u017c okazaniu pomocy.<\/p>\n\n\n\n<p class=\"wp-block-paragraph\">Podczas drugich ju\u017c, z kolei, odwiedzin Ko\u0142omyi szanowni rotarianie obdarowali szko\u0142\u0119 ksi\u0105\u017ckami i niezb\u0119dnymi do nauki w j\u0119zyku polskim pomocami dydaktycznymi. Starszym osobom z TPK \u201ePokucie\u201d sprezentowano ciep\u0142e koce, ubrania, chemikalia i artyku\u0142y pierwszej pomocy.<\/p>\n\n\n\n<p class=\"wp-block-paragraph\">A w rozmowie, po artystycznym wyst\u0119pie dzieci, prezydent klubu Bogdan Szyma\u0144ski podkre\u015bli\u0142: \u201eTen wyst\u0119p by\u0142 niesamowity. Dzi\u0119ki drogie dzieciaki\u201d. Tego roku grupa uczni\u00f3w z Ko\u0142omyi b\u0119dzie go\u015bci\u0107 w Zamo\u015bciu.<\/p>\n\n\n\n<p class=\"wp-block-paragraph\">Przypomn\u0119, \u017ce w tym roku w Polskiej Szkole Sobotniej im. Stanis\u0142awa Vincenza nauk\u0119 pobiera 129 dzieci, w wieku od 7 do 17 lat. S\u0105 tu te\u017c dwie grupy &nbsp;os\u00f3b starszych, maj\u0105cych podstawy dla otrzymanie Karty Polaka.<\/p>\n\n\n\n<p class=\"wp-block-paragraph\">Z wielkim po\u015bwi\u0119ceniem pracuj\u0105 nauczycielki polskiego: wolontariuszka z Warszawy \u2013 Ewa G\u0142adka, ko\u0142omyjanka z urodzenia, kt\u00f3ra &nbsp;przyjecha\u0142a z Polski, Luiza Matijczyk, jak te\u017c kierowniczki ch\u00f3ru i zespo\u0142u tanecznego Marjana Jakubiw i Oksana Reznyk.<\/p>\n\n\n\n<p class=\"wp-block-paragraph\">Mamy nadziej\u0119, \u017ce w przysz\u0142o\u015bci te dzieci z grodu per\u0142y Przykarpacia Ko\u0142omyi zostan\u0105 ambasadorami polsko\u015bci &nbsp;w Ukrainie. I zapewne wi\u0119kszo\u015b\u0107 z nich odegra istotn\u0105 rol\u0119 w procesie pojednania naszych narod\u00f3w, tak blisko powi\u0105zanych ze sob\u0105.\u201d<\/p>\n","protected":false},"excerpt":{"rendered":"<p>W dniu 11 kwietnia 2017 roku, w swojej siedzibie, w restauracji \u201eCorner Pub \u201e, obchodzili\u015bmy tradycyjne \u201e Jajeczko \u201e z okazji zbli\u017caj\u0105cych si\u0119 \u015awi\u0105t Wielkanocnych. Niezawodnie stawili si\u0119 cz\u0142onkowie Klubu z osobami towarzysz\u0105cymi. Obecny by\u0142 r\u00f3wnie\u017c cz\u0142onek honorowy \u2013 Marian Szewera. Otwieraj\u0105c spotkanie, p\u0142yn\u0105ce z g\u0142\u0119bi serca \u017cyczenia z\u0142o\u017cy\u0142 Prezydent \u2013 Danek Szyma\u0144ski. Uroczysto\u015b\u0107 u\u015bwietni\u0142o&#8230;<\/p>\n","protected":false},"author":1,"featured_media":481,"comment_status":"open","ping_status":"open","sticky":false,"template":"","format":"standard","meta":{"footnotes":""},"categories":[25],"tags":[],"class_list":["post-6932","post","type-post","status-publish","format-standard","has-post-thumbnail","hentry","category-25"],"rttpg_featured_image_url":{"full":["https:\/\/rotary.zamosc.pl\/wp-content\/uploads\/2017\/01\/kolomyja29.03.2017.png",700,466,false],"landscape":["https:\/\/rotary.zamosc.pl\/wp-content\/uploads\/2017\/01\/kolomyja29.03.2017.png",700,466,false],"portraits":["https:\/\/rotary.zamosc.pl\/wp-content\/uploads\/2017\/01\/kolomyja29.03.2017.png",700,466,false],"thumbnail":["https:\/\/rotary.zamosc.pl\/wp-content\/uploads\/2017\/01\/kolomyja29.03.2017-150x150.png",150,150,true],"medium":["https:\/\/rotary.zamosc.pl\/wp-content\/uploads\/2017\/01\/kolomyja29.03.2017-300x200.png",300,200,true],"large":["https:\/\/rotary.zamosc.pl\/wp-content\/uploads\/2017\/01\/kolomyja29.03.2017-700x466.png",700,466,true],"1536x1536":["https:\/\/rotary.zamosc.pl\/wp-content\/uploads\/2017\/01\/kolomyja29.03.2017.png",700,466,false],"2048x2048":["https:\/\/rotary.zamosc.pl\/wp-content\/uploads\/2017\/01\/kolomyja29.03.2017.png",700,466,false],"post-thumbnail":["https:\/\/rotary.zamosc.pl\/wp-content\/uploads\/2017\/01\/kolomyja29.03.2017.png",700,466,false],"graphy-post-thumbnail-large":["https:\/\/rotary.zamosc.pl\/wp-content\/uploads\/2017\/01\/kolomyja29.03.2017.png",700,466,false],"graphy-post-thumbnail-medium":["https:\/\/rotary.zamosc.pl\/wp-content\/uploads\/2017\/01\/kolomyja29.03.2017-482x300.png",482,300,true],"graphy-post-thumbnail-small":["https:\/\/rotary.zamosc.pl\/wp-content\/uploads\/2017\/01\/kolomyja29.03.2017-80x60.png",80,60,true],"graphy-page-thumbnail":["https:\/\/rotary.zamosc.pl\/wp-content\/uploads\/2017\/01\/kolomyja29.03.2017-700x350.png",700,350,true],"sow-carousel-default":["https:\/\/rotary.zamosc.pl\/wp-content\/uploads\/2017\/01\/kolomyja29.03.2017-272x182.png",272,182,true]},"rttpg_author":{"display_name":"rotaryzamosc","author_link":"https:\/\/rotary.zamosc.pl\/index.php\/author\/rotaryzamosc\/"},"rttpg_comment":0,"rttpg_category":"<a href=\"https:\/\/rotary.zamosc.pl\/index.php\/category\/2017\/\" rel=\"category tag\">2017<\/a>","rttpg_excerpt":"W dniu 11 kwietnia 2017 roku, w swojej siedzibie, w restauracji \u201eCorner Pub \u201e, obchodzili\u015bmy tradycyjne \u201e Jajeczko \u201e z okazji zbli\u017caj\u0105cych si\u0119 \u015awi\u0105t Wielkanocnych. Niezawodnie stawili si\u0119 cz\u0142onkowie Klubu z osobami towarzysz\u0105cymi. Obecny by\u0142 r\u00f3wnie\u017c cz\u0142onek honorowy \u2013 Marian Szewera. Otwieraj\u0105c spotkanie, p\u0142yn\u0105ce z g\u0142\u0119bi serca \u017cyczenia z\u0142o\u017cy\u0142 Prezydent \u2013 Danek Szyma\u0144ski. Uroczysto\u015b\u0107 u\u015bwietni\u0142o...","_links":{"self":[{"href":"https:\/\/rotary.zamosc.pl\/index.php\/wp-json\/wp\/v2\/posts\/6932","targetHints":{"allow":["GET"]}}],"collection":[{"href":"https:\/\/rotary.zamosc.pl\/index.php\/wp-json\/wp\/v2\/posts"}],"about":[{"href":"https:\/\/rotary.zamosc.pl\/index.php\/wp-json\/wp\/v2\/types\/post"}],"author":[{"embeddable":true,"href":"https:\/\/rotary.zamosc.pl\/index.php\/wp-json\/wp\/v2\/users\/1"}],"replies":[{"embeddable":true,"href":"https:\/\/rotary.zamosc.pl\/index.php\/wp-json\/wp\/v2\/comments?post=6932"}],"version-history":[{"count":1,"href":"https:\/\/rotary.zamosc.pl\/index.php\/wp-json\/wp\/v2\/posts\/6932\/revisions"}],"predecessor-version":[{"id":6933,"href":"https:\/\/rotary.zamosc.pl\/index.php\/wp-json\/wp\/v2\/posts\/6932\/revisions\/6933"}],"wp:featuredmedia":[{"embeddable":true,"href":"https:\/\/rotary.zamosc.pl\/index.php\/wp-json\/wp\/v2\/media\/481"}],"wp:attachment":[{"href":"https:\/\/rotary.zamosc.pl\/index.php\/wp-json\/wp\/v2\/media?parent=6932"}],"wp:term":[{"taxonomy":"category","embeddable":true,"href":"https:\/\/rotary.zamosc.pl\/index.php\/wp-json\/wp\/v2\/categories?post=6932"},{"taxonomy":"post_tag","embeddable":true,"href":"https:\/\/rotary.zamosc.pl\/index.php\/wp-json\/wp\/v2\/tags?post=6932"}],"curies":[{"name":"wp","href":"https:\/\/api.w.org\/{rel}","templated":true}]}}