{"id":6965,"date":"2017-03-21T13:14:00","date_gmt":"2017-03-21T12:14:00","guid":{"rendered":"https:\/\/rotary.zamosc.pl\/?p=6965"},"modified":"2026-03-20T13:16:20","modified_gmt":"2026-03-20T12:16:20","slug":"nowy-czlonek-rc-zamosc-emanuela-betkowska","status":"publish","type":"post","link":"https:\/\/rotary.zamosc.pl\/index.php\/2017\/03\/21\/nowy-czlonek-rc-zamosc-emanuela-betkowska\/","title":{"rendered":"Nowy cz\u0142onek RC Zamo\u015b\u0107 \u2013 Emanuela B\u0119tkowska"},"content":{"rendered":"\n<p class=\"wp-block-paragraph\">W dniu 21 marca 2017 roku, cotygodniowe spotkanie klubowe mia\u0142o szczeg\u00f3lny charakter. Tego dnia szeregi naszego klubu zasili\u0142a nowa kole\u017canka, Emanuela B\u0119tkowska. Emma jest osob\u0105 wyj\u0105tkow\u0105, \u0142\u0105cz\u0105c\u0105 w sobie delikatno\u015b\u0107 , wra\u017cliwo\u015b\u0107 na potrzeby drugiego cz\u0142owieka, ale te\u017c przedsi\u0119biorczo\u015b\u0107 i konsekwencj\u0119 w dzia\u0142aniu. Jeste\u015bmy dumni \u017ce pojawi\u0142a si\u0119&nbsp;&nbsp;&nbsp;&nbsp;&nbsp;&nbsp;&nbsp; w naszym gronie i \u017cyczymy jej wiele satysfakcji z aktywno\u015bci w ruchu&nbsp; rotaria\u0144skim.<\/p>\n\n\n\n<p class=\"wp-block-paragraph\">Ju\u017c wkr\u00f3tce, 22 maja 2017 podczas Senioriady, organizowanej na terenie zamojskiego OSiR, w ramach akcji prowadzonej przez RC Zamo\u015b\u0107 \u201e rotarianie w s\u0142u\u017cbie spo\u0142eczno\u015bci lokalnej\u201d, Emma &nbsp;jako lekarz okulista, b\u0119dzie prowadzi\u0107 nieodp\u0142atnie badania wzroku dla senior\u00f3w bior\u0105cych udzia\u0142 w tej imprezie. W imieniu Emmy serdecznie zapraszamy.<\/p>\n\n\n\n<figure class=\"wp-block-gallery has-nested-images columns-1 is-cropped wp-block-gallery-1 is-layout-flex wp-block-gallery-is-layout-flex\">\n<figure class=\"wp-block-image size-large\"><img fetchpriority=\"high\" decoding=\"async\" width=\"700\" height=\"606\" data-id=\"6969\" src=\"https:\/\/rotary.zamosc.pl\/wp-content\/uploads\/2026\/03\/Nowy-czlonek-RC-Zamosc-\u2013-Emanuela-Betkowska-4-700x606.jpg\" alt=\"\" class=\"wp-image-6969\" srcset=\"https:\/\/rotary.zamosc.pl\/wp-content\/uploads\/2026\/03\/Nowy-czlonek-RC-Zamosc-\u2013-Emanuela-Betkowska-4-700x606.jpg 700w, https:\/\/rotary.zamosc.pl\/wp-content\/uploads\/2026\/03\/Nowy-czlonek-RC-Zamosc-\u2013-Emanuela-Betkowska-4-300x260.jpg 300w, https:\/\/rotary.zamosc.pl\/wp-content\/uploads\/2026\/03\/Nowy-czlonek-RC-Zamosc-\u2013-Emanuela-Betkowska-4-768x665.jpg 768w, https:\/\/rotary.zamosc.pl\/wp-content\/uploads\/2026\/03\/Nowy-czlonek-RC-Zamosc-\u2013-Emanuela-Betkowska-4-800x693.jpg 800w, https:\/\/rotary.zamosc.pl\/wp-content\/uploads\/2026\/03\/Nowy-czlonek-RC-Zamosc-\u2013-Emanuela-Betkowska-4.jpg 1200w\" sizes=\"(max-width: 700px) 100vw, 700px\" \/><\/figure>\n\n\n\n<figure class=\"wp-block-image size-large\"><img decoding=\"async\" width=\"700\" height=\"1050\" data-id=\"6967\" src=\"https:\/\/rotary.zamosc.pl\/wp-content\/uploads\/2026\/03\/Nowy-czlonek-RC-Zamosc-\u2013-Emanuela-Betkowska-2-700x1050.jpg\" alt=\"\" class=\"wp-image-6967\" srcset=\"https:\/\/rotary.zamosc.pl\/wp-content\/uploads\/2026\/03\/Nowy-czlonek-RC-Zamosc-\u2013-Emanuela-Betkowska-2-700x1050.jpg 700w, https:\/\/rotary.zamosc.pl\/wp-content\/uploads\/2026\/03\/Nowy-czlonek-RC-Zamosc-\u2013-Emanuela-Betkowska-2-200x300.jpg 200w, https:\/\/rotary.zamosc.pl\/wp-content\/uploads\/2026\/03\/Nowy-czlonek-RC-Zamosc-\u2013-Emanuela-Betkowska-2-768x1152.jpg 768w, https:\/\/rotary.zamosc.pl\/wp-content\/uploads\/2026\/03\/Nowy-czlonek-RC-Zamosc-\u2013-Emanuela-Betkowska-2.jpg 800w\" sizes=\"(max-width: 700px) 100vw, 700px\" \/><\/figure>\n\n\n\n<figure class=\"wp-block-image size-large\"><img decoding=\"async\" width=\"700\" height=\"467\" data-id=\"6966\" src=\"https:\/\/rotary.zamosc.pl\/wp-content\/uploads\/2026\/03\/Nowy-czlonek-RC-Zamosc-\u2013-Emanuela-Betkowska-1-700x467.jpg\" alt=\"\" class=\"wp-image-6966\" srcset=\"https:\/\/rotary.zamosc.pl\/wp-content\/uploads\/2026\/03\/Nowy-czlonek-RC-Zamosc-\u2013-Emanuela-Betkowska-1-700x467.jpg 700w, https:\/\/rotary.zamosc.pl\/wp-content\/uploads\/2026\/03\/Nowy-czlonek-RC-Zamosc-\u2013-Emanuela-Betkowska-1-300x200.jpg 300w, https:\/\/rotary.zamosc.pl\/wp-content\/uploads\/2026\/03\/Nowy-czlonek-RC-Zamosc-\u2013-Emanuela-Betkowska-1-768x512.jpg 768w, https:\/\/rotary.zamosc.pl\/wp-content\/uploads\/2026\/03\/Nowy-czlonek-RC-Zamosc-\u2013-Emanuela-Betkowska-1-800x533.jpg 800w, https:\/\/rotary.zamosc.pl\/wp-content\/uploads\/2026\/03\/Nowy-czlonek-RC-Zamosc-\u2013-Emanuela-Betkowska-1-272x182.jpg 272w, https:\/\/rotary.zamosc.pl\/wp-content\/uploads\/2026\/03\/Nowy-czlonek-RC-Zamosc-\u2013-Emanuela-Betkowska-1.jpg 1200w\" sizes=\"(max-width: 700px) 100vw, 700px\" \/><\/figure>\n<\/figure>\n","protected":false},"excerpt":{"rendered":"<p>W dniu 21 marca 2017 roku, cotygodniowe spotkanie klubowe mia\u0142o szczeg\u00f3lny charakter. Tego dnia szeregi naszego klubu zasili\u0142a nowa kole\u017canka, Emanuela B\u0119tkowska. Emma jest osob\u0105 wyj\u0105tkow\u0105, \u0142\u0105cz\u0105c\u0105 w sobie delikatno\u015b\u0107 , wra\u017cliwo\u015b\u0107 na potrzeby drugiego cz\u0142owieka, ale te\u017c przedsi\u0119biorczo\u015b\u0107 i konsekwencj\u0119 w dzia\u0142aniu. Jeste\u015bmy dumni \u017ce pojawi\u0142a si\u0119&nbsp;&nbsp;&nbsp;&nbsp;&nbsp;&nbsp;&nbsp; w naszym gronie i \u017cyczymy jej wiele&#8230;<\/p>\n","protected":false},"author":1,"featured_media":6968,"comment_status":"open","ping_status":"open","sticky":false,"template":"","format":"standard","meta":{"footnotes":""},"categories":[25],"tags":[],"class_list":["post-6965","post","type-post","status-publish","format-standard","has-post-thumbnail","hentry","category-25"],"rttpg_featured_image_url":{"full":["https:\/\/rotary.zamosc.pl\/wp-content\/uploads\/2026\/03\/Nowy-czlonek-RC-Zamosc-\u2013-Emanuela-Betkowska-3.jpg",800,1200,false],"landscape":["https:\/\/rotary.zamosc.pl\/wp-content\/uploads\/2026\/03\/Nowy-czlonek-RC-Zamosc-\u2013-Emanuela-Betkowska-3.jpg",800,1200,false],"portraits":["https:\/\/rotary.zamosc.pl\/wp-content\/uploads\/2026\/03\/Nowy-czlonek-RC-Zamosc-\u2013-Emanuela-Betkowska-3.jpg",800,1200,false],"thumbnail":["https:\/\/rotary.zamosc.pl\/wp-content\/uploads\/2026\/03\/Nowy-czlonek-RC-Zamosc-\u2013-Emanuela-Betkowska-3-150x150.jpg",150,150,true],"medium":["https:\/\/rotary.zamosc.pl\/wp-content\/uploads\/2026\/03\/Nowy-czlonek-RC-Zamosc-\u2013-Emanuela-Betkowska-3-200x300.jpg",200,300,true],"large":["https:\/\/rotary.zamosc.pl\/wp-content\/uploads\/2026\/03\/Nowy-czlonek-RC-Zamosc-\u2013-Emanuela-Betkowska-3-700x1050.jpg",700,1050,true],"1536x1536":["https:\/\/rotary.zamosc.pl\/wp-content\/uploads\/2026\/03\/Nowy-czlonek-RC-Zamosc-\u2013-Emanuela-Betkowska-3.jpg",800,1200,false],"2048x2048":["https:\/\/rotary.zamosc.pl\/wp-content\/uploads\/2026\/03\/Nowy-czlonek-RC-Zamosc-\u2013-Emanuela-Betkowska-3.jpg",800,1200,false],"post-thumbnail":["https:\/\/rotary.zamosc.pl\/wp-content\/uploads\/2026\/03\/Nowy-czlonek-RC-Zamosc-\u2013-Emanuela-Betkowska-3.jpg",800,1200,false],"graphy-post-thumbnail-large":["https:\/\/rotary.zamosc.pl\/wp-content\/uploads\/2026\/03\/Nowy-czlonek-RC-Zamosc-\u2013-Emanuela-Betkowska-3-800x600.jpg",800,600,true],"graphy-post-thumbnail-medium":["https:\/\/rotary.zamosc.pl\/wp-content\/uploads\/2026\/03\/Nowy-czlonek-RC-Zamosc-\u2013-Emanuela-Betkowska-3-482x300.jpg",482,300,true],"graphy-post-thumbnail-small":["https:\/\/rotary.zamosc.pl\/wp-content\/uploads\/2026\/03\/Nowy-czlonek-RC-Zamosc-\u2013-Emanuela-Betkowska-3-80x60.jpg",80,60,true],"graphy-page-thumbnail":["https:\/\/rotary.zamosc.pl\/wp-content\/uploads\/2026\/03\/Nowy-czlonek-RC-Zamosc-\u2013-Emanuela-Betkowska-3-800x350.jpg",800,350,true],"sow-carousel-default":["https:\/\/rotary.zamosc.pl\/wp-content\/uploads\/2026\/03\/Nowy-czlonek-RC-Zamosc-\u2013-Emanuela-Betkowska-3-272x182.jpg",272,182,true]},"rttpg_author":{"display_name":"rotaryzamosc","author_link":"https:\/\/rotary.zamosc.pl\/index.php\/author\/rotaryzamosc\/"},"rttpg_comment":0,"rttpg_category":"<a href=\"https:\/\/rotary.zamosc.pl\/index.php\/category\/2017\/\" rel=\"category tag\">2017<\/a>","rttpg_excerpt":"W dniu 21 marca 2017 roku, cotygodniowe spotkanie klubowe mia\u0142o szczeg\u00f3lny charakter. Tego dnia szeregi naszego klubu zasili\u0142a nowa kole\u017canka, Emanuela B\u0119tkowska. Emma jest osob\u0105 wyj\u0105tkow\u0105, \u0142\u0105cz\u0105c\u0105 w sobie delikatno\u015b\u0107 , wra\u017cliwo\u015b\u0107 na potrzeby drugiego cz\u0142owieka, ale te\u017c przedsi\u0119biorczo\u015b\u0107 i konsekwencj\u0119 w dzia\u0142aniu. Jeste\u015bmy dumni \u017ce pojawi\u0142a si\u0119&nbsp;&nbsp;&nbsp;&nbsp;&nbsp;&nbsp;&nbsp; w naszym gronie i \u017cyczymy jej wiele...","_links":{"self":[{"href":"https:\/\/rotary.zamosc.pl\/index.php\/wp-json\/wp\/v2\/posts\/6965","targetHints":{"allow":["GET"]}}],"collection":[{"href":"https:\/\/rotary.zamosc.pl\/index.php\/wp-json\/wp\/v2\/posts"}],"about":[{"href":"https:\/\/rotary.zamosc.pl\/index.php\/wp-json\/wp\/v2\/types\/post"}],"author":[{"embeddable":true,"href":"https:\/\/rotary.zamosc.pl\/index.php\/wp-json\/wp\/v2\/users\/1"}],"replies":[{"embeddable":true,"href":"https:\/\/rotary.zamosc.pl\/index.php\/wp-json\/wp\/v2\/comments?post=6965"}],"version-history":[{"count":1,"href":"https:\/\/rotary.zamosc.pl\/index.php\/wp-json\/wp\/v2\/posts\/6965\/revisions"}],"predecessor-version":[{"id":6970,"href":"https:\/\/rotary.zamosc.pl\/index.php\/wp-json\/wp\/v2\/posts\/6965\/revisions\/6970"}],"wp:featuredmedia":[{"embeddable":true,"href":"https:\/\/rotary.zamosc.pl\/index.php\/wp-json\/wp\/v2\/media\/6968"}],"wp:attachment":[{"href":"https:\/\/rotary.zamosc.pl\/index.php\/wp-json\/wp\/v2\/media?parent=6965"}],"wp:term":[{"taxonomy":"category","embeddable":true,"href":"https:\/\/rotary.zamosc.pl\/index.php\/wp-json\/wp\/v2\/categories?post=6965"},{"taxonomy":"post_tag","embeddable":true,"href":"https:\/\/rotary.zamosc.pl\/index.php\/wp-json\/wp\/v2\/tags?post=6965"}],"curies":[{"name":"wp","href":"https:\/\/api.w.org\/{rel}","templated":true}]}}