{"id":6971,"date":"2017-02-25T13:16:00","date_gmt":"2017-02-25T12:16:00","guid":{"rendered":"https:\/\/rotary.zamosc.pl\/?p=6971"},"modified":"2026-03-20T13:18:17","modified_gmt":"2026-03-20T12:18:17","slug":"bal-charytatywny-rc-jaroslaw-2017","status":"publish","type":"post","link":"https:\/\/rotary.zamosc.pl\/index.php\/2017\/02\/25\/bal-charytatywny-rc-jaroslaw-2017\/","title":{"rendered":"Bal Charytatywny RC Jaros\u0142aw 2017"},"content":{"rendered":"\n<p class=\"wp-block-paragraph\">M\u0119skie trio reprezentuj\u0105ce RC Zamo\u015b\u0107 (Henio Gajewski, Sylwek Borkowski i Jurek Liberadzki) wraz z osobami towarzysz\u0105cymi p\u0142ci pi\u0119knej reprezentowa\u0142o klub na tradycyjnym Balu Charytatywnym organizowanym przez RC Jaros\u0142aw.<\/p>\n\n\n\n<p class=\"wp-block-paragraph\">W\u015br\u00f3d przedmiot\u00f3w wystawionych na aukcj\u0119 znalaz\u0142 si\u0119 prezent od zamojskiego klubu \u2013 mapa San Escobar, kraju z kt\u00f3rym to szef polskiego MSZ nawi\u0105za\u0142 ostatnio przyjacielskie kontakty. San Escobar, jako nowa atrakcja turystyczna, okaza\u0142 si\u0119 na tyle ciekawym kierunkiem wypraw, \u017ce podczas przeprowadzonej aukcji, nabywca zap\u0142aci\u0142 za ni\u0105 550,00 z\u0142.<\/p>\n\n\n\n<p class=\"wp-block-paragraph\">Zabawa by\u0142a przednia \u2013 \u015bwietny zesp\u00f3\u0142 muzyczny, urozmaicone menu, doskona\u0142a atmosfera.<\/p>\n\n\n\n<figure class=\"wp-block-gallery has-nested-images columns-1 is-cropped wp-block-gallery-1 is-layout-flex wp-block-gallery-is-layout-flex\">\n<figure class=\"wp-block-image size-large\"><img fetchpriority=\"high\" decoding=\"async\" width=\"700\" height=\"525\" data-id=\"6976\" src=\"https:\/\/rotary.zamosc.pl\/wp-content\/uploads\/2026\/03\/Bal-Charytatywny-RC-Jaroslaw-2017-5-700x525.jpg\" alt=\"\" class=\"wp-image-6976\" srcset=\"https:\/\/rotary.zamosc.pl\/wp-content\/uploads\/2026\/03\/Bal-Charytatywny-RC-Jaroslaw-2017-5-700x525.jpg 700w, https:\/\/rotary.zamosc.pl\/wp-content\/uploads\/2026\/03\/Bal-Charytatywny-RC-Jaroslaw-2017-5-300x225.jpg 300w, https:\/\/rotary.zamosc.pl\/wp-content\/uploads\/2026\/03\/Bal-Charytatywny-RC-Jaroslaw-2017-5-768x576.jpg 768w, https:\/\/rotary.zamosc.pl\/wp-content\/uploads\/2026\/03\/Bal-Charytatywny-RC-Jaroslaw-2017-5-800x600.jpg 800w, https:\/\/rotary.zamosc.pl\/wp-content\/uploads\/2026\/03\/Bal-Charytatywny-RC-Jaroslaw-2017-5-80x60.jpg 80w, https:\/\/rotary.zamosc.pl\/wp-content\/uploads\/2026\/03\/Bal-Charytatywny-RC-Jaroslaw-2017-5.jpg 960w\" sizes=\"(max-width: 700px) 100vw, 700px\" \/><\/figure>\n\n\n\n<figure class=\"wp-block-image size-large\"><img decoding=\"async\" width=\"700\" height=\"525\" data-id=\"6975\" src=\"https:\/\/rotary.zamosc.pl\/wp-content\/uploads\/2026\/03\/Bal-Charytatywny-RC-Jaroslaw-2017-4-700x525.jpg\" alt=\"\" class=\"wp-image-6975\" srcset=\"https:\/\/rotary.zamosc.pl\/wp-content\/uploads\/2026\/03\/Bal-Charytatywny-RC-Jaroslaw-2017-4-700x525.jpg 700w, https:\/\/rotary.zamosc.pl\/wp-content\/uploads\/2026\/03\/Bal-Charytatywny-RC-Jaroslaw-2017-4-300x225.jpg 300w, https:\/\/rotary.zamosc.pl\/wp-content\/uploads\/2026\/03\/Bal-Charytatywny-RC-Jaroslaw-2017-4-768x576.jpg 768w, https:\/\/rotary.zamosc.pl\/wp-content\/uploads\/2026\/03\/Bal-Charytatywny-RC-Jaroslaw-2017-4-800x600.jpg 800w, https:\/\/rotary.zamosc.pl\/wp-content\/uploads\/2026\/03\/Bal-Charytatywny-RC-Jaroslaw-2017-4-80x60.jpg 80w, https:\/\/rotary.zamosc.pl\/wp-content\/uploads\/2026\/03\/Bal-Charytatywny-RC-Jaroslaw-2017-4.jpg 960w\" sizes=\"(max-width: 700px) 100vw, 700px\" \/><\/figure>\n\n\n\n<figure class=\"wp-block-image size-large\"><img decoding=\"async\" width=\"700\" height=\"558\" data-id=\"6974\" src=\"https:\/\/rotary.zamosc.pl\/wp-content\/uploads\/2026\/03\/Bal-Charytatywny-RC-Jaroslaw-2017-3-700x558.jpg\" alt=\"\" class=\"wp-image-6974\" srcset=\"https:\/\/rotary.zamosc.pl\/wp-content\/uploads\/2026\/03\/Bal-Charytatywny-RC-Jaroslaw-2017-3-700x558.jpg 700w, https:\/\/rotary.zamosc.pl\/wp-content\/uploads\/2026\/03\/Bal-Charytatywny-RC-Jaroslaw-2017-3-300x239.jpg 300w, https:\/\/rotary.zamosc.pl\/wp-content\/uploads\/2026\/03\/Bal-Charytatywny-RC-Jaroslaw-2017-3-768x612.jpg 768w, https:\/\/rotary.zamosc.pl\/wp-content\/uploads\/2026\/03\/Bal-Charytatywny-RC-Jaroslaw-2017-3-800x638.jpg 800w, https:\/\/rotary.zamosc.pl\/wp-content\/uploads\/2026\/03\/Bal-Charytatywny-RC-Jaroslaw-2017-3.jpg 960w\" sizes=\"(max-width: 700px) 100vw, 700px\" \/><\/figure>\n\n\n\n<figure class=\"wp-block-image size-large\"><img loading=\"lazy\" decoding=\"async\" width=\"700\" height=\"558\" data-id=\"6973\" src=\"https:\/\/rotary.zamosc.pl\/wp-content\/uploads\/2026\/03\/Bal-Charytatywny-RC-Jaroslaw-2017-2-700x558.jpg\" alt=\"\" class=\"wp-image-6973\" srcset=\"https:\/\/rotary.zamosc.pl\/wp-content\/uploads\/2026\/03\/Bal-Charytatywny-RC-Jaroslaw-2017-2-700x558.jpg 700w, https:\/\/rotary.zamosc.pl\/wp-content\/uploads\/2026\/03\/Bal-Charytatywny-RC-Jaroslaw-2017-2-300x239.jpg 300w, https:\/\/rotary.zamosc.pl\/wp-content\/uploads\/2026\/03\/Bal-Charytatywny-RC-Jaroslaw-2017-2-768x612.jpg 768w, https:\/\/rotary.zamosc.pl\/wp-content\/uploads\/2026\/03\/Bal-Charytatywny-RC-Jaroslaw-2017-2-800x638.jpg 800w, https:\/\/rotary.zamosc.pl\/wp-content\/uploads\/2026\/03\/Bal-Charytatywny-RC-Jaroslaw-2017-2.jpg 960w\" sizes=\"(max-width: 700px) 100vw, 700px\" \/><\/figure>\n<\/figure>\n","protected":false},"excerpt":{"rendered":"<p>M\u0119skie trio reprezentuj\u0105ce RC Zamo\u015b\u0107 (Henio Gajewski, Sylwek Borkowski i Jurek Liberadzki) wraz z osobami towarzysz\u0105cymi p\u0142ci pi\u0119knej reprezentowa\u0142o klub na tradycyjnym Balu Charytatywnym organizowanym przez RC Jaros\u0142aw. W\u015br\u00f3d przedmiot\u00f3w wystawionych na aukcj\u0119 znalaz\u0142 si\u0119 prezent od zamojskiego klubu \u2013 mapa San Escobar, kraju z kt\u00f3rym to szef polskiego MSZ nawi\u0105za\u0142 ostatnio przyjacielskie kontakty. San&#8230;<\/p>\n","protected":false},"author":1,"featured_media":6972,"comment_status":"open","ping_status":"open","sticky":false,"template":"","format":"standard","meta":{"footnotes":""},"categories":[25],"tags":[],"class_list":["post-6971","post","type-post","status-publish","format-standard","has-post-thumbnail","hentry","category-25"],"rttpg_featured_image_url":{"full":["https:\/\/rotary.zamosc.pl\/wp-content\/uploads\/2026\/03\/Bal-Charytatywny-RC-Jaroslaw-2017-1.jpg",791,960,false],"landscape":["https:\/\/rotary.zamosc.pl\/wp-content\/uploads\/2026\/03\/Bal-Charytatywny-RC-Jaroslaw-2017-1.jpg",791,960,false],"portraits":["https:\/\/rotary.zamosc.pl\/wp-content\/uploads\/2026\/03\/Bal-Charytatywny-RC-Jaroslaw-2017-1.jpg",791,960,false],"thumbnail":["https:\/\/rotary.zamosc.pl\/wp-content\/uploads\/2026\/03\/Bal-Charytatywny-RC-Jaroslaw-2017-1-150x150.jpg",150,150,true],"medium":["https:\/\/rotary.zamosc.pl\/wp-content\/uploads\/2026\/03\/Bal-Charytatywny-RC-Jaroslaw-2017-1-247x300.jpg",247,300,true],"large":["https:\/\/rotary.zamosc.pl\/wp-content\/uploads\/2026\/03\/Bal-Charytatywny-RC-Jaroslaw-2017-1-700x850.jpg",700,850,true],"1536x1536":["https:\/\/rotary.zamosc.pl\/wp-content\/uploads\/2026\/03\/Bal-Charytatywny-RC-Jaroslaw-2017-1.jpg",791,960,false],"2048x2048":["https:\/\/rotary.zamosc.pl\/wp-content\/uploads\/2026\/03\/Bal-Charytatywny-RC-Jaroslaw-2017-1.jpg",791,960,false],"post-thumbnail":["https:\/\/rotary.zamosc.pl\/wp-content\/uploads\/2026\/03\/Bal-Charytatywny-RC-Jaroslaw-2017-1.jpg",791,960,false],"graphy-post-thumbnail-large":["https:\/\/rotary.zamosc.pl\/wp-content\/uploads\/2026\/03\/Bal-Charytatywny-RC-Jaroslaw-2017-1-791x600.jpg",791,600,true],"graphy-post-thumbnail-medium":["https:\/\/rotary.zamosc.pl\/wp-content\/uploads\/2026\/03\/Bal-Charytatywny-RC-Jaroslaw-2017-1-482x300.jpg",482,300,true],"graphy-post-thumbnail-small":["https:\/\/rotary.zamosc.pl\/wp-content\/uploads\/2026\/03\/Bal-Charytatywny-RC-Jaroslaw-2017-1-80x60.jpg",80,60,true],"graphy-page-thumbnail":["https:\/\/rotary.zamosc.pl\/wp-content\/uploads\/2026\/03\/Bal-Charytatywny-RC-Jaroslaw-2017-1-791x350.jpg",791,350,true],"sow-carousel-default":["https:\/\/rotary.zamosc.pl\/wp-content\/uploads\/2026\/03\/Bal-Charytatywny-RC-Jaroslaw-2017-1-272x182.jpg",272,182,true]},"rttpg_author":{"display_name":"rotaryzamosc","author_link":"https:\/\/rotary.zamosc.pl\/index.php\/author\/rotaryzamosc\/"},"rttpg_comment":0,"rttpg_category":"<a href=\"https:\/\/rotary.zamosc.pl\/index.php\/category\/2017\/\" rel=\"category tag\">2017<\/a>","rttpg_excerpt":"M\u0119skie trio reprezentuj\u0105ce RC Zamo\u015b\u0107 (Henio Gajewski, Sylwek Borkowski i Jurek Liberadzki) wraz z osobami towarzysz\u0105cymi p\u0142ci pi\u0119knej reprezentowa\u0142o klub na tradycyjnym Balu Charytatywnym organizowanym przez RC Jaros\u0142aw. W\u015br\u00f3d przedmiot\u00f3w wystawionych na aukcj\u0119 znalaz\u0142 si\u0119 prezent od zamojskiego klubu \u2013 mapa San Escobar, kraju z kt\u00f3rym to szef polskiego MSZ nawi\u0105za\u0142 ostatnio przyjacielskie kontakty. San...","_links":{"self":[{"href":"https:\/\/rotary.zamosc.pl\/index.php\/wp-json\/wp\/v2\/posts\/6971","targetHints":{"allow":["GET"]}}],"collection":[{"href":"https:\/\/rotary.zamosc.pl\/index.php\/wp-json\/wp\/v2\/posts"}],"about":[{"href":"https:\/\/rotary.zamosc.pl\/index.php\/wp-json\/wp\/v2\/types\/post"}],"author":[{"embeddable":true,"href":"https:\/\/rotary.zamosc.pl\/index.php\/wp-json\/wp\/v2\/users\/1"}],"replies":[{"embeddable":true,"href":"https:\/\/rotary.zamosc.pl\/index.php\/wp-json\/wp\/v2\/comments?post=6971"}],"version-history":[{"count":1,"href":"https:\/\/rotary.zamosc.pl\/index.php\/wp-json\/wp\/v2\/posts\/6971\/revisions"}],"predecessor-version":[{"id":6977,"href":"https:\/\/rotary.zamosc.pl\/index.php\/wp-json\/wp\/v2\/posts\/6971\/revisions\/6977"}],"wp:featuredmedia":[{"embeddable":true,"href":"https:\/\/rotary.zamosc.pl\/index.php\/wp-json\/wp\/v2\/media\/6972"}],"wp:attachment":[{"href":"https:\/\/rotary.zamosc.pl\/index.php\/wp-json\/wp\/v2\/media?parent=6971"}],"wp:term":[{"taxonomy":"category","embeddable":true,"href":"https:\/\/rotary.zamosc.pl\/index.php\/wp-json\/wp\/v2\/categories?post=6971"},{"taxonomy":"post_tag","embeddable":true,"href":"https:\/\/rotary.zamosc.pl\/index.php\/wp-json\/wp\/v2\/tags?post=6971"}],"curies":[{"name":"wp","href":"https:\/\/api.w.org\/{rel}","templated":true}]}}