{"id":7044,"date":"2017-01-08T13:29:00","date_gmt":"2017-01-08T12:29:00","guid":{"rendered":"https:\/\/rotary.zamosc.pl\/?p=7044"},"modified":"2026-03-20T13:30:04","modified_gmt":"2026-03-20T12:30:04","slug":"hej-koleda-koleda","status":"publish","type":"post","link":"https:\/\/rotary.zamosc.pl\/index.php\/2017\/01\/08\/hej-koleda-koleda\/","title":{"rendered":"HEJ KOL\u0118DA, KOL\u0118DA \u2026"},"content":{"rendered":"\n<p class=\"wp-block-paragraph\">W dniu 08.01.2017 r. (kiedy to Bracia Prawos\u0142awni obchodzili \u015awi\u0119ta Bo\u017cego Narodzenia) pod patronatem Prezydenta Miasta, W\u00f3jta Gminy oraz W\u0142adz Ko\u015bcielnych na scenie ustawionej na p\u0142ycie Rynku Wielkiego odby\u0142 si\u0119 tradycyjny koncert kol\u0119d i pastora\u0142ek. Bra\u0142y w nim udzia\u0142 zespo\u0142y profesjonalne i amatorskie o przer\u00f3\u017cnych konfiguracjach p\u0142ci i wieku, w\u015br\u00f3d nich reprezentuj\u0105cy mieszany damsko- m\u0119ski ch\u00f3r RC Zamo\u015b\u0107.<\/p>\n\n\n\n<p class=\"wp-block-paragraph\">W latach ubieg\u0142ych, ze wzgl\u0119du na atrakcyjno\u015b\u0107 repertuaru stanowili\u015bmy wisienk\u0119 na torcie przegl\u0105du \u2013 wyst\u0119powali\u015bmy jako jedni z ostatnich pozostawiaj\u0105c niezapomniane wra\u017cenia w\u015br\u00f3d s\u0142uchaczy. Tako\u017c by\u0142o i w roku bie\u017c\u0105cym. Zostali\u015bmy przez organizator\u00f3w oznakowani numerem 18-ym na 20-cia startuj\u0105cych zespo\u0142\u00f3w (nr 19 zrezygnowa\u0142 z powodu z\u0142ych warunk\u00f3w atmosferycznych.<\/p>\n\n\n\n<p class=\"wp-block-paragraph\">Oko\u0142o godziny 17:00, przy temperaturze powietrza minus 17 st. weszli\u015bmy na scen\u0119 sch\u0142adzani delikatnymi podmuchami wiatru z kierunku Bieguna P\u00f3\u0142nocnego. Zak\u0142adaj\u0105c, \u017ce mo\u017cemy nie zosta\u0107 wypuszczeni z estrady (schody blokowa\u0142a \u015amier\u0107 i Diabe\u0142) rozpocz\u0119li\u015bmy od bis-u i nieby\u0142a to kol\u0119da lecz pi\u0119kna piosenka o Zamo\u015bciu autorstwa naszego akompaniatora, aran\u017cera i solisty- Mariana Szewery.<\/p>\n\n\n\n<p class=\"wp-block-paragraph\">Do ta\u0144ca za\u015b mog\u0142a porwa\u0107 kol\u0119da \u201eM\u0119drcy \u015awiata\u201d \u015bpiewana z odpowiednim podk\u0142adem muzycznym w rytmie marenge. Mieli\u015bmy konkurencj\u0119 w postaci pieczonego dzika (atrakcji kulinarnej wieczoru), kt\u00f3ry kusi\u0142 jeszcze nielicznych zamo\u015bcian. Prezydent Klubu, Danek Szyma\u0144ski nie \u015bpiewa\u0142 \u2013 z\u0142o\u017cy\u0142 natomiast ne r\u0119ce skromnej garstki s\u0142uchaczy \u017cyczenia Noworoczne dla mieszka\u0144c\u00f3w Zamo\u015bcia ws\u0142uchuj\u0105c si\u0119 w nasze piania, stwierdzi\u0142, \u017ce by\u0142y perfekcyjne a momentami nawet interesuj\u0105ce. Obecnie w katalogach imprez mi\u0119dzynarodowych poszukujemy mo\u017cliwo\u015bci wyst\u0105pienia z koncertem kol\u0119d poza Ko\u0142em Podbiegunowym.<\/p>\n\n\n\n<p class=\"wp-block-paragraph\">\u017byczenia dla organizator\u00f3w:<br>\u2013 przegl\u0105d rozpocz\u0105\u0107 wcze\u015bniej,<br>\u2013 dzika serwowa\u0107 p\u00f3\u017aniej.<br><\/p>\n\n\n\n<p class=\"wp-block-paragraph\">\u017byczenia b\u0119d\u0105ce cytatem z pastora\u0142ki od pisz\u0105cego te s\u0142owa:<br>\u201eB\u0105d\u017amy wszyscy dobrzy i starsi i dzieci, a s\u0142o\u0144ce wolno\u015bci nied\u0142ugo za\u015bwieci\u2026\u201d<\/p>\n\n\n\n<figure class=\"wp-block-gallery has-nested-images columns-1 is-cropped wp-block-gallery-1 is-layout-flex wp-block-gallery-is-layout-flex\">\n<figure class=\"wp-block-image size-large\"><img fetchpriority=\"high\" decoding=\"async\" width=\"700\" height=\"467\" data-id=\"458\" src=\"https:\/\/rotary.zamosc.pl\/wp-content\/uploads\/2017\/01\/15975257_721049414719420_9012287318454817366_o-700x467.jpg\" alt=\"\" class=\"wp-image-458\" srcset=\"https:\/\/rotary.zamosc.pl\/wp-content\/uploads\/2017\/01\/15975257_721049414719420_9012287318454817366_o-700x467.jpg 700w, https:\/\/rotary.zamosc.pl\/wp-content\/uploads\/2017\/01\/15975257_721049414719420_9012287318454817366_o-300x200.jpg 300w, https:\/\/rotary.zamosc.pl\/wp-content\/uploads\/2017\/01\/15975257_721049414719420_9012287318454817366_o-768x512.jpg 768w, https:\/\/rotary.zamosc.pl\/wp-content\/uploads\/2017\/01\/15975257_721049414719420_9012287318454817366_o-800x533.jpg 800w, https:\/\/rotary.zamosc.pl\/wp-content\/uploads\/2017\/01\/15975257_721049414719420_9012287318454817366_o-272x182.jpg 272w, https:\/\/rotary.zamosc.pl\/wp-content\/uploads\/2017\/01\/15975257_721049414719420_9012287318454817366_o.jpg 2048w\" sizes=\"(max-width: 700px) 100vw, 700px\" \/><\/figure>\n\n\n\n<figure class=\"wp-block-image size-large\"><img decoding=\"async\" width=\"700\" height=\"467\" data-id=\"457\" src=\"https:\/\/rotary.zamosc.pl\/wp-content\/uploads\/2017\/01\/15974836_721049374719424_711434936352627568_o-700x467.jpg\" alt=\"\" class=\"wp-image-457\" srcset=\"https:\/\/rotary.zamosc.pl\/wp-content\/uploads\/2017\/01\/15974836_721049374719424_711434936352627568_o-700x467.jpg 700w, https:\/\/rotary.zamosc.pl\/wp-content\/uploads\/2017\/01\/15974836_721049374719424_711434936352627568_o-300x200.jpg 300w, https:\/\/rotary.zamosc.pl\/wp-content\/uploads\/2017\/01\/15974836_721049374719424_711434936352627568_o-768x512.jpg 768w, https:\/\/rotary.zamosc.pl\/wp-content\/uploads\/2017\/01\/15974836_721049374719424_711434936352627568_o-800x533.jpg 800w, https:\/\/rotary.zamosc.pl\/wp-content\/uploads\/2017\/01\/15974836_721049374719424_711434936352627568_o-272x182.jpg 272w, https:\/\/rotary.zamosc.pl\/wp-content\/uploads\/2017\/01\/15974836_721049374719424_711434936352627568_o.jpg 2048w\" sizes=\"(max-width: 700px) 100vw, 700px\" \/><\/figure>\n\n\n\n<figure class=\"wp-block-image size-large\"><img decoding=\"async\" width=\"700\" height=\"467\" data-id=\"456\" src=\"https:\/\/rotary.zamosc.pl\/wp-content\/uploads\/2017\/01\/15975169_721049378052757_6095566097756258105_o-700x467.jpg\" alt=\"\" class=\"wp-image-456\" srcset=\"https:\/\/rotary.zamosc.pl\/wp-content\/uploads\/2017\/01\/15975169_721049378052757_6095566097756258105_o-700x467.jpg 700w, https:\/\/rotary.zamosc.pl\/wp-content\/uploads\/2017\/01\/15975169_721049378052757_6095566097756258105_o-300x200.jpg 300w, https:\/\/rotary.zamosc.pl\/wp-content\/uploads\/2017\/01\/15975169_721049378052757_6095566097756258105_o-768x512.jpg 768w, https:\/\/rotary.zamosc.pl\/wp-content\/uploads\/2017\/01\/15975169_721049378052757_6095566097756258105_o-800x533.jpg 800w, https:\/\/rotary.zamosc.pl\/wp-content\/uploads\/2017\/01\/15975169_721049378052757_6095566097756258105_o-272x182.jpg 272w, https:\/\/rotary.zamosc.pl\/wp-content\/uploads\/2017\/01\/15975169_721049378052757_6095566097756258105_o.jpg 2048w\" sizes=\"(max-width: 700px) 100vw, 700px\" \/><\/figure>\n\n\n\n<figure class=\"wp-block-image size-large\"><img loading=\"lazy\" decoding=\"async\" width=\"700\" height=\"419\" data-id=\"455\" src=\"https:\/\/rotary.zamosc.pl\/wp-content\/uploads\/2017\/01\/15975202_721049361386092_1209598578671984265_o-700x419.jpg\" alt=\"\" class=\"wp-image-455\" srcset=\"https:\/\/rotary.zamosc.pl\/wp-content\/uploads\/2017\/01\/15975202_721049361386092_1209598578671984265_o-700x419.jpg 700w, https:\/\/rotary.zamosc.pl\/wp-content\/uploads\/2017\/01\/15975202_721049361386092_1209598578671984265_o-300x180.jpg 300w, https:\/\/rotary.zamosc.pl\/wp-content\/uploads\/2017\/01\/15975202_721049361386092_1209598578671984265_o-768x460.jpg 768w, https:\/\/rotary.zamosc.pl\/wp-content\/uploads\/2017\/01\/15975202_721049361386092_1209598578671984265_o-800x479.jpg 800w, https:\/\/rotary.zamosc.pl\/wp-content\/uploads\/2017\/01\/15975202_721049361386092_1209598578671984265_o.jpg 2048w\" sizes=\"(max-width: 700px) 100vw, 700px\" \/><\/figure>\n<\/figure>\n","protected":false},"excerpt":{"rendered":"<p>W dniu 08.01.2017 r. (kiedy to Bracia Prawos\u0142awni obchodzili \u015awi\u0119ta Bo\u017cego Narodzenia) pod patronatem Prezydenta Miasta, W\u00f3jta Gminy oraz W\u0142adz Ko\u015bcielnych na scenie ustawionej na p\u0142ycie Rynku Wielkiego odby\u0142 si\u0119 tradycyjny koncert kol\u0119d i pastora\u0142ek. Bra\u0142y w nim udzia\u0142 zespo\u0142y profesjonalne i amatorskie o przer\u00f3\u017cnych konfiguracjach p\u0142ci i wieku, w\u015br\u00f3d nich reprezentuj\u0105cy mieszany damsko- m\u0119ski&#8230;<\/p>\n","protected":false},"author":1,"featured_media":454,"comment_status":"open","ping_status":"open","sticky":false,"template":"","format":"standard","meta":{"footnotes":""},"categories":[25],"tags":[],"class_list":["post-7044","post","type-post","status-publish","format-standard","has-post-thumbnail","hentry","category-25"],"rttpg_featured_image_url":{"full":["https:\/\/rotary.zamosc.pl\/wp-content\/uploads\/2017\/01\/16107281_721049494719412_2042561771027922765_o.jpg",2048,1365,false],"landscape":["https:\/\/rotary.zamosc.pl\/wp-content\/uploads\/2017\/01\/16107281_721049494719412_2042561771027922765_o.jpg",2048,1365,false],"portraits":["https:\/\/rotary.zamosc.pl\/wp-content\/uploads\/2017\/01\/16107281_721049494719412_2042561771027922765_o.jpg",2048,1365,false],"thumbnail":["https:\/\/rotary.zamosc.pl\/wp-content\/uploads\/2017\/01\/16107281_721049494719412_2042561771027922765_o-150x150.jpg",150,150,true],"medium":["https:\/\/rotary.zamosc.pl\/wp-content\/uploads\/2017\/01\/16107281_721049494719412_2042561771027922765_o-300x200.jpg",300,200,true],"large":["https:\/\/rotary.zamosc.pl\/wp-content\/uploads\/2017\/01\/16107281_721049494719412_2042561771027922765_o-700x467.jpg",700,467,true],"1536x1536":["https:\/\/rotary.zamosc.pl\/wp-content\/uploads\/2017\/01\/16107281_721049494719412_2042561771027922765_o.jpg",1536,1024,false],"2048x2048":["https:\/\/rotary.zamosc.pl\/wp-content\/uploads\/2017\/01\/16107281_721049494719412_2042561771027922765_o.jpg",2048,1365,false],"post-thumbnail":["https:\/\/rotary.zamosc.pl\/wp-content\/uploads\/2017\/01\/16107281_721049494719412_2042561771027922765_o-800x533.jpg",800,533,true],"graphy-post-thumbnail-large":["https:\/\/rotary.zamosc.pl\/wp-content\/uploads\/2017\/01\/16107281_721049494719412_2042561771027922765_o-1080x600.jpg",1080,600,true],"graphy-post-thumbnail-medium":["https:\/\/rotary.zamosc.pl\/wp-content\/uploads\/2017\/01\/16107281_721049494719412_2042561771027922765_o-482x300.jpg",482,300,true],"graphy-post-thumbnail-small":["https:\/\/rotary.zamosc.pl\/wp-content\/uploads\/2017\/01\/16107281_721049494719412_2042561771027922765_o-80x60.jpg",80,60,true],"graphy-page-thumbnail":["https:\/\/rotary.zamosc.pl\/wp-content\/uploads\/2017\/01\/16107281_721049494719412_2042561771027922765_o-1260x350.jpg",1260,350,true],"sow-carousel-default":["https:\/\/rotary.zamosc.pl\/wp-content\/uploads\/2017\/01\/16107281_721049494719412_2042561771027922765_o-272x182.jpg",272,182,true]},"rttpg_author":{"display_name":"rotaryzamosc","author_link":"https:\/\/rotary.zamosc.pl\/index.php\/author\/rotaryzamosc\/"},"rttpg_comment":0,"rttpg_category":"<a href=\"https:\/\/rotary.zamosc.pl\/index.php\/category\/2017\/\" rel=\"category tag\">2017<\/a>","rttpg_excerpt":"W dniu 08.01.2017 r. (kiedy to Bracia Prawos\u0142awni obchodzili \u015awi\u0119ta Bo\u017cego Narodzenia) pod patronatem Prezydenta Miasta, W\u00f3jta Gminy oraz W\u0142adz Ko\u015bcielnych na scenie ustawionej na p\u0142ycie Rynku Wielkiego odby\u0142 si\u0119 tradycyjny koncert kol\u0119d i pastora\u0142ek. Bra\u0142y w nim udzia\u0142 zespo\u0142y profesjonalne i amatorskie o przer\u00f3\u017cnych konfiguracjach p\u0142ci i wieku, w\u015br\u00f3d nich reprezentuj\u0105cy mieszany damsko- m\u0119ski...","_links":{"self":[{"href":"https:\/\/rotary.zamosc.pl\/index.php\/wp-json\/wp\/v2\/posts\/7044","targetHints":{"allow":["GET"]}}],"collection":[{"href":"https:\/\/rotary.zamosc.pl\/index.php\/wp-json\/wp\/v2\/posts"}],"about":[{"href":"https:\/\/rotary.zamosc.pl\/index.php\/wp-json\/wp\/v2\/types\/post"}],"author":[{"embeddable":true,"href":"https:\/\/rotary.zamosc.pl\/index.php\/wp-json\/wp\/v2\/users\/1"}],"replies":[{"embeddable":true,"href":"https:\/\/rotary.zamosc.pl\/index.php\/wp-json\/wp\/v2\/comments?post=7044"}],"version-history":[{"count":1,"href":"https:\/\/rotary.zamosc.pl\/index.php\/wp-json\/wp\/v2\/posts\/7044\/revisions"}],"predecessor-version":[{"id":7045,"href":"https:\/\/rotary.zamosc.pl\/index.php\/wp-json\/wp\/v2\/posts\/7044\/revisions\/7045"}],"wp:featuredmedia":[{"embeddable":true,"href":"https:\/\/rotary.zamosc.pl\/index.php\/wp-json\/wp\/v2\/media\/454"}],"wp:attachment":[{"href":"https:\/\/rotary.zamosc.pl\/index.php\/wp-json\/wp\/v2\/media?parent=7044"}],"wp:term":[{"taxonomy":"category","embeddable":true,"href":"https:\/\/rotary.zamosc.pl\/index.php\/wp-json\/wp\/v2\/categories?post=7044"},{"taxonomy":"post_tag","embeddable":true,"href":"https:\/\/rotary.zamosc.pl\/index.php\/wp-json\/wp\/v2\/tags?post=7044"}],"curies":[{"name":"wp","href":"https:\/\/api.w.org\/{rel}","templated":true}]}}