{"id":7136,"date":"2016-11-26T08:32:00","date_gmt":"2016-11-26T07:32:00","guid":{"rendered":"https:\/\/rotary.zamosc.pl\/?p=7136"},"modified":"2026-03-25T08:42:03","modified_gmt":"2026-03-25T07:42:03","slug":"xx-bal-charytatywny-26-11-2016","status":"publish","type":"post","link":"https:\/\/rotary.zamosc.pl\/index.php\/2016\/11\/26\/xx-bal-charytatywny-26-11-2016\/","title":{"rendered":"XX Bal Charytatywny \u2013 26.11.2016"},"content":{"rendered":"\t\t<div data-elementor-type=\"wp-post\" data-elementor-id=\"7136\" class=\"elementor elementor-7136\">\n\t\t\t\t\t\t<section class=\"elementor-section elementor-top-section elementor-element elementor-element-4a7c7c41 elementor-section-stretched elementor-section-boxed elementor-section-height-default elementor-section-height-default\" data-id=\"4a7c7c41\" data-element_type=\"section\" data-e-type=\"section\" data-settings=\"{&quot;stretch_section&quot;:&quot;section-stretched&quot;}\">\n\t\t\t\t\t\t<div class=\"elementor-container elementor-column-gap-default\">\n\t\t\t\t\t<div class=\"elementor-column elementor-col-100 elementor-top-column elementor-element elementor-element-375583f8\" data-id=\"375583f8\" data-element_type=\"column\" data-e-type=\"column\">\n\t\t\t<div class=\"elementor-widget-wrap elementor-element-populated\">\n\t\t\t\t\t\t<div class=\"elementor-element elementor-element-1383ceaa elementor-widget elementor-widget-text-editor\" data-id=\"1383ceaa\" data-element_type=\"widget\" data-e-type=\"widget\" data-widget_type=\"text-editor.default\">\n\t\t\t\t<div class=\"elementor-widget-container\">\n\t\t\t\t\t\t\t\t\t\n<p class=\"wp-block-paragraph\">W \u201e andrzejkowy\u201d weekend w Sali Kryszta\u0142owej Hotelu \u201eARTIS\u201d mia\u0142 miejsce jubileuszowy, 20 \u2013 ty ju\u017c bal zorganizowany przez cz\u0142onk\u00f3w Zamojskiego Klubu Rotaria\u0144skiego. Zgromadzi\u0142 komplet uczestnik\u00f3w : cz\u0142onk\u00f3w naszego Klubu oraz naszych przyjaci\u00f3\u0142 lekarzy, prawnik\u00f3w oraz biznesmen\u00f3w.<\/p>\n<p>Perfekcyjnie przygotowany przez klubowy komitet organizacyjny na czele z El\u0105 SZYMA\u0143SK\u0104 i Zbyszkiem GUMULI\u0143SKIM dostarczy\u0142 przyby\u0142ym go\u015bciom wielu wra\u017ce\u0144 i niespodzianek. Przyby\u0142ych przywita\u0142 Prezydent RC Zamo\u015b\u0107 Bogdan SZYMA\u0143SKI, za\u015b oficjalnie Bal otworzy\u0142 Prezydent Miasta . Zamo\u015b\u0107 Pan Andrzej WNUK. Ca\u0142\u0105 imprez\u0119 z w\u0142a\u015bciwym sobie wdzi\u0119kiem i humorem poprowadzi\u0142 lider Kabaretu \u201e ANI MRU MRU\u201d Marcin W\u00d3JCIK. Na wst\u0119pie w kr\u00f3tkim recitalu zaprezentowa\u0142y si\u0119 dwie klubowe stypendystki , uczennice Szko\u0142y Muzycznej w Zamo\u015bciu.<\/p>\n<p>By\u0142 te\u017c pokaz sztuki barma\u0144skiej i oczywi\u015bcie aukcja, na kt\u00f3r\u0105 prace przygotowali uczniowie Pa\u0144stwowego Liceum Sztuk Plastycznych \/ tam r\u00f3wnie\u017c mamy stypendyst\u00f3w \/,profesjonalna pracownia jubilerska i \u2026.florystka. Urozmaicone menu wzbogacone specja\u0142ami swojskiej kuchni zaspokoi\u0142o najbardziej wybredne podniebienia. Rewelacyjny zesp\u00f3\u0142 muzyczny nie pozwoli\u0142 do godzin porannych odpocz\u0105\u0107 naszym nogom a clou ta\u0144c\u00f3w by\u0142 walc kotylionowy. Doch\u00f3d z Balu zostanie w ca\u0142o\u015bci przeznaczony na nasze przedsi\u0119wzi\u0119cia zwi\u0105zane z pomoc\u0105 dla polskich dzieci ucz\u0105cych si\u0119 w Polskiej Sobotniej Szkole w Ko\u0142omyi na Ukrainie<\/p>\n\t\t\t\t\t\t\t\t<\/div>\n\t\t\t\t<\/div>\n\t\t\t\t\t<\/div>\n\t\t<\/div>\n\t\t\t\t\t<\/div>\n\t\t<\/section>\n\t\t\t\t<section class=\"elementor-section elementor-top-section elementor-element elementor-element-670f3dc elementor-section-stretched elementor-section-boxed elementor-section-height-default elementor-section-height-default\" data-id=\"670f3dc\" data-element_type=\"section\" data-e-type=\"section\" data-settings=\"{&quot;stretch_section&quot;:&quot;section-stretched&quot;}\">\n\t\t\t\t\t\t<div class=\"elementor-container elementor-column-gap-default\">\n\t\t\t\t\t<div class=\"elementor-column elementor-col-100 elementor-top-column elementor-element elementor-element-c9a3f3b\" data-id=\"c9a3f3b\" data-element_type=\"column\" data-e-type=\"column\">\n\t\t\t<div class=\"elementor-widget-wrap elementor-element-populated\">\n\t\t\t\t\t\t<div class=\"elementor-element elementor-element-0a9efb8 gallery-spacing-custom elementor-widget elementor-widget-image-gallery\" data-id=\"0a9efb8\" data-element_type=\"widget\" data-e-type=\"widget\" data-widget_type=\"image-gallery.default\">\n\t\t\t\t<div class=\"elementor-widget-container\">\n\t\t\t\t\t\t\t<div class=\"elementor-image-gallery\">\n\t\t\t<div id='gallery-1' class='gallery galleryid-7136 gallery-columns-2 gallery-size-graphy-post-thumbnail-medium'><figure class='gallery-item'>\n\t\t\t<div class='gallery-icon landscape'>\n\t\t\t\t<a data-elementor-open-lightbox=\"yes\" data-elementor-lightbox-slideshow=\"0a9efb8\" data-elementor-lightbox-title=\"XX_bal_charytatywny_2016_(1)\" data-e-action-hash=\"#elementor-action%3Aaction%3Dlightbox%26settings%3DeyJpZCI6NzEzOCwidXJsIjoiaHR0cHM6XC9cL3JvdGFyeS56YW1vc2MucGxcL3dwLWNvbnRlbnRcL3VwbG9hZHNcLzIwMjZcLzAzXC9YWF9iYWxfY2hhcnl0YXR5d255XzIwMTZfMS5qcGciLCJzbGlkZXNob3ciOiIwYTllZmI4In0%3D\" href='https:\/\/rotary.zamosc.pl\/wp-content\/uploads\/2026\/03\/XX_bal_charytatywny_2016_1.jpg'><img fetchpriority=\"high\" decoding=\"async\" width=\"482\" height=\"300\" src=\"https:\/\/rotary.zamosc.pl\/wp-content\/uploads\/2026\/03\/XX_bal_charytatywny_2016_1-482x300.jpg\" class=\"attachment-graphy-post-thumbnail-medium size-graphy-post-thumbnail-medium\" alt=\"\" \/><\/a>\n\t\t\t<\/div><\/figure><figure class='gallery-item'>\n\t\t\t<div class='gallery-icon portrait'>\n\t\t\t\t<a data-elementor-open-lightbox=\"yes\" data-elementor-lightbox-slideshow=\"0a9efb8\" data-elementor-lightbox-title=\"XX_bal_charytatywny_2016_(2)\" data-e-action-hash=\"#elementor-action%3Aaction%3Dlightbox%26settings%3DeyJpZCI6NzEzOSwidXJsIjoiaHR0cHM6XC9cL3JvdGFyeS56YW1vc2MucGxcL3dwLWNvbnRlbnRcL3VwbG9hZHNcLzIwMjZcLzAzXC9YWF9iYWxfY2hhcnl0YXR5d255XzIwMTZfMi5qcGciLCJzbGlkZXNob3ciOiIwYTllZmI4In0%3D\" href='https:\/\/rotary.zamosc.pl\/wp-content\/uploads\/2026\/03\/XX_bal_charytatywny_2016_2.jpg'><img decoding=\"async\" width=\"482\" height=\"300\" src=\"https:\/\/rotary.zamosc.pl\/wp-content\/uploads\/2026\/03\/XX_bal_charytatywny_2016_2-482x300.jpg\" class=\"attachment-graphy-post-thumbnail-medium size-graphy-post-thumbnail-medium\" alt=\"\" \/><\/a>\n\t\t\t<\/div><\/figure><figure class='gallery-item'>\n\t\t\t<div class='gallery-icon portrait'>\n\t\t\t\t<a data-elementor-open-lightbox=\"yes\" data-elementor-lightbox-slideshow=\"0a9efb8\" data-elementor-lightbox-title=\"XX_bal_charytatywny_2016_(3)\" data-e-action-hash=\"#elementor-action%3Aaction%3Dlightbox%26settings%3DeyJpZCI6NzE0MCwidXJsIjoiaHR0cHM6XC9cL3JvdGFyeS56YW1vc2MucGxcL3dwLWNvbnRlbnRcL3VwbG9hZHNcLzIwMjZcLzAzXC9YWF9iYWxfY2hhcnl0YXR5d255XzIwMTZfMy5qcGciLCJzbGlkZXNob3ciOiIwYTllZmI4In0%3D\" href='https:\/\/rotary.zamosc.pl\/wp-content\/uploads\/2026\/03\/XX_bal_charytatywny_2016_3.jpg'><img decoding=\"async\" width=\"482\" height=\"300\" src=\"https:\/\/rotary.zamosc.pl\/wp-content\/uploads\/2026\/03\/XX_bal_charytatywny_2016_3-482x300.jpg\" class=\"attachment-graphy-post-thumbnail-medium size-graphy-post-thumbnail-medium\" alt=\"\" \/><\/a>\n\t\t\t<\/div><\/figure><figure class='gallery-item'>\n\t\t\t<div class='gallery-icon portrait'>\n\t\t\t\t<a data-elementor-open-lightbox=\"yes\" data-elementor-lightbox-slideshow=\"0a9efb8\" data-elementor-lightbox-title=\"XX_bal_charytatywny_2016_(4)\" data-e-action-hash=\"#elementor-action%3Aaction%3Dlightbox%26settings%3DeyJpZCI6NzE0MSwidXJsIjoiaHR0cHM6XC9cL3JvdGFyeS56YW1vc2MucGxcL3dwLWNvbnRlbnRcL3VwbG9hZHNcLzIwMjZcLzAzXC9YWF9iYWxfY2hhcnl0YXR5d255XzIwMTZfNC5qcGciLCJzbGlkZXNob3ciOiIwYTllZmI4In0%3D\" href='https:\/\/rotary.zamosc.pl\/wp-content\/uploads\/2026\/03\/XX_bal_charytatywny_2016_4.jpg'><img loading=\"lazy\" decoding=\"async\" width=\"482\" height=\"300\" src=\"https:\/\/rotary.zamosc.pl\/wp-content\/uploads\/2026\/03\/XX_bal_charytatywny_2016_4-482x300.jpg\" class=\"attachment-graphy-post-thumbnail-medium size-graphy-post-thumbnail-medium\" alt=\"\" \/><\/a>\n\t\t\t<\/div><\/figure><figure class='gallery-item'>\n\t\t\t<div class='gallery-icon landscape'>\n\t\t\t\t<a data-elementor-open-lightbox=\"yes\" data-elementor-lightbox-slideshow=\"0a9efb8\" data-elementor-lightbox-title=\"XX_bal_charytatywny_2016_(5)\" data-e-action-hash=\"#elementor-action%3Aaction%3Dlightbox%26settings%3DeyJpZCI6NzE0MiwidXJsIjoiaHR0cHM6XC9cL3JvdGFyeS56YW1vc2MucGxcL3dwLWNvbnRlbnRcL3VwbG9hZHNcLzIwMjZcLzAzXC9YWF9iYWxfY2hhcnl0YXR5d255XzIwMTZfNS5qcGciLCJzbGlkZXNob3ciOiIwYTllZmI4In0%3D\" href='https:\/\/rotary.zamosc.pl\/wp-content\/uploads\/2026\/03\/XX_bal_charytatywny_2016_5.jpg'><img loading=\"lazy\" decoding=\"async\" width=\"482\" height=\"300\" src=\"https:\/\/rotary.zamosc.pl\/wp-content\/uploads\/2026\/03\/XX_bal_charytatywny_2016_5-482x300.jpg\" class=\"attachment-graphy-post-thumbnail-medium size-graphy-post-thumbnail-medium\" alt=\"\" \/><\/a>\n\t\t\t<\/div><\/figure><figure class='gallery-item'>\n\t\t\t<div class='gallery-icon landscape'>\n\t\t\t\t<a data-elementor-open-lightbox=\"yes\" data-elementor-lightbox-slideshow=\"0a9efb8\" data-elementor-lightbox-title=\"XX_bal_charytatywny_2016_(6)\" data-e-action-hash=\"#elementor-action%3Aaction%3Dlightbox%26settings%3DeyJpZCI6NzE0MywidXJsIjoiaHR0cHM6XC9cL3JvdGFyeS56YW1vc2MucGxcL3dwLWNvbnRlbnRcL3VwbG9hZHNcLzIwMjZcLzAzXC9YWF9iYWxfY2hhcnl0YXR5d255XzIwMTZfNi5qcGciLCJzbGlkZXNob3ciOiIwYTllZmI4In0%3D\" href='https:\/\/rotary.zamosc.pl\/wp-content\/uploads\/2026\/03\/XX_bal_charytatywny_2016_6.jpg'><img loading=\"lazy\" decoding=\"async\" width=\"482\" height=\"300\" src=\"https:\/\/rotary.zamosc.pl\/wp-content\/uploads\/2026\/03\/XX_bal_charytatywny_2016_6-482x300.jpg\" class=\"attachment-graphy-post-thumbnail-medium size-graphy-post-thumbnail-medium\" alt=\"\" \/><\/a>\n\t\t\t<\/div><\/figure><figure class='gallery-item'>\n\t\t\t<div class='gallery-icon landscape'>\n\t\t\t\t<a data-elementor-open-lightbox=\"yes\" data-elementor-lightbox-slideshow=\"0a9efb8\" data-elementor-lightbox-title=\"XX_bal_charytatywny_2016_(7)\" data-e-action-hash=\"#elementor-action%3Aaction%3Dlightbox%26settings%3DeyJpZCI6NzE0NCwidXJsIjoiaHR0cHM6XC9cL3JvdGFyeS56YW1vc2MucGxcL3dwLWNvbnRlbnRcL3VwbG9hZHNcLzIwMjZcLzAzXC9YWF9iYWxfY2hhcnl0YXR5d255XzIwMTZfNy5qcGciLCJzbGlkZXNob3ciOiIwYTllZmI4In0%3D\" href='https:\/\/rotary.zamosc.pl\/wp-content\/uploads\/2026\/03\/XX_bal_charytatywny_2016_7.jpg'><img loading=\"lazy\" decoding=\"async\" width=\"482\" height=\"300\" src=\"https:\/\/rotary.zamosc.pl\/wp-content\/uploads\/2026\/03\/XX_bal_charytatywny_2016_7-482x300.jpg\" class=\"attachment-graphy-post-thumbnail-medium size-graphy-post-thumbnail-medium\" alt=\"\" \/><\/a>\n\t\t\t<\/div><\/figure><figure class='gallery-item'>\n\t\t\t<div class='gallery-icon landscape'>\n\t\t\t\t<a data-elementor-open-lightbox=\"yes\" data-elementor-lightbox-slideshow=\"0a9efb8\" data-elementor-lightbox-title=\"XX_bal_charytatywny_2016_(10)\" data-e-action-hash=\"#elementor-action%3Aaction%3Dlightbox%26settings%3DeyJpZCI6NzE0NSwidXJsIjoiaHR0cHM6XC9cL3JvdGFyeS56YW1vc2MucGxcL3dwLWNvbnRlbnRcL3VwbG9hZHNcLzIwMjZcLzAzXC9YWF9iYWxfY2hhcnl0YXR5d255XzIwMTZfMTAuanBnIiwic2xpZGVzaG93IjoiMGE5ZWZiOCJ9\" href='https:\/\/rotary.zamosc.pl\/wp-content\/uploads\/2026\/03\/XX_bal_charytatywny_2016_10.jpg'><img loading=\"lazy\" decoding=\"async\" width=\"482\" height=\"300\" src=\"https:\/\/rotary.zamosc.pl\/wp-content\/uploads\/2026\/03\/XX_bal_charytatywny_2016_10-482x300.jpg\" class=\"attachment-graphy-post-thumbnail-medium size-graphy-post-thumbnail-medium\" alt=\"\" \/><\/a>\n\t\t\t<\/div><\/figure><figure class='gallery-item'>\n\t\t\t<div class='gallery-icon landscape'>\n\t\t\t\t<a data-elementor-open-lightbox=\"yes\" data-elementor-lightbox-slideshow=\"0a9efb8\" data-elementor-lightbox-title=\"XX_bal_charytatywny_2016_(11)\" data-e-action-hash=\"#elementor-action%3Aaction%3Dlightbox%26settings%3DeyJpZCI6NzE0NiwidXJsIjoiaHR0cHM6XC9cL3JvdGFyeS56YW1vc2MucGxcL3dwLWNvbnRlbnRcL3VwbG9hZHNcLzIwMjZcLzAzXC9YWF9iYWxfY2hhcnl0YXR5d255XzIwMTZfMTEuanBnIiwic2xpZGVzaG93IjoiMGE5ZWZiOCJ9\" href='https:\/\/rotary.zamosc.pl\/wp-content\/uploads\/2026\/03\/XX_bal_charytatywny_2016_11.jpg'><img loading=\"lazy\" decoding=\"async\" width=\"482\" height=\"300\" src=\"https:\/\/rotary.zamosc.pl\/wp-content\/uploads\/2026\/03\/XX_bal_charytatywny_2016_11-482x300.jpg\" class=\"attachment-graphy-post-thumbnail-medium size-graphy-post-thumbnail-medium\" alt=\"\" \/><\/a>\n\t\t\t<\/div><\/figure><figure class='gallery-item'>\n\t\t\t<div class='gallery-icon landscape'>\n\t\t\t\t<a data-elementor-open-lightbox=\"yes\" data-elementor-lightbox-slideshow=\"0a9efb8\" data-elementor-lightbox-title=\"XX_bal_charytatywny_2016_(13)\" data-e-action-hash=\"#elementor-action%3Aaction%3Dlightbox%26settings%3DeyJpZCI6NzE0NywidXJsIjoiaHR0cHM6XC9cL3JvdGFyeS56YW1vc2MucGxcL3dwLWNvbnRlbnRcL3VwbG9hZHNcLzIwMjZcLzAzXC9YWF9iYWxfY2hhcnl0YXR5d255XzIwMTZfMTMuanBnIiwic2xpZGVzaG93IjoiMGE5ZWZiOCJ9\" href='https:\/\/rotary.zamosc.pl\/wp-content\/uploads\/2026\/03\/XX_bal_charytatywny_2016_13.jpg'><img loading=\"lazy\" decoding=\"async\" width=\"482\" height=\"300\" src=\"https:\/\/rotary.zamosc.pl\/wp-content\/uploads\/2026\/03\/XX_bal_charytatywny_2016_13-482x300.jpg\" class=\"attachment-graphy-post-thumbnail-medium size-graphy-post-thumbnail-medium\" alt=\"\" \/><\/a>\n\t\t\t<\/div><\/figure><figure class='gallery-item'>\n\t\t\t<div class='gallery-icon landscape'>\n\t\t\t\t<a data-elementor-open-lightbox=\"yes\" data-elementor-lightbox-slideshow=\"0a9efb8\" data-elementor-lightbox-title=\"XX_bal_charytatywny_2016_(16)\" data-e-action-hash=\"#elementor-action%3Aaction%3Dlightbox%26settings%3DeyJpZCI6NzE0OCwidXJsIjoiaHR0cHM6XC9cL3JvdGFyeS56YW1vc2MucGxcL3dwLWNvbnRlbnRcL3VwbG9hZHNcLzIwMjZcLzAzXC9YWF9iYWxfY2hhcnl0YXR5d255XzIwMTZfMTYuanBnIiwic2xpZGVzaG93IjoiMGE5ZWZiOCJ9\" href='https:\/\/rotary.zamosc.pl\/wp-content\/uploads\/2026\/03\/XX_bal_charytatywny_2016_16.jpg'><img loading=\"lazy\" decoding=\"async\" width=\"482\" height=\"300\" src=\"https:\/\/rotary.zamosc.pl\/wp-content\/uploads\/2026\/03\/XX_bal_charytatywny_2016_16-482x300.jpg\" class=\"attachment-graphy-post-thumbnail-medium size-graphy-post-thumbnail-medium\" alt=\"\" \/><\/a>\n\t\t\t<\/div><\/figure><figure class='gallery-item'>\n\t\t\t<div class='gallery-icon landscape'>\n\t\t\t\t<a data-elementor-open-lightbox=\"yes\" data-elementor-lightbox-slideshow=\"0a9efb8\" data-elementor-lightbox-title=\"XX_bal_charytatywny_2016_(17)\" data-e-action-hash=\"#elementor-action%3Aaction%3Dlightbox%26settings%3DeyJpZCI6NzE0OSwidXJsIjoiaHR0cHM6XC9cL3JvdGFyeS56YW1vc2MucGxcL3dwLWNvbnRlbnRcL3VwbG9hZHNcLzIwMjZcLzAzXC9YWF9iYWxfY2hhcnl0YXR5d255XzIwMTZfMTcuanBnIiwic2xpZGVzaG93IjoiMGE5ZWZiOCJ9\" href='https:\/\/rotary.zamosc.pl\/wp-content\/uploads\/2026\/03\/XX_bal_charytatywny_2016_17.jpg'><img loading=\"lazy\" decoding=\"async\" width=\"482\" height=\"300\" src=\"https:\/\/rotary.zamosc.pl\/wp-content\/uploads\/2026\/03\/XX_bal_charytatywny_2016_17-482x300.jpg\" class=\"attachment-graphy-post-thumbnail-medium size-graphy-post-thumbnail-medium\" alt=\"\" \/><\/a>\n\t\t\t<\/div><\/figure><figure class='gallery-item'>\n\t\t\t<div class='gallery-icon landscape'>\n\t\t\t\t<a data-elementor-open-lightbox=\"yes\" data-elementor-lightbox-slideshow=\"0a9efb8\" data-elementor-lightbox-title=\"XX_bal_charytatywny_2016_(20)\" data-e-action-hash=\"#elementor-action%3Aaction%3Dlightbox%26settings%3DeyJpZCI6NzE1MCwidXJsIjoiaHR0cHM6XC9cL3JvdGFyeS56YW1vc2MucGxcL3dwLWNvbnRlbnRcL3VwbG9hZHNcLzIwMjZcLzAzXC9YWF9iYWxfY2hhcnl0YXR5d255XzIwMTZfMjAuanBnIiwic2xpZGVzaG93IjoiMGE5ZWZiOCJ9\" href='https:\/\/rotary.zamosc.pl\/wp-content\/uploads\/2026\/03\/XX_bal_charytatywny_2016_20.jpg'><img loading=\"lazy\" decoding=\"async\" width=\"482\" height=\"300\" src=\"https:\/\/rotary.zamosc.pl\/wp-content\/uploads\/2026\/03\/XX_bal_charytatywny_2016_20-482x300.jpg\" class=\"attachment-graphy-post-thumbnail-medium size-graphy-post-thumbnail-medium\" alt=\"\" \/><\/a>\n\t\t\t<\/div><\/figure><figure class='gallery-item'>\n\t\t\t<div class='gallery-icon portrait'>\n\t\t\t\t<a data-elementor-open-lightbox=\"yes\" data-elementor-lightbox-slideshow=\"0a9efb8\" data-elementor-lightbox-title=\"XX_bal_charytatywny_2016_(22)\" data-e-action-hash=\"#elementor-action%3Aaction%3Dlightbox%26settings%3DeyJpZCI6NzE1MSwidXJsIjoiaHR0cHM6XC9cL3JvdGFyeS56YW1vc2MucGxcL3dwLWNvbnRlbnRcL3VwbG9hZHNcLzIwMjZcLzAzXC9YWF9iYWxfY2hhcnl0YXR5d255XzIwMTZfMjIuanBnIiwic2xpZGVzaG93IjoiMGE5ZWZiOCJ9\" href='https:\/\/rotary.zamosc.pl\/wp-content\/uploads\/2026\/03\/XX_bal_charytatywny_2016_22.jpg'><img loading=\"lazy\" decoding=\"async\" width=\"482\" height=\"300\" src=\"https:\/\/rotary.zamosc.pl\/wp-content\/uploads\/2026\/03\/XX_bal_charytatywny_2016_22-482x300.jpg\" class=\"attachment-graphy-post-thumbnail-medium size-graphy-post-thumbnail-medium\" alt=\"\" \/><\/a>\n\t\t\t<\/div><\/figure><figure class='gallery-item'>\n\t\t\t<div class='gallery-icon portrait'>\n\t\t\t\t<a data-elementor-open-lightbox=\"yes\" data-elementor-lightbox-slideshow=\"0a9efb8\" data-elementor-lightbox-title=\"XX_bal_charytatywny_2016_(23)\" data-e-action-hash=\"#elementor-action%3Aaction%3Dlightbox%26settings%3DeyJpZCI6NzE1MiwidXJsIjoiaHR0cHM6XC9cL3JvdGFyeS56YW1vc2MucGxcL3dwLWNvbnRlbnRcL3VwbG9hZHNcLzIwMjZcLzAzXC9YWF9iYWxfY2hhcnl0YXR5d255XzIwMTZfMjMuanBnIiwic2xpZGVzaG93IjoiMGE5ZWZiOCJ9\" href='https:\/\/rotary.zamosc.pl\/wp-content\/uploads\/2026\/03\/XX_bal_charytatywny_2016_23.jpg'><img loading=\"lazy\" decoding=\"async\" width=\"482\" height=\"300\" src=\"https:\/\/rotary.zamosc.pl\/wp-content\/uploads\/2026\/03\/XX_bal_charytatywny_2016_23-482x300.jpg\" class=\"attachment-graphy-post-thumbnail-medium size-graphy-post-thumbnail-medium\" alt=\"\" \/><\/a>\n\t\t\t<\/div><\/figure><figure class='gallery-item'>\n\t\t\t<div class='gallery-icon portrait'>\n\t\t\t\t<a data-elementor-open-lightbox=\"yes\" data-elementor-lightbox-slideshow=\"0a9efb8\" data-elementor-lightbox-title=\"XX_bal_charytatywny_2016_(24)\" data-e-action-hash=\"#elementor-action%3Aaction%3Dlightbox%26settings%3DeyJpZCI6NzE1MywidXJsIjoiaHR0cHM6XC9cL3JvdGFyeS56YW1vc2MucGxcL3dwLWNvbnRlbnRcL3VwbG9hZHNcLzIwMjZcLzAzXC9YWF9iYWxfY2hhcnl0YXR5d255XzIwMTZfMjQuanBnIiwic2xpZGVzaG93IjoiMGE5ZWZiOCJ9\" href='https:\/\/rotary.zamosc.pl\/wp-content\/uploads\/2026\/03\/XX_bal_charytatywny_2016_24.jpg'><img loading=\"lazy\" decoding=\"async\" width=\"482\" height=\"300\" src=\"https:\/\/rotary.zamosc.pl\/wp-content\/uploads\/2026\/03\/XX_bal_charytatywny_2016_24-482x300.jpg\" class=\"attachment-graphy-post-thumbnail-medium size-graphy-post-thumbnail-medium\" alt=\"\" \/><\/a>\n\t\t\t<\/div><\/figure><figure class='gallery-item'>\n\t\t\t<div class='gallery-icon portrait'>\n\t\t\t\t<a data-elementor-open-lightbox=\"yes\" data-elementor-lightbox-slideshow=\"0a9efb8\" data-elementor-lightbox-title=\"XX_bal_charytatywny_2016_(25)\" data-e-action-hash=\"#elementor-action%3Aaction%3Dlightbox%26settings%3DeyJpZCI6NzE1NCwidXJsIjoiaHR0cHM6XC9cL3JvdGFyeS56YW1vc2MucGxcL3dwLWNvbnRlbnRcL3VwbG9hZHNcLzIwMjZcLzAzXC9YWF9iYWxfY2hhcnl0YXR5d255XzIwMTZfMjUuanBnIiwic2xpZGVzaG93IjoiMGE5ZWZiOCJ9\" href='https:\/\/rotary.zamosc.pl\/wp-content\/uploads\/2026\/03\/XX_bal_charytatywny_2016_25.jpg'><img loading=\"lazy\" decoding=\"async\" width=\"482\" height=\"300\" src=\"https:\/\/rotary.zamosc.pl\/wp-content\/uploads\/2026\/03\/XX_bal_charytatywny_2016_25-482x300.jpg\" class=\"attachment-graphy-post-thumbnail-medium size-graphy-post-thumbnail-medium\" alt=\"\" \/><\/a>\n\t\t\t<\/div><\/figure><figure class='gallery-item'>\n\t\t\t<div class='gallery-icon landscape'>\n\t\t\t\t<a data-elementor-open-lightbox=\"yes\" data-elementor-lightbox-slideshow=\"0a9efb8\" data-elementor-lightbox-title=\"XX_bal_charytatywny_2016_(29)\" data-e-action-hash=\"#elementor-action%3Aaction%3Dlightbox%26settings%3DeyJpZCI6NzE1NSwidXJsIjoiaHR0cHM6XC9cL3JvdGFyeS56YW1vc2MucGxcL3dwLWNvbnRlbnRcL3VwbG9hZHNcLzIwMjZcLzAzXC9YWF9iYWxfY2hhcnl0YXR5d255XzIwMTZfMjkuanBnIiwic2xpZGVzaG93IjoiMGE5ZWZiOCJ9\" href='https:\/\/rotary.zamosc.pl\/wp-content\/uploads\/2026\/03\/XX_bal_charytatywny_2016_29.jpg'><img loading=\"lazy\" decoding=\"async\" width=\"482\" height=\"300\" src=\"https:\/\/rotary.zamosc.pl\/wp-content\/uploads\/2026\/03\/XX_bal_charytatywny_2016_29-482x300.jpg\" class=\"attachment-graphy-post-thumbnail-medium size-graphy-post-thumbnail-medium\" alt=\"\" \/><\/a>\n\t\t\t<\/div><\/figure><figure class='gallery-item'>\n\t\t\t<div class='gallery-icon portrait'>\n\t\t\t\t<a data-elementor-open-lightbox=\"yes\" data-elementor-lightbox-slideshow=\"0a9efb8\" data-elementor-lightbox-title=\"XX_bal_charytatywny_2016_(32)\" data-e-action-hash=\"#elementor-action%3Aaction%3Dlightbox%26settings%3DeyJpZCI6NzE1NiwidXJsIjoiaHR0cHM6XC9cL3JvdGFyeS56YW1vc2MucGxcL3dwLWNvbnRlbnRcL3VwbG9hZHNcLzIwMjZcLzAzXC9YWF9iYWxfY2hhcnl0YXR5d255XzIwMTZfMzIuanBnIiwic2xpZGVzaG93IjoiMGE5ZWZiOCJ9\" href='https:\/\/rotary.zamosc.pl\/wp-content\/uploads\/2026\/03\/XX_bal_charytatywny_2016_32.jpg'><img loading=\"lazy\" decoding=\"async\" width=\"482\" height=\"300\" src=\"https:\/\/rotary.zamosc.pl\/wp-content\/uploads\/2026\/03\/XX_bal_charytatywny_2016_32-482x300.jpg\" class=\"attachment-graphy-post-thumbnail-medium size-graphy-post-thumbnail-medium\" alt=\"\" \/><\/a>\n\t\t\t<\/div><\/figure><figure class='gallery-item'>\n\t\t\t<div class='gallery-icon portrait'>\n\t\t\t\t<a data-elementor-open-lightbox=\"yes\" data-elementor-lightbox-slideshow=\"0a9efb8\" data-elementor-lightbox-title=\"XX_bal_charytatywny_2016_(33)\" data-e-action-hash=\"#elementor-action%3Aaction%3Dlightbox%26settings%3DeyJpZCI6NzE1NywidXJsIjoiaHR0cHM6XC9cL3JvdGFyeS56YW1vc2MucGxcL3dwLWNvbnRlbnRcL3VwbG9hZHNcLzIwMjZcLzAzXC9YWF9iYWxfY2hhcnl0YXR5d255XzIwMTZfMzMuanBnIiwic2xpZGVzaG93IjoiMGE5ZWZiOCJ9\" href='https:\/\/rotary.zamosc.pl\/wp-content\/uploads\/2026\/03\/XX_bal_charytatywny_2016_33.jpg'><img loading=\"lazy\" decoding=\"async\" width=\"482\" height=\"300\" src=\"https:\/\/rotary.zamosc.pl\/wp-content\/uploads\/2026\/03\/XX_bal_charytatywny_2016_33-482x300.jpg\" class=\"attachment-graphy-post-thumbnail-medium size-graphy-post-thumbnail-medium\" alt=\"\" \/><\/a>\n\t\t\t<\/div><\/figure><figure class='gallery-item'>\n\t\t\t<div class='gallery-icon portrait'>\n\t\t\t\t<a data-elementor-open-lightbox=\"yes\" data-elementor-lightbox-slideshow=\"0a9efb8\" data-elementor-lightbox-title=\"XX_bal_charytatywny_2016_(34)\" data-e-action-hash=\"#elementor-action%3Aaction%3Dlightbox%26settings%3DeyJpZCI6NzE1OCwidXJsIjoiaHR0cHM6XC9cL3JvdGFyeS56YW1vc2MucGxcL3dwLWNvbnRlbnRcL3VwbG9hZHNcLzIwMjZcLzAzXC9YWF9iYWxfY2hhcnl0YXR5d255XzIwMTZfMzQuanBnIiwic2xpZGVzaG93IjoiMGE5ZWZiOCJ9\" href='https:\/\/rotary.zamosc.pl\/wp-content\/uploads\/2026\/03\/XX_bal_charytatywny_2016_34.jpg'><img loading=\"lazy\" decoding=\"async\" width=\"482\" height=\"300\" src=\"https:\/\/rotary.zamosc.pl\/wp-content\/uploads\/2026\/03\/XX_bal_charytatywny_2016_34-482x300.jpg\" class=\"attachment-graphy-post-thumbnail-medium size-graphy-post-thumbnail-medium\" alt=\"\" \/><\/a>\n\t\t\t<\/div><\/figure><figure class='gallery-item'>\n\t\t\t<div class='gallery-icon portrait'>\n\t\t\t\t<a data-elementor-open-lightbox=\"yes\" data-elementor-lightbox-slideshow=\"0a9efb8\" data-elementor-lightbox-title=\"XX_bal_charytatywny_2016_(35)\" data-e-action-hash=\"#elementor-action%3Aaction%3Dlightbox%26settings%3DeyJpZCI6NzE1OSwidXJsIjoiaHR0cHM6XC9cL3JvdGFyeS56YW1vc2MucGxcL3dwLWNvbnRlbnRcL3VwbG9hZHNcLzIwMjZcLzAzXC9YWF9iYWxfY2hhcnl0YXR5d255XzIwMTZfMzUuanBnIiwic2xpZGVzaG93IjoiMGE5ZWZiOCJ9\" href='https:\/\/rotary.zamosc.pl\/wp-content\/uploads\/2026\/03\/XX_bal_charytatywny_2016_35.jpg'><img loading=\"lazy\" decoding=\"async\" width=\"482\" height=\"300\" src=\"https:\/\/rotary.zamosc.pl\/wp-content\/uploads\/2026\/03\/XX_bal_charytatywny_2016_35-482x300.jpg\" class=\"attachment-graphy-post-thumbnail-medium size-graphy-post-thumbnail-medium\" alt=\"\" \/><\/a>\n\t\t\t<\/div><\/figure><figure class='gallery-item'>\n\t\t\t<div class='gallery-icon portrait'>\n\t\t\t\t<a data-elementor-open-lightbox=\"yes\" data-elementor-lightbox-slideshow=\"0a9efb8\" data-elementor-lightbox-title=\"XX_bal_charytatywny_2016_(37)\" data-e-action-hash=\"#elementor-action%3Aaction%3Dlightbox%26settings%3DeyJpZCI6NzE2MCwidXJsIjoiaHR0cHM6XC9cL3JvdGFyeS56YW1vc2MucGxcL3dwLWNvbnRlbnRcL3VwbG9hZHNcLzIwMjZcLzAzXC9YWF9iYWxfY2hhcnl0YXR5d255XzIwMTZfMzcuanBnIiwic2xpZGVzaG93IjoiMGE5ZWZiOCJ9\" href='https:\/\/rotary.zamosc.pl\/wp-content\/uploads\/2026\/03\/XX_bal_charytatywny_2016_37.jpg'><img loading=\"lazy\" decoding=\"async\" width=\"482\" height=\"300\" src=\"https:\/\/rotary.zamosc.pl\/wp-content\/uploads\/2026\/03\/XX_bal_charytatywny_2016_37-482x300.jpg\" class=\"attachment-graphy-post-thumbnail-medium size-graphy-post-thumbnail-medium\" alt=\"\" \/><\/a>\n\t\t\t<\/div><\/figure><figure class='gallery-item'>\n\t\t\t<div class='gallery-icon landscape'>\n\t\t\t\t<a data-elementor-open-lightbox=\"yes\" data-elementor-lightbox-slideshow=\"0a9efb8\" data-elementor-lightbox-title=\"XX_bal_charytatywny_2016_(38)\" data-e-action-hash=\"#elementor-action%3Aaction%3Dlightbox%26settings%3DeyJpZCI6NzE2MSwidXJsIjoiaHR0cHM6XC9cL3JvdGFyeS56YW1vc2MucGxcL3dwLWNvbnRlbnRcL3VwbG9hZHNcLzIwMjZcLzAzXC9YWF9iYWxfY2hhcnl0YXR5d255XzIwMTZfMzguanBnIiwic2xpZGVzaG93IjoiMGE5ZWZiOCJ9\" href='https:\/\/rotary.zamosc.pl\/wp-content\/uploads\/2026\/03\/XX_bal_charytatywny_2016_38.jpg'><img loading=\"lazy\" decoding=\"async\" width=\"482\" height=\"300\" src=\"https:\/\/rotary.zamosc.pl\/wp-content\/uploads\/2026\/03\/XX_bal_charytatywny_2016_38-482x300.jpg\" class=\"attachment-graphy-post-thumbnail-medium size-graphy-post-thumbnail-medium\" alt=\"\" \/><\/a>\n\t\t\t<\/div><\/figure>\n\t\t<\/div>\n\t\t<\/div>\n\t\t\t\t\t\t<\/div>\n\t\t\t\t<\/div>\n\t\t\t\t\t<\/div>\n\t\t<\/div>\n\t\t\t\t\t<\/div>\n\t\t<\/section>\n\t\t\t\t<\/div>\n\t\t","protected":false},"excerpt":{"rendered":"<p>W \u201e andrzejkowy\u201d weekend w Sali Kryszta\u0142owej Hotelu \u201eARTIS\u201d mia\u0142 miejsce jubileuszowy, 20 \u2013 ty ju\u017c bal zorganizowany przez cz\u0142onk\u00f3w Zamojskiego Klubu Rotaria\u0144skiego. Zgromadzi\u0142 komplet uczestnik\u00f3w : cz\u0142onk\u00f3w naszego Klubu oraz naszych przyjaci\u00f3\u0142 lekarzy, prawnik\u00f3w oraz biznesmen\u00f3w. Perfekcyjnie przygotowany przez klubowy komitet organizacyjny na czele z El\u0105 SZYMA\u0143SK\u0104 i Zbyszkiem GUMULI\u0143SKIM dostarczy\u0142 przyby\u0142ym go\u015bciom wielu&#8230;<\/p>\n","protected":false},"author":1,"featured_media":7155,"comment_status":"open","ping_status":"open","sticky":false,"template":"","format":"standard","meta":{"footnotes":""},"categories":[26],"tags":[],"class_list":["post-7136","post","type-post","status-publish","format-standard","has-post-thumbnail","hentry","category-26"],"rttpg_featured_image_url":{"full":["https:\/\/rotary.zamosc.pl\/wp-content\/uploads\/2026\/03\/XX_bal_charytatywny_2016_29.jpg",1200,802,false],"landscape":["https:\/\/rotary.zamosc.pl\/wp-content\/uploads\/2026\/03\/XX_bal_charytatywny_2016_29.jpg",1200,802,false],"portraits":["https:\/\/rotary.zamosc.pl\/wp-content\/uploads\/2026\/03\/XX_bal_charytatywny_2016_29.jpg",1200,802,false],"thumbnail":["https:\/\/rotary.zamosc.pl\/wp-content\/uploads\/2026\/03\/XX_bal_charytatywny_2016_29-150x150.jpg",150,150,true],"medium":["https:\/\/rotary.zamosc.pl\/wp-content\/uploads\/2026\/03\/XX_bal_charytatywny_2016_29-300x201.jpg",300,201,true],"large":["https:\/\/rotary.zamosc.pl\/wp-content\/uploads\/2026\/03\/XX_bal_charytatywny_2016_29-700x468.jpg",700,468,true],"1536x1536":["https:\/\/rotary.zamosc.pl\/wp-content\/uploads\/2026\/03\/XX_bal_charytatywny_2016_29.jpg",1200,802,false],"2048x2048":["https:\/\/rotary.zamosc.pl\/wp-content\/uploads\/2026\/03\/XX_bal_charytatywny_2016_29.jpg",1200,802,false],"post-thumbnail":["https:\/\/rotary.zamosc.pl\/wp-content\/uploads\/2026\/03\/XX_bal_charytatywny_2016_29-800x535.jpg",800,535,true],"graphy-post-thumbnail-large":["https:\/\/rotary.zamosc.pl\/wp-content\/uploads\/2026\/03\/XX_bal_charytatywny_2016_29-1080x600.jpg",1080,600,true],"graphy-post-thumbnail-medium":["https:\/\/rotary.zamosc.pl\/wp-content\/uploads\/2026\/03\/XX_bal_charytatywny_2016_29-482x300.jpg",482,300,true],"graphy-post-thumbnail-small":["https:\/\/rotary.zamosc.pl\/wp-content\/uploads\/2026\/03\/XX_bal_charytatywny_2016_29-80x60.jpg",80,60,true],"graphy-page-thumbnail":["https:\/\/rotary.zamosc.pl\/wp-content\/uploads\/2026\/03\/XX_bal_charytatywny_2016_29-1200x350.jpg",1200,350,true],"sow-carousel-default":["https:\/\/rotary.zamosc.pl\/wp-content\/uploads\/2026\/03\/XX_bal_charytatywny_2016_29-272x182.jpg",272,182,true]},"rttpg_author":{"display_name":"rotaryzamosc","author_link":"https:\/\/rotary.zamosc.pl\/index.php\/author\/rotaryzamosc\/"},"rttpg_comment":0,"rttpg_category":"<a href=\"https:\/\/rotary.zamosc.pl\/index.php\/category\/2016\/\" rel=\"category tag\">2016<\/a>","rttpg_excerpt":"W \u201e andrzejkowy\u201d weekend w Sali Kryszta\u0142owej Hotelu \u201eARTIS\u201d mia\u0142 miejsce jubileuszowy, 20 \u2013 ty ju\u017c bal zorganizowany przez cz\u0142onk\u00f3w Zamojskiego Klubu Rotaria\u0144skiego. Zgromadzi\u0142 komplet uczestnik\u00f3w : cz\u0142onk\u00f3w naszego Klubu oraz naszych przyjaci\u00f3\u0142 lekarzy, prawnik\u00f3w oraz biznesmen\u00f3w. Perfekcyjnie przygotowany przez klubowy komitet organizacyjny na czele z El\u0105 SZYMA\u0143SK\u0104 i Zbyszkiem GUMULI\u0143SKIM dostarczy\u0142 przyby\u0142ym go\u015bciom wielu...","_links":{"self":[{"href":"https:\/\/rotary.zamosc.pl\/index.php\/wp-json\/wp\/v2\/posts\/7136","targetHints":{"allow":["GET"]}}],"collection":[{"href":"https:\/\/rotary.zamosc.pl\/index.php\/wp-json\/wp\/v2\/posts"}],"about":[{"href":"https:\/\/rotary.zamosc.pl\/index.php\/wp-json\/wp\/v2\/types\/post"}],"author":[{"embeddable":true,"href":"https:\/\/rotary.zamosc.pl\/index.php\/wp-json\/wp\/v2\/users\/1"}],"replies":[{"embeddable":true,"href":"https:\/\/rotary.zamosc.pl\/index.php\/wp-json\/wp\/v2\/comments?post=7136"}],"version-history":[{"count":4,"href":"https:\/\/rotary.zamosc.pl\/index.php\/wp-json\/wp\/v2\/posts\/7136\/revisions"}],"predecessor-version":[{"id":7164,"href":"https:\/\/rotary.zamosc.pl\/index.php\/wp-json\/wp\/v2\/posts\/7136\/revisions\/7164"}],"wp:featuredmedia":[{"embeddable":true,"href":"https:\/\/rotary.zamosc.pl\/index.php\/wp-json\/wp\/v2\/media\/7155"}],"wp:attachment":[{"href":"https:\/\/rotary.zamosc.pl\/index.php\/wp-json\/wp\/v2\/media?parent=7136"}],"wp:term":[{"taxonomy":"category","embeddable":true,"href":"https:\/\/rotary.zamosc.pl\/index.php\/wp-json\/wp\/v2\/categories?post=7136"},{"taxonomy":"post_tag","embeddable":true,"href":"https:\/\/rotary.zamosc.pl\/index.php\/wp-json\/wp\/v2\/tags?post=7136"}],"curies":[{"name":"wp","href":"https:\/\/api.w.org\/{rel}","templated":true}]}}