{"id":7192,"date":"2016-11-04T09:00:00","date_gmt":"2016-11-04T08:00:00","guid":{"rendered":"https:\/\/rotary.zamosc.pl\/?p=7192"},"modified":"2026-03-25T09:01:51","modified_gmt":"2026-03-25T08:01:51","slug":"zamojski-klub-rotarianski-w-sobotniej-szkole-im-vincenza-w-kolomyi","status":"publish","type":"post","link":"https:\/\/rotary.zamosc.pl\/index.php\/2016\/11\/04\/zamojski-klub-rotarianski-w-sobotniej-szkole-im-vincenza-w-kolomyi\/","title":{"rendered":"Zamojski Klub Rotaria\u0144ski w Sobotniej Szkole im.Vincenza w Ko\u0142omyi."},"content":{"rendered":"\n<p class=\"wp-block-paragraph\">To ju\u017c II wyjazd delegacji z Zamojskiego Klubu Rotaria\u0144skiego, kt\u00f3ra w dniach 04-06 listopada 2016 roku wyjecha\u0142a z darami do Polskiej Sobotniej Szko\u0142y im. Vincenza w Ko\u0142omyi, na Ukrainie. W sk\u0142ad delegacji weszli : Bogdan Szyma\u0144ski \u2013 Prezydent RC Zamo\u015b\u0107, El\u017cbieta Szyma\u0144ska \u2013 cz\u0142onek RC Zamo\u015b\u0107, Jerzy Liberadzki \u2013 Past President RC Zamo\u015b\u0107, Krzysztof Bork \u2013 cz\u0142onek RC Zamo\u015b\u0107, Zbigniew \u017bukowski \u2013 cz\u0142onek RC Zamo\u015b\u0107, Andrzej \u015anie\u017cko \u2013 cz\u0142onek RC Zamo\u015b\u0107 i Rafa\u0142 Pasieka \u2013 cz\u0142onek RC Zamo\u015b\u0107 (pomys\u0142odawca Akcji Rotarianie Pokucianom w Ko\u0142omyi). <\/p>\n\n\n\n<p class=\"wp-block-paragraph\">W sobotni poranek, po zwiedzaniu pi\u0119knego Galicyjskiego miasta i Muzeum Hulculszczyzny, przeszli\u015bmy na polski cmentarz, gdzie przy pomnikach Adama Mickiewicza i Pami\u0119ci Polak\u00f3w \u2013 zmar\u0142ych w latach 1918-1919 w Obozie Internowania w Kosaczowie z\u0142o\u017cyli\u015bmy wieniec i zapalili\u015bmy tradycyjny znicz. Po chwilach zadumy i refleksji na cmentarzu, udali\u015bmy si\u0119 do Polskiej Sobotniej Szko\u0142y im. Vincenza w Ko\u0142omyi, gdzie ucz\u0105ce si\u0119 tam dzieci i m\u0142odzie\u017c przygotowa\u0142y program artystyczny. Nie brakowa\u0142o wzrusze\u0144 i rado\u015bci . Zesp\u00f3\u0142 \u201eKwiaty Pokucia\u201d zaprezentowa\u0142 nam koncert Pie\u015bni Patriotycznej przeplatany wyst\u0119pami tanecznymi i recytacj\u0105 polskich wierszy. Recytowano mi\u0119dzy innymi wiersze Jana Brzechwy \u2013 \u201eSamochwa\u0142\u0119\u201d i \u201d Na tapczanie siedzi le\u0144\u201d, kt\u00f3re rozbawi\u0142y nasz\u0105 delegacj\u0119 do \u0142ez. <\/p>\n\n\n\n<p class=\"wp-block-paragraph\">Po cz\u0119\u015bci artystycznej, przy pocz\u0119stunku z nasz\u0105 gospodyni\u0105 \u2013 pani\u0105 Stanis\u0142aw\u0105 oraz ucz\u0105cymi w szkole nauczycielkami, zamojscy Rotarianie spotkali si\u0119 z cz\u0142onkami Towarzystwa Kultury Polskiej \u201d Pokucie \u201d w Ko\u0142omyi , kt\u00f3rzy opowiadali o codziennych problemach miejscowej Polonii. Nasza wizyta zako\u0144czy\u0142a si\u0119 kolacj\u0105, na kt\u00f3rej wraz z przedstawicielami Szko\u0142y im. Vincenza om\u00f3wili\u015bmy szczeg\u00f3\u0142y dalszych dzia\u0142a\u0144 jakie Zamojski Klub Rotaria\u0144ski przeprowadzi dla rozwoju nauki j\u0119zyka polskiego i poprawy komfortu w szkole. Kolega Andrzej \u015anie\u017cko przedstawi\u0142 program wymiany m\u0142odzie\u017cy organizowanej w przysz\u0142o\u015bci przez RC Zamo\u015b\u0107. Wizyt\u0119 nasz\u0105 zako\u0144czy\u0142 serniczek i kawka w cukierni \u201eImpreza\u201d. Nast\u0119pna wizyta planowana jest na wiosn\u0119 2017 roku<\/p>\n\n\n\n<figure class=\"wp-block-gallery has-nested-images columns-1 is-cropped wp-block-gallery-1 is-layout-flex wp-block-gallery-is-layout-flex\">\n<figure class=\"wp-block-image size-large\"><img fetchpriority=\"high\" decoding=\"async\" width=\"700\" height=\"394\" data-id=\"7196\" src=\"https:\/\/rotary.zamosc.pl\/wp-content\/uploads\/2026\/03\/Zamojski-Klub-Rotarianski-w-Sobotniej-Szkole-im.Vincenza-w-Kolomyi.-2016-2.jpg\" alt=\"\" class=\"wp-image-7196\" srcset=\"https:\/\/rotary.zamosc.pl\/wp-content\/uploads\/2026\/03\/Zamojski-Klub-Rotarianski-w-Sobotniej-Szkole-im.Vincenza-w-Kolomyi.-2016-2.jpg 700w, https:\/\/rotary.zamosc.pl\/wp-content\/uploads\/2026\/03\/Zamojski-Klub-Rotarianski-w-Sobotniej-Szkole-im.Vincenza-w-Kolomyi.-2016-2-300x169.jpg 300w\" sizes=\"(max-width: 700px) 100vw, 700px\" \/><\/figure>\n\n\n\n<figure class=\"wp-block-image size-large\"><img decoding=\"async\" width=\"700\" height=\"394\" data-id=\"7197\" src=\"https:\/\/rotary.zamosc.pl\/wp-content\/uploads\/2026\/03\/Zamojski-Klub-Rotarianski-w-Sobotniej-Szkole-im.Vincenza-w-Kolomyi.-2016-3.jpg\" alt=\"\" class=\"wp-image-7197\" srcset=\"https:\/\/rotary.zamosc.pl\/wp-content\/uploads\/2026\/03\/Zamojski-Klub-Rotarianski-w-Sobotniej-Szkole-im.Vincenza-w-Kolomyi.-2016-3.jpg 700w, https:\/\/rotary.zamosc.pl\/wp-content\/uploads\/2026\/03\/Zamojski-Klub-Rotarianski-w-Sobotniej-Szkole-im.Vincenza-w-Kolomyi.-2016-3-300x169.jpg 300w\" sizes=\"(max-width: 700px) 100vw, 700px\" \/><\/figure>\n<\/figure>\n\n\n\n<p class=\"wp-block-paragraph\"><\/p>\n","protected":false},"excerpt":{"rendered":"<p>To ju\u017c II wyjazd delegacji z Zamojskiego Klubu Rotaria\u0144skiego, kt\u00f3ra w dniach 04-06 listopada 2016 roku wyjecha\u0142a z darami do Polskiej Sobotniej Szko\u0142y im. Vincenza w Ko\u0142omyi, na Ukrainie. W sk\u0142ad delegacji weszli : Bogdan Szyma\u0144ski \u2013 Prezydent RC Zamo\u015b\u0107, El\u017cbieta Szyma\u0144ska \u2013 cz\u0142onek RC Zamo\u015b\u0107, Jerzy Liberadzki \u2013 Past President RC Zamo\u015b\u0107, Krzysztof Bork&#8230;<\/p>\n","protected":false},"author":1,"featured_media":7195,"comment_status":"open","ping_status":"open","sticky":false,"template":"","format":"standard","meta":{"footnotes":""},"categories":[26],"tags":[],"class_list":["post-7192","post","type-post","status-publish","format-standard","has-post-thumbnail","hentry","category-26"],"rttpg_featured_image_url":{"full":["https:\/\/rotary.zamosc.pl\/wp-content\/uploads\/2026\/03\/Zamojski-Klub-Rotarianski-w-Sobotniej-Szkole-im.Vincenza-w-Kolomyi.-2016-1.jpg",700,525,false],"landscape":["https:\/\/rotary.zamosc.pl\/wp-content\/uploads\/2026\/03\/Zamojski-Klub-Rotarianski-w-Sobotniej-Szkole-im.Vincenza-w-Kolomyi.-2016-1.jpg",700,525,false],"portraits":["https:\/\/rotary.zamosc.pl\/wp-content\/uploads\/2026\/03\/Zamojski-Klub-Rotarianski-w-Sobotniej-Szkole-im.Vincenza-w-Kolomyi.-2016-1.jpg",700,525,false],"thumbnail":["https:\/\/rotary.zamosc.pl\/wp-content\/uploads\/2026\/03\/Zamojski-Klub-Rotarianski-w-Sobotniej-Szkole-im.Vincenza-w-Kolomyi.-2016-1-150x150.jpg",150,150,true],"medium":["https:\/\/rotary.zamosc.pl\/wp-content\/uploads\/2026\/03\/Zamojski-Klub-Rotarianski-w-Sobotniej-Szkole-im.Vincenza-w-Kolomyi.-2016-1-300x225.jpg",300,225,true],"large":["https:\/\/rotary.zamosc.pl\/wp-content\/uploads\/2026\/03\/Zamojski-Klub-Rotarianski-w-Sobotniej-Szkole-im.Vincenza-w-Kolomyi.-2016-1.jpg",700,525,false],"1536x1536":["https:\/\/rotary.zamosc.pl\/wp-content\/uploads\/2026\/03\/Zamojski-Klub-Rotarianski-w-Sobotniej-Szkole-im.Vincenza-w-Kolomyi.-2016-1.jpg",700,525,false],"2048x2048":["https:\/\/rotary.zamosc.pl\/wp-content\/uploads\/2026\/03\/Zamojski-Klub-Rotarianski-w-Sobotniej-Szkole-im.Vincenza-w-Kolomyi.-2016-1.jpg",700,525,false],"post-thumbnail":["https:\/\/rotary.zamosc.pl\/wp-content\/uploads\/2026\/03\/Zamojski-Klub-Rotarianski-w-Sobotniej-Szkole-im.Vincenza-w-Kolomyi.-2016-1.jpg",700,525,false],"graphy-post-thumbnail-large":["https:\/\/rotary.zamosc.pl\/wp-content\/uploads\/2026\/03\/Zamojski-Klub-Rotarianski-w-Sobotniej-Szkole-im.Vincenza-w-Kolomyi.-2016-1.jpg",700,525,false],"graphy-post-thumbnail-medium":["https:\/\/rotary.zamosc.pl\/wp-content\/uploads\/2026\/03\/Zamojski-Klub-Rotarianski-w-Sobotniej-Szkole-im.Vincenza-w-Kolomyi.-2016-1-482x300.jpg",482,300,true],"graphy-post-thumbnail-small":["https:\/\/rotary.zamosc.pl\/wp-content\/uploads\/2026\/03\/Zamojski-Klub-Rotarianski-w-Sobotniej-Szkole-im.Vincenza-w-Kolomyi.-2016-1-80x60.jpg",80,60,true],"graphy-page-thumbnail":["https:\/\/rotary.zamosc.pl\/wp-content\/uploads\/2026\/03\/Zamojski-Klub-Rotarianski-w-Sobotniej-Szkole-im.Vincenza-w-Kolomyi.-2016-1-700x350.jpg",700,350,true],"sow-carousel-default":["https:\/\/rotary.zamosc.pl\/wp-content\/uploads\/2026\/03\/Zamojski-Klub-Rotarianski-w-Sobotniej-Szkole-im.Vincenza-w-Kolomyi.-2016-1-272x182.jpg",272,182,true]},"rttpg_author":{"display_name":"rotaryzamosc","author_link":"https:\/\/rotary.zamosc.pl\/index.php\/author\/rotaryzamosc\/"},"rttpg_comment":0,"rttpg_category":"<a href=\"https:\/\/rotary.zamosc.pl\/index.php\/category\/2016\/\" rel=\"category tag\">2016<\/a>","rttpg_excerpt":"To ju\u017c II wyjazd delegacji z Zamojskiego Klubu Rotaria\u0144skiego, kt\u00f3ra w dniach 04-06 listopada 2016 roku wyjecha\u0142a z darami do Polskiej Sobotniej Szko\u0142y im. Vincenza w Ko\u0142omyi, na Ukrainie. W sk\u0142ad delegacji weszli : Bogdan Szyma\u0144ski \u2013 Prezydent RC Zamo\u015b\u0107, El\u017cbieta Szyma\u0144ska \u2013 cz\u0142onek RC Zamo\u015b\u0107, Jerzy Liberadzki \u2013 Past President RC Zamo\u015b\u0107, Krzysztof Bork...","_links":{"self":[{"href":"https:\/\/rotary.zamosc.pl\/index.php\/wp-json\/wp\/v2\/posts\/7192","targetHints":{"allow":["GET"]}}],"collection":[{"href":"https:\/\/rotary.zamosc.pl\/index.php\/wp-json\/wp\/v2\/posts"}],"about":[{"href":"https:\/\/rotary.zamosc.pl\/index.php\/wp-json\/wp\/v2\/types\/post"}],"author":[{"embeddable":true,"href":"https:\/\/rotary.zamosc.pl\/index.php\/wp-json\/wp\/v2\/users\/1"}],"replies":[{"embeddable":true,"href":"https:\/\/rotary.zamosc.pl\/index.php\/wp-json\/wp\/v2\/comments?post=7192"}],"version-history":[{"count":4,"href":"https:\/\/rotary.zamosc.pl\/index.php\/wp-json\/wp\/v2\/posts\/7192\/revisions"}],"predecessor-version":[{"id":7199,"href":"https:\/\/rotary.zamosc.pl\/index.php\/wp-json\/wp\/v2\/posts\/7192\/revisions\/7199"}],"wp:featuredmedia":[{"embeddable":true,"href":"https:\/\/rotary.zamosc.pl\/index.php\/wp-json\/wp\/v2\/media\/7195"}],"wp:attachment":[{"href":"https:\/\/rotary.zamosc.pl\/index.php\/wp-json\/wp\/v2\/media?parent=7192"}],"wp:term":[{"taxonomy":"category","embeddable":true,"href":"https:\/\/rotary.zamosc.pl\/index.php\/wp-json\/wp\/v2\/categories?post=7192"},{"taxonomy":"post_tag","embeddable":true,"href":"https:\/\/rotary.zamosc.pl\/index.php\/wp-json\/wp\/v2\/tags?post=7192"}],"curies":[{"name":"wp","href":"https:\/\/api.w.org\/{rel}","templated":true}]}}