{"id":7200,"date":"2016-10-01T09:02:00","date_gmt":"2016-10-01T07:02:00","guid":{"rendered":"https:\/\/rotary.zamosc.pl\/?p=7200"},"modified":"2026-03-25T09:03:54","modified_gmt":"2026-03-25T08:03:54","slug":"sanioriada-podziekowania-za-czynny-udzial","status":"publish","type":"post","link":"https:\/\/rotary.zamosc.pl\/index.php\/2016\/10\/01\/sanioriada-podziekowania-za-czynny-udzial\/","title":{"rendered":"Sanioriada \u2013 podzi\u0119kowania za czynny udzia\u0142"},"content":{"rendered":"\n<p class=\"wp-block-paragraph\">Na ostatnim Pa\u017adziernikowym spotkaniu Zamojski Klub Rotaria\u0144ski go\u015bci\u0142 Dyrektora O\u015brodka Sportu i Rekreacji Wojciecha Adamczyka, kt\u00f3ry odwiedzi\u0142 nas by przekaza\u0107 podzi\u0119kowania za czynny udzia\u0142 w Senioriadzie Zamojskiej 2016. Dla przypomnienia 01.10.2016 roku odby\u0142a si\u0119 Senioriada Zamojska 2016, na kt\u00f3rej Zamojski Klub Rotaria\u0144ski, dzi\u0119ki uprzejmo\u015bci Dr. Szyma\u0144skiego Prezydenta RC Zamo\u015b\u0107 2016-2017, przeprowadzone zosta\u0142y badania g\u0119sto\u015bci ko\u015bci w kierunku osteoporozy. By\u0142a to ju\u017c kolejna cykliczna akcja dla mieszka\u0144c\u00f3w Zamo\u015bcia pod\u201d szyldem\u201d Zamojskiego Klubu Rortaria\u0144skiego\u201d z has\u0142em \u201eRotarianie Mieszka\u0144com Zamo\u015bcia\u201d. Pro<\/p>\n\n\n\n<figure class=\"wp-block-gallery has-nested-images columns-1 is-cropped wp-block-gallery-1 is-layout-flex wp-block-gallery-is-layout-flex\">\n<figure class=\"wp-block-image size-large\"><img fetchpriority=\"high\" decoding=\"async\" width=\"700\" height=\"933\" data-id=\"7203\" src=\"https:\/\/rotary.zamosc.pl\/wp-content\/uploads\/2026\/03\/Sanioriada-\u2013-podziekowania-za-czynny-udzial-2016-3-700x933.jpg\" alt=\"\" class=\"wp-image-7203\" srcset=\"https:\/\/rotary.zamosc.pl\/wp-content\/uploads\/2026\/03\/Sanioriada-\u2013-podziekowania-za-czynny-udzial-2016-3-700x933.jpg 700w, https:\/\/rotary.zamosc.pl\/wp-content\/uploads\/2026\/03\/Sanioriada-\u2013-podziekowania-za-czynny-udzial-2016-3-225x300.jpg 225w, https:\/\/rotary.zamosc.pl\/wp-content\/uploads\/2026\/03\/Sanioriada-\u2013-podziekowania-za-czynny-udzial-2016-3.jpg 720w\" sizes=\"(max-width: 700px) 100vw, 700px\" \/><\/figure>\n\n\n\n<figure class=\"wp-block-image size-large\"><img decoding=\"async\" width=\"700\" height=\"933\" data-id=\"7202\" src=\"https:\/\/rotary.zamosc.pl\/wp-content\/uploads\/2026\/03\/Sanioriada-\u2013-podziekowania-za-czynny-udzial-2016-2-700x933.jpg\" alt=\"\" class=\"wp-image-7202\" srcset=\"https:\/\/rotary.zamosc.pl\/wp-content\/uploads\/2026\/03\/Sanioriada-\u2013-podziekowania-za-czynny-udzial-2016-2-700x933.jpg 700w, https:\/\/rotary.zamosc.pl\/wp-content\/uploads\/2026\/03\/Sanioriada-\u2013-podziekowania-za-czynny-udzial-2016-2-225x300.jpg 225w, https:\/\/rotary.zamosc.pl\/wp-content\/uploads\/2026\/03\/Sanioriada-\u2013-podziekowania-za-czynny-udzial-2016-2.jpg 720w\" sizes=\"(max-width: 700px) 100vw, 700px\" \/><\/figure>\n<\/figure>\n","protected":false},"excerpt":{"rendered":"<p>Na ostatnim Pa\u017adziernikowym spotkaniu Zamojski Klub Rotaria\u0144ski go\u015bci\u0142 Dyrektora O\u015brodka Sportu i Rekreacji Wojciecha Adamczyka, kt\u00f3ry odwiedzi\u0142 nas by przekaza\u0107 podzi\u0119kowania za czynny udzia\u0142 w Senioriadzie Zamojskiej 2016. Dla przypomnienia 01.10.2016 roku odby\u0142a si\u0119 Senioriada Zamojska 2016, na kt\u00f3rej Zamojski Klub Rotaria\u0144ski, dzi\u0119ki uprzejmo\u015bci Dr. Szyma\u0144skiego Prezydenta RC Zamo\u015b\u0107 2016-2017, przeprowadzone zosta\u0142y badania g\u0119sto\u015bci ko\u015bci&#8230;<\/p>\n","protected":false},"author":1,"featured_media":7201,"comment_status":"open","ping_status":"open","sticky":false,"template":"","format":"standard","meta":{"footnotes":""},"categories":[26],"tags":[],"class_list":["post-7200","post","type-post","status-publish","format-standard","has-post-thumbnail","hentry","category-26"],"rttpg_featured_image_url":{"full":["https:\/\/rotary.zamosc.pl\/wp-content\/uploads\/2026\/03\/Sanioriada-\u2013-podziekowania-za-czynny-udzial-2016-1.jpg",720,960,false],"landscape":["https:\/\/rotary.zamosc.pl\/wp-content\/uploads\/2026\/03\/Sanioriada-\u2013-podziekowania-za-czynny-udzial-2016-1.jpg",720,960,false],"portraits":["https:\/\/rotary.zamosc.pl\/wp-content\/uploads\/2026\/03\/Sanioriada-\u2013-podziekowania-za-czynny-udzial-2016-1.jpg",720,960,false],"thumbnail":["https:\/\/rotary.zamosc.pl\/wp-content\/uploads\/2026\/03\/Sanioriada-\u2013-podziekowania-za-czynny-udzial-2016-1-150x150.jpg",150,150,true],"medium":["https:\/\/rotary.zamosc.pl\/wp-content\/uploads\/2026\/03\/Sanioriada-\u2013-podziekowania-za-czynny-udzial-2016-1-225x300.jpg",225,300,true],"large":["https:\/\/rotary.zamosc.pl\/wp-content\/uploads\/2026\/03\/Sanioriada-\u2013-podziekowania-za-czynny-udzial-2016-1-700x933.jpg",700,933,true],"1536x1536":["https:\/\/rotary.zamosc.pl\/wp-content\/uploads\/2026\/03\/Sanioriada-\u2013-podziekowania-za-czynny-udzial-2016-1.jpg",720,960,false],"2048x2048":["https:\/\/rotary.zamosc.pl\/wp-content\/uploads\/2026\/03\/Sanioriada-\u2013-podziekowania-za-czynny-udzial-2016-1.jpg",720,960,false],"post-thumbnail":["https:\/\/rotary.zamosc.pl\/wp-content\/uploads\/2026\/03\/Sanioriada-\u2013-podziekowania-za-czynny-udzial-2016-1.jpg",720,960,false],"graphy-post-thumbnail-large":["https:\/\/rotary.zamosc.pl\/wp-content\/uploads\/2026\/03\/Sanioriada-\u2013-podziekowania-za-czynny-udzial-2016-1-720x600.jpg",720,600,true],"graphy-post-thumbnail-medium":["https:\/\/rotary.zamosc.pl\/wp-content\/uploads\/2026\/03\/Sanioriada-\u2013-podziekowania-za-czynny-udzial-2016-1-482x300.jpg",482,300,true],"graphy-post-thumbnail-small":["https:\/\/rotary.zamosc.pl\/wp-content\/uploads\/2026\/03\/Sanioriada-\u2013-podziekowania-za-czynny-udzial-2016-1-80x60.jpg",80,60,true],"graphy-page-thumbnail":["https:\/\/rotary.zamosc.pl\/wp-content\/uploads\/2026\/03\/Sanioriada-\u2013-podziekowania-za-czynny-udzial-2016-1-720x350.jpg",720,350,true],"sow-carousel-default":["https:\/\/rotary.zamosc.pl\/wp-content\/uploads\/2026\/03\/Sanioriada-\u2013-podziekowania-za-czynny-udzial-2016-1-272x182.jpg",272,182,true]},"rttpg_author":{"display_name":"rotaryzamosc","author_link":"https:\/\/rotary.zamosc.pl\/index.php\/author\/rotaryzamosc\/"},"rttpg_comment":0,"rttpg_category":"<a href=\"https:\/\/rotary.zamosc.pl\/index.php\/category\/2016\/\" rel=\"category tag\">2016<\/a>","rttpg_excerpt":"Na ostatnim Pa\u017adziernikowym spotkaniu Zamojski Klub Rotaria\u0144ski go\u015bci\u0142 Dyrektora O\u015brodka Sportu i Rekreacji Wojciecha Adamczyka, kt\u00f3ry odwiedzi\u0142 nas by przekaza\u0107 podzi\u0119kowania za czynny udzia\u0142 w Senioriadzie Zamojskiej 2016. Dla przypomnienia 01.10.2016 roku odby\u0142a si\u0119 Senioriada Zamojska 2016, na kt\u00f3rej Zamojski Klub Rotaria\u0144ski, dzi\u0119ki uprzejmo\u015bci Dr. Szyma\u0144skiego Prezydenta RC Zamo\u015b\u0107 2016-2017, przeprowadzone zosta\u0142y badania g\u0119sto\u015bci ko\u015bci...","_links":{"self":[{"href":"https:\/\/rotary.zamosc.pl\/index.php\/wp-json\/wp\/v2\/posts\/7200","targetHints":{"allow":["GET"]}}],"collection":[{"href":"https:\/\/rotary.zamosc.pl\/index.php\/wp-json\/wp\/v2\/posts"}],"about":[{"href":"https:\/\/rotary.zamosc.pl\/index.php\/wp-json\/wp\/v2\/types\/post"}],"author":[{"embeddable":true,"href":"https:\/\/rotary.zamosc.pl\/index.php\/wp-json\/wp\/v2\/users\/1"}],"replies":[{"embeddable":true,"href":"https:\/\/rotary.zamosc.pl\/index.php\/wp-json\/wp\/v2\/comments?post=7200"}],"version-history":[{"count":1,"href":"https:\/\/rotary.zamosc.pl\/index.php\/wp-json\/wp\/v2\/posts\/7200\/revisions"}],"predecessor-version":[{"id":7204,"href":"https:\/\/rotary.zamosc.pl\/index.php\/wp-json\/wp\/v2\/posts\/7200\/revisions\/7204"}],"wp:featuredmedia":[{"embeddable":true,"href":"https:\/\/rotary.zamosc.pl\/index.php\/wp-json\/wp\/v2\/media\/7201"}],"wp:attachment":[{"href":"https:\/\/rotary.zamosc.pl\/index.php\/wp-json\/wp\/v2\/media?parent=7200"}],"wp:term":[{"taxonomy":"category","embeddable":true,"href":"https:\/\/rotary.zamosc.pl\/index.php\/wp-json\/wp\/v2\/categories?post=7200"},{"taxonomy":"post_tag","embeddable":true,"href":"https:\/\/rotary.zamosc.pl\/index.php\/wp-json\/wp\/v2\/tags?post=7200"}],"curies":[{"name":"wp","href":"https:\/\/api.w.org\/{rel}","templated":true}]}}