{"id":7205,"date":"2016-09-27T09:04:00","date_gmt":"2016-09-27T07:04:00","guid":{"rendered":"https:\/\/rotary.zamosc.pl\/?p=7205"},"modified":"2026-03-25T09:07:55","modified_gmt":"2026-03-25T08:07:55","slug":"gubernator-dystryktu-2231-krzysztof-kopycinski-z-wizyta-w-zamosciu","status":"publish","type":"post","link":"https:\/\/rotary.zamosc.pl\/index.php\/2016\/09\/27\/gubernator-dystryktu-2231-krzysztof-kopycinski-z-wizyta-w-zamosciu\/","title":{"rendered":"Gubernator Dystryktu 2231 Krzysztof Kopyci\u0144ski z wizyt\u0105 w Zamo\u015bciu"},"content":{"rendered":"\n<p class=\"wp-block-paragraph\">Podczas wieczornego wtorkowego spotkania w dniu 27.09.2016 zaszczyci\u0142 nas swoj\u0105 obecno\u015bci\u0105 Gubernator Dystryktu 2231 Krzysztof Kopyci\u0144ski wraz z Szanown\u0105 Ma\u0142\u017conk\u0105. Po telegraficznym om\u00f3wieniu przez Prezydenta RC Zamo\u015b\u0107 Bogdana Szyma\u0144skiego spraw bie\u017c\u0105cych, g\u0142os zabra\u0142 Nasz Go\u015b\u0107 przedstawiaj\u0105c nam za\u0142o\u017cenia i cele w Kadencji, m.in rozw\u00f3j cz\u0142onkostwa, wymiana m\u0142odzie\u017cy jak te\u017c zwi\u0119kszenie rozpoznawalno\u015bci Rotary w\u015br\u00f3d spo\u0142ecze\u0144stwa i zwi\u0105zany z tym piar, po kr\u00f3tkiej dyskusji cz\u0142onkowie RC Zamo\u015b\u0107 przedstawili Gubernatorowi najbli\u017csze wydarzenia klubowe m.innymi: <br>&#8211; szczepienia dziewczynek przeciwko wirusowi HPV, <br>&#8211; udzia\u0142 w Senioriadzie i przeprowadzonej tam przez RC Zamo\u015b\u0107 badaniu g\u0119sto\u015bci ko\u015bci, <br>&#8211; udzia\u0142 w dystrybucji bilet\u00f3w na dwa koncerty: 15 lecie Kabaretu Neon\u00f3wka i Sylwia Grzeszczak, <br>&#8211; II Wyjazd RC Zamo\u015b\u0107 do Ko\u0142omyji z darami dla tamtejszej Polonii jak te\u017c Sobotniej Szko\u0142y Polskiej im.Vincenza w Ko\u0142omyji, kt\u00f3rej to patronem jest RC Zamo\u015b\u0107, no\u2026 i Wspania\u0142y Bal Andrzejkowy z Gwiazd\u0105 i Niespodziankami z kt\u00f3rego doch\u00f3d przeznaczony b\u0119dzie na Szko\u0142\u0119 w Ko\u0142omyji, na kt\u00f3ry to Serdecznie Zapraszamy. Serdecznie Dziekujemy Panu Gubernatorowi i Szanownej Ma\u0142\u017conce za wizyt\u0119 i zapraszamy cz\u0119\u015bciej do Naszego Renesansowego Miasteczka.<\/p>\n\n\n\n<figure class=\"wp-block-gallery has-nested-images columns-1 is-cropped wp-block-gallery-1 is-layout-flex wp-block-gallery-is-layout-flex\">\n<figure class=\"wp-block-image size-large\"><img fetchpriority=\"high\" decoding=\"async\" width=\"700\" height=\"468\" data-id=\"7207\" src=\"https:\/\/rotary.zamosc.pl\/wp-content\/uploads\/2026\/03\/Gubernator-Dystryktu-2231-Krzysztof-Kopycinski-z-wizyta-w-Zamosciu-27.09-1-700x468.jpg\" alt=\"\" class=\"wp-image-7207\" srcset=\"https:\/\/rotary.zamosc.pl\/wp-content\/uploads\/2026\/03\/Gubernator-Dystryktu-2231-Krzysztof-Kopycinski-z-wizyta-w-Zamosciu-27.09-1-700x468.jpg 700w, https:\/\/rotary.zamosc.pl\/wp-content\/uploads\/2026\/03\/Gubernator-Dystryktu-2231-Krzysztof-Kopycinski-z-wizyta-w-Zamosciu-27.09-1-300x201.jpg 300w, https:\/\/rotary.zamosc.pl\/wp-content\/uploads\/2026\/03\/Gubernator-Dystryktu-2231-Krzysztof-Kopycinski-z-wizyta-w-Zamosciu-27.09-1-768x513.jpg 768w, https:\/\/rotary.zamosc.pl\/wp-content\/uploads\/2026\/03\/Gubernator-Dystryktu-2231-Krzysztof-Kopycinski-z-wizyta-w-Zamosciu-27.09-1-800x535.jpg 800w, https:\/\/rotary.zamosc.pl\/wp-content\/uploads\/2026\/03\/Gubernator-Dystryktu-2231-Krzysztof-Kopycinski-z-wizyta-w-Zamosciu-27.09-1-272x182.jpg 272w, https:\/\/rotary.zamosc.pl\/wp-content\/uploads\/2026\/03\/Gubernator-Dystryktu-2231-Krzysztof-Kopycinski-z-wizyta-w-Zamosciu-27.09-1.jpg 1200w\" sizes=\"(max-width: 700px) 100vw, 700px\" \/><\/figure>\n\n\n\n<figure class=\"wp-block-image size-large\"><img decoding=\"async\" width=\"700\" height=\"468\" data-id=\"7208\" src=\"https:\/\/rotary.zamosc.pl\/wp-content\/uploads\/2026\/03\/Gubernator-Dystryktu-2231-Krzysztof-Kopycinski-z-wizyta-w-Zamosciu-27.09-2-700x468.jpg\" alt=\"\" class=\"wp-image-7208\" srcset=\"https:\/\/rotary.zamosc.pl\/wp-content\/uploads\/2026\/03\/Gubernator-Dystryktu-2231-Krzysztof-Kopycinski-z-wizyta-w-Zamosciu-27.09-2-700x468.jpg 700w, https:\/\/rotary.zamosc.pl\/wp-content\/uploads\/2026\/03\/Gubernator-Dystryktu-2231-Krzysztof-Kopycinski-z-wizyta-w-Zamosciu-27.09-2-300x201.jpg 300w, https:\/\/rotary.zamosc.pl\/wp-content\/uploads\/2026\/03\/Gubernator-Dystryktu-2231-Krzysztof-Kopycinski-z-wizyta-w-Zamosciu-27.09-2-768x513.jpg 768w, https:\/\/rotary.zamosc.pl\/wp-content\/uploads\/2026\/03\/Gubernator-Dystryktu-2231-Krzysztof-Kopycinski-z-wizyta-w-Zamosciu-27.09-2-800x535.jpg 800w, https:\/\/rotary.zamosc.pl\/wp-content\/uploads\/2026\/03\/Gubernator-Dystryktu-2231-Krzysztof-Kopycinski-z-wizyta-w-Zamosciu-27.09-2-272x182.jpg 272w, https:\/\/rotary.zamosc.pl\/wp-content\/uploads\/2026\/03\/Gubernator-Dystryktu-2231-Krzysztof-Kopycinski-z-wizyta-w-Zamosciu-27.09-2.jpg 1200w\" sizes=\"(max-width: 700px) 100vw, 700px\" \/><\/figure>\n\n\n\n<figure class=\"wp-block-image size-large\"><img decoding=\"async\" width=\"642\" height=\"960\" data-id=\"7209\" src=\"https:\/\/rotary.zamosc.pl\/wp-content\/uploads\/2026\/03\/Gubernator-Dystryktu-2231-Krzysztof-Kopycinski-z-wizyta-w-Zamosciu-27.09-3.jpg\" alt=\"\" class=\"wp-image-7209\" srcset=\"https:\/\/rotary.zamosc.pl\/wp-content\/uploads\/2026\/03\/Gubernator-Dystryktu-2231-Krzysztof-Kopycinski-z-wizyta-w-Zamosciu-27.09-3.jpg 642w, https:\/\/rotary.zamosc.pl\/wp-content\/uploads\/2026\/03\/Gubernator-Dystryktu-2231-Krzysztof-Kopycinski-z-wizyta-w-Zamosciu-27.09-3-201x300.jpg 201w\" sizes=\"(max-width: 642px) 100vw, 642px\" \/><\/figure>\n\n\n\n<figure class=\"wp-block-image size-large\"><img loading=\"lazy\" decoding=\"async\" width=\"700\" height=\"468\" data-id=\"7210\" src=\"https:\/\/rotary.zamosc.pl\/wp-content\/uploads\/2026\/03\/Gubernator-Dystryktu-2231-Krzysztof-Kopycinski-z-wizyta-w-Zamosciu-27.09-4-700x468.jpg\" alt=\"\" class=\"wp-image-7210\" srcset=\"https:\/\/rotary.zamosc.pl\/wp-content\/uploads\/2026\/03\/Gubernator-Dystryktu-2231-Krzysztof-Kopycinski-z-wizyta-w-Zamosciu-27.09-4-700x468.jpg 700w, https:\/\/rotary.zamosc.pl\/wp-content\/uploads\/2026\/03\/Gubernator-Dystryktu-2231-Krzysztof-Kopycinski-z-wizyta-w-Zamosciu-27.09-4-300x201.jpg 300w, https:\/\/rotary.zamosc.pl\/wp-content\/uploads\/2026\/03\/Gubernator-Dystryktu-2231-Krzysztof-Kopycinski-z-wizyta-w-Zamosciu-27.09-4-768x513.jpg 768w, https:\/\/rotary.zamosc.pl\/wp-content\/uploads\/2026\/03\/Gubernator-Dystryktu-2231-Krzysztof-Kopycinski-z-wizyta-w-Zamosciu-27.09-4-800x535.jpg 800w, https:\/\/rotary.zamosc.pl\/wp-content\/uploads\/2026\/03\/Gubernator-Dystryktu-2231-Krzysztof-Kopycinski-z-wizyta-w-Zamosciu-27.09-4-272x182.jpg 272w, https:\/\/rotary.zamosc.pl\/wp-content\/uploads\/2026\/03\/Gubernator-Dystryktu-2231-Krzysztof-Kopycinski-z-wizyta-w-Zamosciu-27.09-4.jpg 1200w\" sizes=\"(max-width: 700px) 100vw, 700px\" \/><\/figure>\n<\/figure>\n","protected":false},"excerpt":{"rendered":"<p>Podczas wieczornego wtorkowego spotkania w dniu 27.09.2016 zaszczyci\u0142 nas swoj\u0105 obecno\u015bci\u0105 Gubernator Dystryktu 2231 Krzysztof Kopyci\u0144ski wraz z Szanown\u0105 Ma\u0142\u017conk\u0105. Po telegraficznym om\u00f3wieniu przez Prezydenta RC Zamo\u015b\u0107 Bogdana Szyma\u0144skiego spraw bie\u017c\u0105cych, g\u0142os zabra\u0142 Nasz Go\u015b\u0107 przedstawiaj\u0105c nam za\u0142o\u017cenia i cele w Kadencji, m.in rozw\u00f3j cz\u0142onkostwa, wymiana m\u0142odzie\u017cy jak te\u017c zwi\u0119kszenie rozpoznawalno\u015bci Rotary w\u015br\u00f3d spo\u0142ecze\u0144stwa i&#8230;<\/p>\n","protected":false},"author":1,"featured_media":7206,"comment_status":"open","ping_status":"open","sticky":false,"template":"","format":"standard","meta":{"footnotes":""},"categories":[26],"tags":[],"class_list":["post-7205","post","type-post","status-publish","format-standard","has-post-thumbnail","hentry","category-26"],"rttpg_featured_image_url":{"full":["https:\/\/rotary.zamosc.pl\/wp-content\/uploads\/2026\/03\/Gubernator-Dystryktu-2231-Krzysztof-Kopycinski-z-wizyta-w-Zamosciu-27.09-5.jpg",1200,802,false],"landscape":["https:\/\/rotary.zamosc.pl\/wp-content\/uploads\/2026\/03\/Gubernator-Dystryktu-2231-Krzysztof-Kopycinski-z-wizyta-w-Zamosciu-27.09-5.jpg",1200,802,false],"portraits":["https:\/\/rotary.zamosc.pl\/wp-content\/uploads\/2026\/03\/Gubernator-Dystryktu-2231-Krzysztof-Kopycinski-z-wizyta-w-Zamosciu-27.09-5.jpg",1200,802,false],"thumbnail":["https:\/\/rotary.zamosc.pl\/wp-content\/uploads\/2026\/03\/Gubernator-Dystryktu-2231-Krzysztof-Kopycinski-z-wizyta-w-Zamosciu-27.09-5-150x150.jpg",150,150,true],"medium":["https:\/\/rotary.zamosc.pl\/wp-content\/uploads\/2026\/03\/Gubernator-Dystryktu-2231-Krzysztof-Kopycinski-z-wizyta-w-Zamosciu-27.09-5-300x201.jpg",300,201,true],"large":["https:\/\/rotary.zamosc.pl\/wp-content\/uploads\/2026\/03\/Gubernator-Dystryktu-2231-Krzysztof-Kopycinski-z-wizyta-w-Zamosciu-27.09-5-700x468.jpg",700,468,true],"1536x1536":["https:\/\/rotary.zamosc.pl\/wp-content\/uploads\/2026\/03\/Gubernator-Dystryktu-2231-Krzysztof-Kopycinski-z-wizyta-w-Zamosciu-27.09-5.jpg",1200,802,false],"2048x2048":["https:\/\/rotary.zamosc.pl\/wp-content\/uploads\/2026\/03\/Gubernator-Dystryktu-2231-Krzysztof-Kopycinski-z-wizyta-w-Zamosciu-27.09-5.jpg",1200,802,false],"post-thumbnail":["https:\/\/rotary.zamosc.pl\/wp-content\/uploads\/2026\/03\/Gubernator-Dystryktu-2231-Krzysztof-Kopycinski-z-wizyta-w-Zamosciu-27.09-5-800x535.jpg",800,535,true],"graphy-post-thumbnail-large":["https:\/\/rotary.zamosc.pl\/wp-content\/uploads\/2026\/03\/Gubernator-Dystryktu-2231-Krzysztof-Kopycinski-z-wizyta-w-Zamosciu-27.09-5-1080x600.jpg",1080,600,true],"graphy-post-thumbnail-medium":["https:\/\/rotary.zamosc.pl\/wp-content\/uploads\/2026\/03\/Gubernator-Dystryktu-2231-Krzysztof-Kopycinski-z-wizyta-w-Zamosciu-27.09-5-482x300.jpg",482,300,true],"graphy-post-thumbnail-small":["https:\/\/rotary.zamosc.pl\/wp-content\/uploads\/2026\/03\/Gubernator-Dystryktu-2231-Krzysztof-Kopycinski-z-wizyta-w-Zamosciu-27.09-5-80x60.jpg",80,60,true],"graphy-page-thumbnail":["https:\/\/rotary.zamosc.pl\/wp-content\/uploads\/2026\/03\/Gubernator-Dystryktu-2231-Krzysztof-Kopycinski-z-wizyta-w-Zamosciu-27.09-5-1200x350.jpg",1200,350,true],"sow-carousel-default":["https:\/\/rotary.zamosc.pl\/wp-content\/uploads\/2026\/03\/Gubernator-Dystryktu-2231-Krzysztof-Kopycinski-z-wizyta-w-Zamosciu-27.09-5-272x182.jpg",272,182,true]},"rttpg_author":{"display_name":"rotaryzamosc","author_link":"https:\/\/rotary.zamosc.pl\/index.php\/author\/rotaryzamosc\/"},"rttpg_comment":0,"rttpg_category":"<a href=\"https:\/\/rotary.zamosc.pl\/index.php\/category\/2016\/\" rel=\"category tag\">2016<\/a>","rttpg_excerpt":"Podczas wieczornego wtorkowego spotkania w dniu 27.09.2016 zaszczyci\u0142 nas swoj\u0105 obecno\u015bci\u0105 Gubernator Dystryktu 2231 Krzysztof Kopyci\u0144ski wraz z Szanown\u0105 Ma\u0142\u017conk\u0105. Po telegraficznym om\u00f3wieniu przez Prezydenta RC Zamo\u015b\u0107 Bogdana Szyma\u0144skiego spraw bie\u017c\u0105cych, g\u0142os zabra\u0142 Nasz Go\u015b\u0107 przedstawiaj\u0105c nam za\u0142o\u017cenia i cele w Kadencji, m.in rozw\u00f3j cz\u0142onkostwa, wymiana m\u0142odzie\u017cy jak te\u017c zwi\u0119kszenie rozpoznawalno\u015bci Rotary w\u015br\u00f3d spo\u0142ecze\u0144stwa i...","_links":{"self":[{"href":"https:\/\/rotary.zamosc.pl\/index.php\/wp-json\/wp\/v2\/posts\/7205","targetHints":{"allow":["GET"]}}],"collection":[{"href":"https:\/\/rotary.zamosc.pl\/index.php\/wp-json\/wp\/v2\/posts"}],"about":[{"href":"https:\/\/rotary.zamosc.pl\/index.php\/wp-json\/wp\/v2\/types\/post"}],"author":[{"embeddable":true,"href":"https:\/\/rotary.zamosc.pl\/index.php\/wp-json\/wp\/v2\/users\/1"}],"replies":[{"embeddable":true,"href":"https:\/\/rotary.zamosc.pl\/index.php\/wp-json\/wp\/v2\/comments?post=7205"}],"version-history":[{"count":1,"href":"https:\/\/rotary.zamosc.pl\/index.php\/wp-json\/wp\/v2\/posts\/7205\/revisions"}],"predecessor-version":[{"id":7211,"href":"https:\/\/rotary.zamosc.pl\/index.php\/wp-json\/wp\/v2\/posts\/7205\/revisions\/7211"}],"wp:featuredmedia":[{"embeddable":true,"href":"https:\/\/rotary.zamosc.pl\/index.php\/wp-json\/wp\/v2\/media\/7206"}],"wp:attachment":[{"href":"https:\/\/rotary.zamosc.pl\/index.php\/wp-json\/wp\/v2\/media?parent=7205"}],"wp:term":[{"taxonomy":"category","embeddable":true,"href":"https:\/\/rotary.zamosc.pl\/index.php\/wp-json\/wp\/v2\/categories?post=7205"},{"taxonomy":"post_tag","embeddable":true,"href":"https:\/\/rotary.zamosc.pl\/index.php\/wp-json\/wp\/v2\/tags?post=7205"}],"curies":[{"name":"wp","href":"https:\/\/api.w.org\/{rel}","templated":true}]}}