{"id":7256,"date":"2016-06-24T09:31:00","date_gmt":"2016-06-24T07:31:00","guid":{"rendered":"https:\/\/rotary.zamosc.pl\/?p=7256"},"modified":"2026-03-25T09:32:29","modified_gmt":"2026-03-25T08:32:29","slug":"stypendium-finansowe-im-jana-boleslawa-bulewicza-24-06-2016","status":"publish","type":"post","link":"https:\/\/rotary.zamosc.pl\/index.php\/2016\/06\/24\/stypendium-finansowe-im-jana-boleslawa-bulewicza-24-06-2016\/","title":{"rendered":"Stypendium finansowe im. Jana Boles\u0142awa Bulewicza"},"content":{"rendered":"\n<p class=\"wp-block-paragraph\">W dniu 24.06.2016 r., przy okazji uroczysto\u015bci zako\u0144czenia roku szkolnego w Liceum Plastycznym Bernardo Morando w Zamo\u015bciu, mia\u0142o miejsce szczeg\u00f3lne wydarzenie dla cz\u0142onk\u00f3w Zamojskiego Klubu Rotaria\u0144skiego. Tego dnia bowiem, zgodnie z przyj\u0119t\u0105 uchwa\u0142\u0105 naszego klubu, wyr\u00f3\u017cniaj\u0105cej si\u0119 uczennicy w dziedzinie rze\u017aby, pani Aleksandrze Dziekan, zosta\u0142o wr\u0119czone stypendium finansowe im. Jana Boles\u0142awa Bulewicza. <\/p>\n\n\n\n<p class=\"wp-block-paragraph\">Stypendium to jest rozszerzeniem prowadzonego przez Zamojski Klub Rotaria\u0144ski programu stypendialnego dla szczeg\u00f3lnie uzdolnionej m\u0142odzie\u017cy ze szk\u00f3\u0142 zamojskich. Stypendium im. Jana Boles\u0142awa Bulewicza b\u0119dzie przyznawane ka\u017cdego roku w celu upami\u0119tnienia postaci wyj\u0105tkowego artysty rze\u017abiarza, konserwatora, kt\u00f3rego prac\u0119 mo\u017cemy podziwia\u0107 niemal na ka\u017cdym kroku na Zamojskiej Star\u00f3wce, ale r\u00f3wnie\u017c w wielu innych miastach Polski i Europy. <\/p>\n\n\n\n<p class=\"wp-block-paragraph\">Inicjatorami ustanowienia tego grantu finansowego by\u0142a \u017cona zmar\u0142ego artysty pani Joanna Bulewicz z synami oraz grupa przyjaci\u00f3\u0142 pan Jana Bulewicza. Zabieraj\u0105c g\u0142os podczas uroczysto\u015bci wr\u0119czenia stypendium, pani Joanna Bulewicz przekaza\u0142a z serca p\u0142yn\u0105ce s\u0142owa do m\u0142odych artyst\u00f3w Zamojskiego Liceum Plastycznego \u201e\u2026<em>Mam nadziej\u0119, \u017ce efekty pracy mojego m\u0119\u017ca b\u0119d\u0105 motywacj\u0105 dla m\u0142odych adept\u00f3w rze\u017aby. Ta nagroda niech b\u0119dzie motywacj\u0105 dla os\u00f3b, kt\u00f3re zechc\u0105 pod\u0105\u017cy\u0107 rze\u017abiarsko-artystyczn\u0105 drog\u0105 mojego m\u0119\u017ca \u2013 wspania\u0142ego, nad wyraz skromnego, kochaj\u0105cego m\u0142odzie\u017c cz\u0142owieka. Niech ta nagroda stanowi zach\u0119t\u0119 w doskonaleniu kunsztu artystycznego zamojskiej m\u0142odzie\u017cy\u2026\u201d<\/em><\/p>\n","protected":false},"excerpt":{"rendered":"<p>W dniu 24.06.2016 r., przy okazji uroczysto\u015bci zako\u0144czenia roku szkolnego w Liceum Plastycznym Bernardo Morando w Zamo\u015bciu, mia\u0142o miejsce szczeg\u00f3lne wydarzenie dla cz\u0142onk\u00f3w Zamojskiego Klubu Rotaria\u0144skiego. Tego dnia bowiem, zgodnie z przyj\u0119t\u0105 uchwa\u0142\u0105 naszego klubu, wyr\u00f3\u017cniaj\u0105cej si\u0119 uczennicy w dziedzinie rze\u017aby, pani Aleksandrze Dziekan, zosta\u0142o wr\u0119czone stypendium finansowe im. Jana Boles\u0142awa Bulewicza. Stypendium to jest&#8230;<\/p>\n","protected":false},"author":1,"featured_media":7257,"comment_status":"open","ping_status":"open","sticky":false,"template":"","format":"standard","meta":{"footnotes":""},"categories":[26,17],"tags":[],"class_list":["post-7256","post","type-post","status-publish","format-standard","has-post-thumbnail","hentry","category-26","category-stypendia"],"rttpg_featured_image_url":{"full":["https:\/\/rotary.zamosc.pl\/wp-content\/uploads\/2026\/03\/Skan-pisma-stypendium.jpg",1700,2338,false],"landscape":["https:\/\/rotary.zamosc.pl\/wp-content\/uploads\/2026\/03\/Skan-pisma-stypendium.jpg",1700,2338,false],"portraits":["https:\/\/rotary.zamosc.pl\/wp-content\/uploads\/2026\/03\/Skan-pisma-stypendium.jpg",1700,2338,false],"thumbnail":["https:\/\/rotary.zamosc.pl\/wp-content\/uploads\/2026\/03\/Skan-pisma-stypendium-150x150.jpg",150,150,true],"medium":["https:\/\/rotary.zamosc.pl\/wp-content\/uploads\/2026\/03\/Skan-pisma-stypendium-218x300.jpg",218,300,true],"large":["https:\/\/rotary.zamosc.pl\/wp-content\/uploads\/2026\/03\/Skan-pisma-stypendium-700x963.jpg",700,963,true],"1536x1536":["https:\/\/rotary.zamosc.pl\/wp-content\/uploads\/2026\/03\/Skan-pisma-stypendium-1117x1536.jpg",1117,1536,true],"2048x2048":["https:\/\/rotary.zamosc.pl\/wp-content\/uploads\/2026\/03\/Skan-pisma-stypendium-1489x2048.jpg",1489,2048,true],"post-thumbnail":["https:\/\/rotary.zamosc.pl\/wp-content\/uploads\/2026\/03\/Skan-pisma-stypendium-800x1100.jpg",800,1100,true],"graphy-post-thumbnail-large":["https:\/\/rotary.zamosc.pl\/wp-content\/uploads\/2026\/03\/Skan-pisma-stypendium-1080x600.jpg",1080,600,true],"graphy-post-thumbnail-medium":["https:\/\/rotary.zamosc.pl\/wp-content\/uploads\/2026\/03\/Skan-pisma-stypendium-482x300.jpg",482,300,true],"graphy-post-thumbnail-small":["https:\/\/rotary.zamosc.pl\/wp-content\/uploads\/2026\/03\/Skan-pisma-stypendium-80x60.jpg",80,60,true],"graphy-page-thumbnail":["https:\/\/rotary.zamosc.pl\/wp-content\/uploads\/2026\/03\/Skan-pisma-stypendium-1260x350.jpg",1260,350,true],"sow-carousel-default":["https:\/\/rotary.zamosc.pl\/wp-content\/uploads\/2026\/03\/Skan-pisma-stypendium-272x182.jpg",272,182,true]},"rttpg_author":{"display_name":"rotaryzamosc","author_link":"https:\/\/rotary.zamosc.pl\/index.php\/author\/rotaryzamosc\/"},"rttpg_comment":0,"rttpg_category":"<a href=\"https:\/\/rotary.zamosc.pl\/index.php\/category\/2016\/\" rel=\"category tag\">2016<\/a> <a href=\"https:\/\/rotary.zamosc.pl\/index.php\/category\/stypendia\/\" rel=\"category tag\">Stypendia<\/a>","rttpg_excerpt":"W dniu 24.06.2016 r., przy okazji uroczysto\u015bci zako\u0144czenia roku szkolnego w Liceum Plastycznym Bernardo Morando w Zamo\u015bciu, mia\u0142o miejsce szczeg\u00f3lne wydarzenie dla cz\u0142onk\u00f3w Zamojskiego Klubu Rotaria\u0144skiego. Tego dnia bowiem, zgodnie z przyj\u0119t\u0105 uchwa\u0142\u0105 naszego klubu, wyr\u00f3\u017cniaj\u0105cej si\u0119 uczennicy w dziedzinie rze\u017aby, pani Aleksandrze Dziekan, zosta\u0142o wr\u0119czone stypendium finansowe im. Jana Boles\u0142awa Bulewicza. Stypendium to jest...","_links":{"self":[{"href":"https:\/\/rotary.zamosc.pl\/index.php\/wp-json\/wp\/v2\/posts\/7256","targetHints":{"allow":["GET"]}}],"collection":[{"href":"https:\/\/rotary.zamosc.pl\/index.php\/wp-json\/wp\/v2\/posts"}],"about":[{"href":"https:\/\/rotary.zamosc.pl\/index.php\/wp-json\/wp\/v2\/types\/post"}],"author":[{"embeddable":true,"href":"https:\/\/rotary.zamosc.pl\/index.php\/wp-json\/wp\/v2\/users\/1"}],"replies":[{"embeddable":true,"href":"https:\/\/rotary.zamosc.pl\/index.php\/wp-json\/wp\/v2\/comments?post=7256"}],"version-history":[{"count":2,"href":"https:\/\/rotary.zamosc.pl\/index.php\/wp-json\/wp\/v2\/posts\/7256\/revisions"}],"predecessor-version":[{"id":7259,"href":"https:\/\/rotary.zamosc.pl\/index.php\/wp-json\/wp\/v2\/posts\/7256\/revisions\/7259"}],"wp:featuredmedia":[{"embeddable":true,"href":"https:\/\/rotary.zamosc.pl\/index.php\/wp-json\/wp\/v2\/media\/7257"}],"wp:attachment":[{"href":"https:\/\/rotary.zamosc.pl\/index.php\/wp-json\/wp\/v2\/media?parent=7256"}],"wp:term":[{"taxonomy":"category","embeddable":true,"href":"https:\/\/rotary.zamosc.pl\/index.php\/wp-json\/wp\/v2\/categories?post=7256"},{"taxonomy":"post_tag","embeddable":true,"href":"https:\/\/rotary.zamosc.pl\/index.php\/wp-json\/wp\/v2\/tags?post=7256"}],"curies":[{"name":"wp","href":"https:\/\/api.w.org\/{rel}","templated":true}]}}