{"id":7296,"date":"2016-05-03T09:40:00","date_gmt":"2016-05-03T07:40:00","guid":{"rendered":"https:\/\/rotary.zamosc.pl\/?p=7296"},"modified":"2026-03-25T09:41:43","modified_gmt":"2026-03-25T08:41:43","slug":"obchody-225-rocznicy-uchwalenia-konstytucji-3-go-maja","status":"publish","type":"post","link":"https:\/\/rotary.zamosc.pl\/index.php\/2016\/05\/03\/obchody-225-rocznicy-uchwalenia-konstytucji-3-go-maja\/","title":{"rendered":"Obchody 225 rocznicy uchwalenia Konstytucji 3 -go Maja"},"content":{"rendered":"\n<p class=\"wp-block-paragraph\">3 maja 2016 roku na Rynku Wielkim w Zamo\u015bciu podczas uroczystych obchod\u00f3w 225 rocznicy uchwalenia Konstytucji 3 -go Maja delegacja z Zamojskiego Klubu Rotaria\u0144skiego w sk\u0142adzie : Jerzy Liberadzki \u2013 Prezydent Klubu, Miros\u0142aw Piwkowski \u2013 V-ce Prezydent Klubu, Maria Zyga- cz\u0142onek klubu, z\u0142o\u017cy\u0142a wieniec okoliczno\u015bciowy przy p\u0142ycie po\u015bwi\u0119conej J\u00f3zefowi Pi\u0142sudskiemu.<\/p>\n\n\n\n<figure class=\"wp-block-gallery has-nested-images columns-1 is-cropped wp-block-gallery-1 is-layout-flex wp-block-gallery-is-layout-flex\">\n<figure class=\"wp-block-image size-large\"><img fetchpriority=\"high\" decoding=\"async\" width=\"700\" height=\"468\" data-id=\"7298\" src=\"https:\/\/rotary.zamosc.pl\/wp-content\/uploads\/2026\/03\/Obchody-225-rocznicy-uchwalenia-Konstytucji-3-go-Maja-2-700x468.jpg\" alt=\"\" class=\"wp-image-7298\" srcset=\"https:\/\/rotary.zamosc.pl\/wp-content\/uploads\/2026\/03\/Obchody-225-rocznicy-uchwalenia-Konstytucji-3-go-Maja-2-700x468.jpg 700w, https:\/\/rotary.zamosc.pl\/wp-content\/uploads\/2026\/03\/Obchody-225-rocznicy-uchwalenia-Konstytucji-3-go-Maja-2-300x201.jpg 300w, https:\/\/rotary.zamosc.pl\/wp-content\/uploads\/2026\/03\/Obchody-225-rocznicy-uchwalenia-Konstytucji-3-go-Maja-2-768x513.jpg 768w, https:\/\/rotary.zamosc.pl\/wp-content\/uploads\/2026\/03\/Obchody-225-rocznicy-uchwalenia-Konstytucji-3-go-Maja-2-800x535.jpg 800w, https:\/\/rotary.zamosc.pl\/wp-content\/uploads\/2026\/03\/Obchody-225-rocznicy-uchwalenia-Konstytucji-3-go-Maja-2-272x182.jpg 272w, https:\/\/rotary.zamosc.pl\/wp-content\/uploads\/2026\/03\/Obchody-225-rocznicy-uchwalenia-Konstytucji-3-go-Maja-2.jpg 1200w\" sizes=\"(max-width: 700px) 100vw, 700px\" \/><\/figure>\n\n\n\n<figure class=\"wp-block-image size-large\"><img decoding=\"async\" width=\"700\" height=\"468\" data-id=\"7299\" src=\"https:\/\/rotary.zamosc.pl\/wp-content\/uploads\/2026\/03\/Obchody-225-rocznicy-uchwalenia-Konstytucji-3-go-Maja-3-700x468.jpg\" alt=\"\" class=\"wp-image-7299\" srcset=\"https:\/\/rotary.zamosc.pl\/wp-content\/uploads\/2026\/03\/Obchody-225-rocznicy-uchwalenia-Konstytucji-3-go-Maja-3-700x468.jpg 700w, https:\/\/rotary.zamosc.pl\/wp-content\/uploads\/2026\/03\/Obchody-225-rocznicy-uchwalenia-Konstytucji-3-go-Maja-3-300x201.jpg 300w, https:\/\/rotary.zamosc.pl\/wp-content\/uploads\/2026\/03\/Obchody-225-rocznicy-uchwalenia-Konstytucji-3-go-Maja-3-768x513.jpg 768w, https:\/\/rotary.zamosc.pl\/wp-content\/uploads\/2026\/03\/Obchody-225-rocznicy-uchwalenia-Konstytucji-3-go-Maja-3-800x535.jpg 800w, https:\/\/rotary.zamosc.pl\/wp-content\/uploads\/2026\/03\/Obchody-225-rocznicy-uchwalenia-Konstytucji-3-go-Maja-3-272x182.jpg 272w, https:\/\/rotary.zamosc.pl\/wp-content\/uploads\/2026\/03\/Obchody-225-rocznicy-uchwalenia-Konstytucji-3-go-Maja-3.jpg 1200w\" sizes=\"(max-width: 700px) 100vw, 700px\" \/><\/figure>\n<\/figure>\n","protected":false},"excerpt":{"rendered":"<p>3 maja 2016 roku na Rynku Wielkim w Zamo\u015bciu podczas uroczystych obchod\u00f3w 225 rocznicy uchwalenia Konstytucji 3 -go Maja delegacja z Zamojskiego Klubu Rotaria\u0144skiego w sk\u0142adzie : Jerzy Liberadzki \u2013 Prezydent Klubu, Miros\u0142aw Piwkowski \u2013 V-ce Prezydent Klubu, Maria Zyga- cz\u0142onek klubu, z\u0142o\u017cy\u0142a wieniec okoliczno\u015bciowy przy p\u0142ycie po\u015bwi\u0119conej J\u00f3zefowi Pi\u0142sudskiemu.<\/p>\n","protected":false},"author":1,"featured_media":7297,"comment_status":"open","ping_status":"open","sticky":false,"template":"","format":"standard","meta":{"footnotes":""},"categories":[26],"tags":[],"class_list":["post-7296","post","type-post","status-publish","format-standard","has-post-thumbnail","hentry","category-26"],"rttpg_featured_image_url":{"full":["https:\/\/rotary.zamosc.pl\/wp-content\/uploads\/2026\/03\/Obchody-225-rocznicy-uchwalenia-Konstytucji-3-go-Maja-1.jpg",471,315,false],"landscape":["https:\/\/rotary.zamosc.pl\/wp-content\/uploads\/2026\/03\/Obchody-225-rocznicy-uchwalenia-Konstytucji-3-go-Maja-1.jpg",471,315,false],"portraits":["https:\/\/rotary.zamosc.pl\/wp-content\/uploads\/2026\/03\/Obchody-225-rocznicy-uchwalenia-Konstytucji-3-go-Maja-1.jpg",471,315,false],"thumbnail":["https:\/\/rotary.zamosc.pl\/wp-content\/uploads\/2026\/03\/Obchody-225-rocznicy-uchwalenia-Konstytucji-3-go-Maja-1-150x150.jpg",150,150,true],"medium":["https:\/\/rotary.zamosc.pl\/wp-content\/uploads\/2026\/03\/Obchody-225-rocznicy-uchwalenia-Konstytucji-3-go-Maja-1-300x201.jpg",300,201,true],"large":["https:\/\/rotary.zamosc.pl\/wp-content\/uploads\/2026\/03\/Obchody-225-rocznicy-uchwalenia-Konstytucji-3-go-Maja-1.jpg",471,315,false],"1536x1536":["https:\/\/rotary.zamosc.pl\/wp-content\/uploads\/2026\/03\/Obchody-225-rocznicy-uchwalenia-Konstytucji-3-go-Maja-1.jpg",471,315,false],"2048x2048":["https:\/\/rotary.zamosc.pl\/wp-content\/uploads\/2026\/03\/Obchody-225-rocznicy-uchwalenia-Konstytucji-3-go-Maja-1.jpg",471,315,false],"post-thumbnail":["https:\/\/rotary.zamosc.pl\/wp-content\/uploads\/2026\/03\/Obchody-225-rocznicy-uchwalenia-Konstytucji-3-go-Maja-1.jpg",471,315,false],"graphy-post-thumbnail-large":["https:\/\/rotary.zamosc.pl\/wp-content\/uploads\/2026\/03\/Obchody-225-rocznicy-uchwalenia-Konstytucji-3-go-Maja-1.jpg",471,315,false],"graphy-post-thumbnail-medium":["https:\/\/rotary.zamosc.pl\/wp-content\/uploads\/2026\/03\/Obchody-225-rocznicy-uchwalenia-Konstytucji-3-go-Maja-1-471x300.jpg",471,300,true],"graphy-post-thumbnail-small":["https:\/\/rotary.zamosc.pl\/wp-content\/uploads\/2026\/03\/Obchody-225-rocznicy-uchwalenia-Konstytucji-3-go-Maja-1-80x60.jpg",80,60,true],"graphy-page-thumbnail":["https:\/\/rotary.zamosc.pl\/wp-content\/uploads\/2026\/03\/Obchody-225-rocznicy-uchwalenia-Konstytucji-3-go-Maja-1.jpg",471,315,false],"sow-carousel-default":["https:\/\/rotary.zamosc.pl\/wp-content\/uploads\/2026\/03\/Obchody-225-rocznicy-uchwalenia-Konstytucji-3-go-Maja-1-272x182.jpg",272,182,true]},"rttpg_author":{"display_name":"rotaryzamosc","author_link":"https:\/\/rotary.zamosc.pl\/index.php\/author\/rotaryzamosc\/"},"rttpg_comment":0,"rttpg_category":"<a href=\"https:\/\/rotary.zamosc.pl\/index.php\/category\/2016\/\" rel=\"category tag\">2016<\/a>","rttpg_excerpt":"3 maja 2016 roku na Rynku Wielkim w Zamo\u015bciu podczas uroczystych obchod\u00f3w 225 rocznicy uchwalenia Konstytucji 3 -go Maja delegacja z Zamojskiego Klubu Rotaria\u0144skiego w sk\u0142adzie : Jerzy Liberadzki \u2013 Prezydent Klubu, Miros\u0142aw Piwkowski \u2013 V-ce Prezydent Klubu, Maria Zyga- cz\u0142onek klubu, z\u0142o\u017cy\u0142a wieniec okoliczno\u015bciowy przy p\u0142ycie po\u015bwi\u0119conej J\u00f3zefowi Pi\u0142sudskiemu.","_links":{"self":[{"href":"https:\/\/rotary.zamosc.pl\/index.php\/wp-json\/wp\/v2\/posts\/7296","targetHints":{"allow":["GET"]}}],"collection":[{"href":"https:\/\/rotary.zamosc.pl\/index.php\/wp-json\/wp\/v2\/posts"}],"about":[{"href":"https:\/\/rotary.zamosc.pl\/index.php\/wp-json\/wp\/v2\/types\/post"}],"author":[{"embeddable":true,"href":"https:\/\/rotary.zamosc.pl\/index.php\/wp-json\/wp\/v2\/users\/1"}],"replies":[{"embeddable":true,"href":"https:\/\/rotary.zamosc.pl\/index.php\/wp-json\/wp\/v2\/comments?post=7296"}],"version-history":[{"count":1,"href":"https:\/\/rotary.zamosc.pl\/index.php\/wp-json\/wp\/v2\/posts\/7296\/revisions"}],"predecessor-version":[{"id":7300,"href":"https:\/\/rotary.zamosc.pl\/index.php\/wp-json\/wp\/v2\/posts\/7296\/revisions\/7300"}],"wp:featuredmedia":[{"embeddable":true,"href":"https:\/\/rotary.zamosc.pl\/index.php\/wp-json\/wp\/v2\/media\/7297"}],"wp:attachment":[{"href":"https:\/\/rotary.zamosc.pl\/index.php\/wp-json\/wp\/v2\/media?parent=7296"}],"wp:term":[{"taxonomy":"category","embeddable":true,"href":"https:\/\/rotary.zamosc.pl\/index.php\/wp-json\/wp\/v2\/categories?post=7296"},{"taxonomy":"post_tag","embeddable":true,"href":"https:\/\/rotary.zamosc.pl\/index.php\/wp-json\/wp\/v2\/tags?post=7296"}],"curies":[{"name":"wp","href":"https:\/\/api.w.org\/{rel}","templated":true}]}}