{"id":7301,"date":"2016-04-26T09:42:00","date_gmt":"2016-04-26T07:42:00","guid":{"rendered":"https:\/\/rotary.zamosc.pl\/?p=7301"},"modified":"2026-03-25T09:43:28","modified_gmt":"2026-03-25T08:43:28","slug":"morandowka-zaproszenie","status":"publish","type":"post","link":"https:\/\/rotary.zamosc.pl\/index.php\/2016\/04\/26\/morandowka-zaproszenie\/","title":{"rendered":"\u201eMORAND\u00d3WKA\u201d &#8211; zaproszenie."},"content":{"rendered":"\n<p class=\"wp-block-paragraph\">W dniu 26.04.2016 roku, na zaproszenie w\u0142a\u015bciciela pana Henryka Ryczka, cotygodniowe spotkanie cz\u0142onk\u00f3w Zamojskiego Klubu Rotaria\u0144skiego odby\u0142o si\u0119 w nowo otwartym obiekcie \u201e Morand\u00f3wka \u201e. Lokal po\u0142o\u017cony na Zamojskiej Star\u00f3wce, Vis a Vis Ratusza, wed\u0142ug relacji w\u0142a\u015bciciela ma spe\u0142nia\u0107 rol\u0119 nie tylko gastronomiczno-hotelarsk\u0105, lecz r\u00f3wnie\u017c kulturaln\u0105 \u2013 wernisa\u017ce koncerty, spotkania z interesuj\u0105cymi lud\u017ami itp. Gratka dla kibic\u00f3w \u2013 w piwnicy na du\u017cym ekranie o powierzchni 12m2, mo\u017cna ogl\u0105da\u0107 transmisje z imprez sportowych, m. in. Lig\u0119 Mistrz\u00f3w. Polecamy, za\u015b panu Henrykowi \u017cyczymy pomy\u015blno\u015bci i spe\u0142nienia zamierze\u0144 zwi\u0105zanych z nowym przedsi\u0119wzi\u0119ciem.<\/p>\n\n\n\n<figure class=\"wp-block-gallery has-nested-images columns-1 is-cropped wp-block-gallery-1 is-layout-flex wp-block-gallery-is-layout-flex\">\n<figure class=\"wp-block-image size-large\"><img fetchpriority=\"high\" decoding=\"async\" width=\"700\" height=\"525\" data-id=\"7302\" src=\"https:\/\/rotary.zamosc.pl\/wp-content\/uploads\/2026\/03\/morandowka-1-700x525.jpg\" alt=\"\" class=\"wp-image-7302\" srcset=\"https:\/\/rotary.zamosc.pl\/wp-content\/uploads\/2026\/03\/morandowka-1-700x525.jpg 700w, https:\/\/rotary.zamosc.pl\/wp-content\/uploads\/2026\/03\/morandowka-1-300x225.jpg 300w, https:\/\/rotary.zamosc.pl\/wp-content\/uploads\/2026\/03\/morandowka-1-768x576.jpg 768w, https:\/\/rotary.zamosc.pl\/wp-content\/uploads\/2026\/03\/morandowka-1-800x600.jpg 800w, https:\/\/rotary.zamosc.pl\/wp-content\/uploads\/2026\/03\/morandowka-1-80x60.jpg 80w, https:\/\/rotary.zamosc.pl\/wp-content\/uploads\/2026\/03\/morandowka-1.jpg 1200w\" sizes=\"(max-width: 700px) 100vw, 700px\" \/><\/figure>\n\n\n\n<figure class=\"wp-block-image size-large\"><img decoding=\"async\" width=\"700\" height=\"394\" data-id=\"7304\" src=\"https:\/\/rotary.zamosc.pl\/wp-content\/uploads\/2026\/03\/morandowka-3-700x394.jpg\" alt=\"\" class=\"wp-image-7304\" srcset=\"https:\/\/rotary.zamosc.pl\/wp-content\/uploads\/2026\/03\/morandowka-3-700x394.jpg 700w, https:\/\/rotary.zamosc.pl\/wp-content\/uploads\/2026\/03\/morandowka-3-300x169.jpg 300w, https:\/\/rotary.zamosc.pl\/wp-content\/uploads\/2026\/03\/morandowka-3-768x432.jpg 768w, https:\/\/rotary.zamosc.pl\/wp-content\/uploads\/2026\/03\/morandowka-3-800x450.jpg 800w, https:\/\/rotary.zamosc.pl\/wp-content\/uploads\/2026\/03\/morandowka-3.jpg 1200w\" sizes=\"(max-width: 700px) 100vw, 700px\" \/><\/figure>\n<\/figure>\n","protected":false},"excerpt":{"rendered":"<p>W dniu 26.04.2016 roku, na zaproszenie w\u0142a\u015bciciela pana Henryka Ryczka, cotygodniowe spotkanie cz\u0142onk\u00f3w Zamojskiego Klubu Rotaria\u0144skiego odby\u0142o si\u0119 w nowo otwartym obiekcie \u201e Morand\u00f3wka \u201e. Lokal po\u0142o\u017cony na Zamojskiej Star\u00f3wce, Vis a Vis Ratusza, wed\u0142ug relacji w\u0142a\u015bciciela ma spe\u0142nia\u0107 rol\u0119 nie tylko gastronomiczno-hotelarsk\u0105, lecz r\u00f3wnie\u017c kulturaln\u0105 \u2013 wernisa\u017ce koncerty, spotkania z interesuj\u0105cymi lud\u017ami itp. Gratka&#8230;<\/p>\n","protected":false},"author":1,"featured_media":7303,"comment_status":"open","ping_status":"open","sticky":false,"template":"","format":"standard","meta":{"footnotes":""},"categories":[26],"tags":[],"class_list":["post-7301","post","type-post","status-publish","format-standard","has-post-thumbnail","hentry","category-26"],"rttpg_featured_image_url":{"full":["https:\/\/rotary.zamosc.pl\/wp-content\/uploads\/2026\/03\/morandowka-2.jpg",1200,900,false],"landscape":["https:\/\/rotary.zamosc.pl\/wp-content\/uploads\/2026\/03\/morandowka-2.jpg",1200,900,false],"portraits":["https:\/\/rotary.zamosc.pl\/wp-content\/uploads\/2026\/03\/morandowka-2.jpg",1200,900,false],"thumbnail":["https:\/\/rotary.zamosc.pl\/wp-content\/uploads\/2026\/03\/morandowka-2-150x150.jpg",150,150,true],"medium":["https:\/\/rotary.zamosc.pl\/wp-content\/uploads\/2026\/03\/morandowka-2-300x225.jpg",300,225,true],"large":["https:\/\/rotary.zamosc.pl\/wp-content\/uploads\/2026\/03\/morandowka-2-700x525.jpg",700,525,true],"1536x1536":["https:\/\/rotary.zamosc.pl\/wp-content\/uploads\/2026\/03\/morandowka-2.jpg",1200,900,false],"2048x2048":["https:\/\/rotary.zamosc.pl\/wp-content\/uploads\/2026\/03\/morandowka-2.jpg",1200,900,false],"post-thumbnail":["https:\/\/rotary.zamosc.pl\/wp-content\/uploads\/2026\/03\/morandowka-2-800x600.jpg",800,600,true],"graphy-post-thumbnail-large":["https:\/\/rotary.zamosc.pl\/wp-content\/uploads\/2026\/03\/morandowka-2-1080x600.jpg",1080,600,true],"graphy-post-thumbnail-medium":["https:\/\/rotary.zamosc.pl\/wp-content\/uploads\/2026\/03\/morandowka-2-482x300.jpg",482,300,true],"graphy-post-thumbnail-small":["https:\/\/rotary.zamosc.pl\/wp-content\/uploads\/2026\/03\/morandowka-2-80x60.jpg",80,60,true],"graphy-page-thumbnail":["https:\/\/rotary.zamosc.pl\/wp-content\/uploads\/2026\/03\/morandowka-2-1200x350.jpg",1200,350,true],"sow-carousel-default":["https:\/\/rotary.zamosc.pl\/wp-content\/uploads\/2026\/03\/morandowka-2-272x182.jpg",272,182,true]},"rttpg_author":{"display_name":"rotaryzamosc","author_link":"https:\/\/rotary.zamosc.pl\/index.php\/author\/rotaryzamosc\/"},"rttpg_comment":0,"rttpg_category":"<a href=\"https:\/\/rotary.zamosc.pl\/index.php\/category\/2016\/\" rel=\"category tag\">2016<\/a>","rttpg_excerpt":"W dniu 26.04.2016 roku, na zaproszenie w\u0142a\u015bciciela pana Henryka Ryczka, cotygodniowe spotkanie cz\u0142onk\u00f3w Zamojskiego Klubu Rotaria\u0144skiego odby\u0142o si\u0119 w nowo otwartym obiekcie \u201e Morand\u00f3wka \u201e. Lokal po\u0142o\u017cony na Zamojskiej Star\u00f3wce, Vis a Vis Ratusza, wed\u0142ug relacji w\u0142a\u015bciciela ma spe\u0142nia\u0107 rol\u0119 nie tylko gastronomiczno-hotelarsk\u0105, lecz r\u00f3wnie\u017c kulturaln\u0105 \u2013 wernisa\u017ce koncerty, spotkania z interesuj\u0105cymi lud\u017ami itp. Gratka...","_links":{"self":[{"href":"https:\/\/rotary.zamosc.pl\/index.php\/wp-json\/wp\/v2\/posts\/7301","targetHints":{"allow":["GET"]}}],"collection":[{"href":"https:\/\/rotary.zamosc.pl\/index.php\/wp-json\/wp\/v2\/posts"}],"about":[{"href":"https:\/\/rotary.zamosc.pl\/index.php\/wp-json\/wp\/v2\/types\/post"}],"author":[{"embeddable":true,"href":"https:\/\/rotary.zamosc.pl\/index.php\/wp-json\/wp\/v2\/users\/1"}],"replies":[{"embeddable":true,"href":"https:\/\/rotary.zamosc.pl\/index.php\/wp-json\/wp\/v2\/comments?post=7301"}],"version-history":[{"count":1,"href":"https:\/\/rotary.zamosc.pl\/index.php\/wp-json\/wp\/v2\/posts\/7301\/revisions"}],"predecessor-version":[{"id":7305,"href":"https:\/\/rotary.zamosc.pl\/index.php\/wp-json\/wp\/v2\/posts\/7301\/revisions\/7305"}],"wp:featuredmedia":[{"embeddable":true,"href":"https:\/\/rotary.zamosc.pl\/index.php\/wp-json\/wp\/v2\/media\/7303"}],"wp:attachment":[{"href":"https:\/\/rotary.zamosc.pl\/index.php\/wp-json\/wp\/v2\/media?parent=7301"}],"wp:term":[{"taxonomy":"category","embeddable":true,"href":"https:\/\/rotary.zamosc.pl\/index.php\/wp-json\/wp\/v2\/categories?post=7301"},{"taxonomy":"post_tag","embeddable":true,"href":"https:\/\/rotary.zamosc.pl\/index.php\/wp-json\/wp\/v2\/tags?post=7301"}],"curies":[{"name":"wp","href":"https:\/\/api.w.org\/{rel}","templated":true}]}}