{"id":7306,"date":"2016-04-19T09:45:00","date_gmt":"2016-04-19T07:45:00","guid":{"rendered":"https:\/\/rotary.zamosc.pl\/?p=7306"},"modified":"2026-03-25T09:47:05","modified_gmt":"2026-03-25T08:47:05","slug":"nowy-czlonek-rc-zamosc-arkadiusz-gajewski-dzien-flagi","status":"publish","type":"post","link":"https:\/\/rotary.zamosc.pl\/index.php\/2016\/04\/19\/nowy-czlonek-rc-zamosc-arkadiusz-gajewski-dzien-flagi\/","title":{"rendered":"Nowy Cz\u0142onek\u00a0 RC Zamo\u015b\u0107 Arkadiusz Gajewski, Dzie\u0144 Flagi"},"content":{"rendered":"\n<p class=\"wp-block-paragraph\">W dniu 19.04.2016 roku na kolejnym spotkaniu przyj\u0119li\u015bmy w szeregi Zamojskiego Klubu Rotaria\u0144skiego nowego cz\u0142onka Arkadiusza Gajewskiego. Klubow\u0105 uroczysto\u015b\u0107, kt\u00f3ra mia\u0142a charakter integracyjny u\u015bwietni\u0142 wyk\u0142ad kolegi Marka Kwietnia po\u015bwi\u0119cony tradycjom i aktualnemu protoko\u0142owi flagowemu Rzeczypospolitej. Inspiracj\u0105 dla podj\u0119cia tego tematu by\u0142 zbli\u017caj\u0105cy si\u0119 Dzie\u0144 Flagi \u2013 2 maja oraz blok \u015bwi\u0105t narodowych i pa\u0144stwowych.<\/p>\n\n\n\n<figure class=\"wp-block-gallery has-nested-images columns-1 is-cropped wp-block-gallery-1 is-layout-flex wp-block-gallery-is-layout-flex\">\n<figure class=\"wp-block-image size-large\"><img fetchpriority=\"high\" decoding=\"async\" width=\"700\" height=\"468\" data-id=\"7326\" src=\"https:\/\/rotary.zamosc.pl\/wp-content\/uploads\/2026\/03\/Nowy-Czlonek-RC-Zamosc-Arkadiusz-Gajewski-Dzien-Flagi-2016-20-700x468.jpg\" alt=\"\" class=\"wp-image-7326\" srcset=\"https:\/\/rotary.zamosc.pl\/wp-content\/uploads\/2026\/03\/Nowy-Czlonek-RC-Zamosc-Arkadiusz-Gajewski-Dzien-Flagi-2016-20-700x468.jpg 700w, https:\/\/rotary.zamosc.pl\/wp-content\/uploads\/2026\/03\/Nowy-Czlonek-RC-Zamosc-Arkadiusz-Gajewski-Dzien-Flagi-2016-20-300x201.jpg 300w, https:\/\/rotary.zamosc.pl\/wp-content\/uploads\/2026\/03\/Nowy-Czlonek-RC-Zamosc-Arkadiusz-Gajewski-Dzien-Flagi-2016-20-768x513.jpg 768w, https:\/\/rotary.zamosc.pl\/wp-content\/uploads\/2026\/03\/Nowy-Czlonek-RC-Zamosc-Arkadiusz-Gajewski-Dzien-Flagi-2016-20-800x535.jpg 800w, https:\/\/rotary.zamosc.pl\/wp-content\/uploads\/2026\/03\/Nowy-Czlonek-RC-Zamosc-Arkadiusz-Gajewski-Dzien-Flagi-2016-20-272x182.jpg 272w, https:\/\/rotary.zamosc.pl\/wp-content\/uploads\/2026\/03\/Nowy-Czlonek-RC-Zamosc-Arkadiusz-Gajewski-Dzien-Flagi-2016-20.jpg 1200w\" sizes=\"(max-width: 700px) 100vw, 700px\" \/><\/figure>\n\n\n\n<figure class=\"wp-block-image size-large\"><img decoding=\"async\" width=\"700\" height=\"468\" data-id=\"7325\" src=\"https:\/\/rotary.zamosc.pl\/wp-content\/uploads\/2026\/03\/Nowy-Czlonek-RC-Zamosc-Arkadiusz-Gajewski-Dzien-Flagi-2016-19-700x468.jpg\" alt=\"\" class=\"wp-image-7325\" srcset=\"https:\/\/rotary.zamosc.pl\/wp-content\/uploads\/2026\/03\/Nowy-Czlonek-RC-Zamosc-Arkadiusz-Gajewski-Dzien-Flagi-2016-19-700x468.jpg 700w, https:\/\/rotary.zamosc.pl\/wp-content\/uploads\/2026\/03\/Nowy-Czlonek-RC-Zamosc-Arkadiusz-Gajewski-Dzien-Flagi-2016-19-300x201.jpg 300w, https:\/\/rotary.zamosc.pl\/wp-content\/uploads\/2026\/03\/Nowy-Czlonek-RC-Zamosc-Arkadiusz-Gajewski-Dzien-Flagi-2016-19-768x513.jpg 768w, https:\/\/rotary.zamosc.pl\/wp-content\/uploads\/2026\/03\/Nowy-Czlonek-RC-Zamosc-Arkadiusz-Gajewski-Dzien-Flagi-2016-19-800x535.jpg 800w, https:\/\/rotary.zamosc.pl\/wp-content\/uploads\/2026\/03\/Nowy-Czlonek-RC-Zamosc-Arkadiusz-Gajewski-Dzien-Flagi-2016-19-272x182.jpg 272w, https:\/\/rotary.zamosc.pl\/wp-content\/uploads\/2026\/03\/Nowy-Czlonek-RC-Zamosc-Arkadiusz-Gajewski-Dzien-Flagi-2016-19.jpg 1200w\" sizes=\"(max-width: 700px) 100vw, 700px\" \/><\/figure>\n\n\n\n<figure class=\"wp-block-image size-large\"><img decoding=\"async\" width=\"700\" height=\"468\" data-id=\"7324\" src=\"https:\/\/rotary.zamosc.pl\/wp-content\/uploads\/2026\/03\/Nowy-Czlonek-RC-Zamosc-Arkadiusz-Gajewski-Dzien-Flagi-2016-18-700x468.jpg\" alt=\"\" class=\"wp-image-7324\" srcset=\"https:\/\/rotary.zamosc.pl\/wp-content\/uploads\/2026\/03\/Nowy-Czlonek-RC-Zamosc-Arkadiusz-Gajewski-Dzien-Flagi-2016-18-700x468.jpg 700w, https:\/\/rotary.zamosc.pl\/wp-content\/uploads\/2026\/03\/Nowy-Czlonek-RC-Zamosc-Arkadiusz-Gajewski-Dzien-Flagi-2016-18-300x201.jpg 300w, https:\/\/rotary.zamosc.pl\/wp-content\/uploads\/2026\/03\/Nowy-Czlonek-RC-Zamosc-Arkadiusz-Gajewski-Dzien-Flagi-2016-18-768x513.jpg 768w, https:\/\/rotary.zamosc.pl\/wp-content\/uploads\/2026\/03\/Nowy-Czlonek-RC-Zamosc-Arkadiusz-Gajewski-Dzien-Flagi-2016-18-800x535.jpg 800w, https:\/\/rotary.zamosc.pl\/wp-content\/uploads\/2026\/03\/Nowy-Czlonek-RC-Zamosc-Arkadiusz-Gajewski-Dzien-Flagi-2016-18-272x182.jpg 272w, https:\/\/rotary.zamosc.pl\/wp-content\/uploads\/2026\/03\/Nowy-Czlonek-RC-Zamosc-Arkadiusz-Gajewski-Dzien-Flagi-2016-18.jpg 1200w\" sizes=\"(max-width: 700px) 100vw, 700px\" \/><\/figure>\n\n\n\n<figure class=\"wp-block-image size-large\"><img loading=\"lazy\" decoding=\"async\" width=\"700\" height=\"468\" data-id=\"7323\" src=\"https:\/\/rotary.zamosc.pl\/wp-content\/uploads\/2026\/03\/Nowy-Czlonek-RC-Zamosc-Arkadiusz-Gajewski-Dzien-Flagi-2016-17-700x468.jpg\" alt=\"\" class=\"wp-image-7323\" srcset=\"https:\/\/rotary.zamosc.pl\/wp-content\/uploads\/2026\/03\/Nowy-Czlonek-RC-Zamosc-Arkadiusz-Gajewski-Dzien-Flagi-2016-17-700x468.jpg 700w, https:\/\/rotary.zamosc.pl\/wp-content\/uploads\/2026\/03\/Nowy-Czlonek-RC-Zamosc-Arkadiusz-Gajewski-Dzien-Flagi-2016-17-300x201.jpg 300w, https:\/\/rotary.zamosc.pl\/wp-content\/uploads\/2026\/03\/Nowy-Czlonek-RC-Zamosc-Arkadiusz-Gajewski-Dzien-Flagi-2016-17-768x513.jpg 768w, https:\/\/rotary.zamosc.pl\/wp-content\/uploads\/2026\/03\/Nowy-Czlonek-RC-Zamosc-Arkadiusz-Gajewski-Dzien-Flagi-2016-17-800x535.jpg 800w, https:\/\/rotary.zamosc.pl\/wp-content\/uploads\/2026\/03\/Nowy-Czlonek-RC-Zamosc-Arkadiusz-Gajewski-Dzien-Flagi-2016-17-272x182.jpg 272w, https:\/\/rotary.zamosc.pl\/wp-content\/uploads\/2026\/03\/Nowy-Czlonek-RC-Zamosc-Arkadiusz-Gajewski-Dzien-Flagi-2016-17.jpg 1200w\" sizes=\"(max-width: 700px) 100vw, 700px\" \/><\/figure>\n\n\n\n<figure class=\"wp-block-image size-large\"><img loading=\"lazy\" decoding=\"async\" width=\"471\" height=\"315\" data-id=\"7322\" src=\"https:\/\/rotary.zamosc.pl\/wp-content\/uploads\/2026\/03\/Nowy-Czlonek-RC-Zamosc-Arkadiusz-Gajewski-Dzien-Flagi-2016-16.jpg\" alt=\"\" class=\"wp-image-7322\" srcset=\"https:\/\/rotary.zamosc.pl\/wp-content\/uploads\/2026\/03\/Nowy-Czlonek-RC-Zamosc-Arkadiusz-Gajewski-Dzien-Flagi-2016-16.jpg 471w, https:\/\/rotary.zamosc.pl\/wp-content\/uploads\/2026\/03\/Nowy-Czlonek-RC-Zamosc-Arkadiusz-Gajewski-Dzien-Flagi-2016-16-300x201.jpg 300w, https:\/\/rotary.zamosc.pl\/wp-content\/uploads\/2026\/03\/Nowy-Czlonek-RC-Zamosc-Arkadiusz-Gajewski-Dzien-Flagi-2016-16-272x182.jpg 272w\" sizes=\"(max-width: 471px) 100vw, 471px\" \/><\/figure>\n\n\n\n<figure class=\"wp-block-image size-large\"><img loading=\"lazy\" decoding=\"async\" width=\"700\" height=\"468\" data-id=\"7321\" src=\"https:\/\/rotary.zamosc.pl\/wp-content\/uploads\/2026\/03\/Nowy-Czlonek-RC-Zamosc-Arkadiusz-Gajewski-Dzien-Flagi-2016-15-700x468.jpg\" alt=\"\" class=\"wp-image-7321\" srcset=\"https:\/\/rotary.zamosc.pl\/wp-content\/uploads\/2026\/03\/Nowy-Czlonek-RC-Zamosc-Arkadiusz-Gajewski-Dzien-Flagi-2016-15-700x468.jpg 700w, https:\/\/rotary.zamosc.pl\/wp-content\/uploads\/2026\/03\/Nowy-Czlonek-RC-Zamosc-Arkadiusz-Gajewski-Dzien-Flagi-2016-15-300x201.jpg 300w, https:\/\/rotary.zamosc.pl\/wp-content\/uploads\/2026\/03\/Nowy-Czlonek-RC-Zamosc-Arkadiusz-Gajewski-Dzien-Flagi-2016-15-768x513.jpg 768w, https:\/\/rotary.zamosc.pl\/wp-content\/uploads\/2026\/03\/Nowy-Czlonek-RC-Zamosc-Arkadiusz-Gajewski-Dzien-Flagi-2016-15-800x535.jpg 800w, https:\/\/rotary.zamosc.pl\/wp-content\/uploads\/2026\/03\/Nowy-Czlonek-RC-Zamosc-Arkadiusz-Gajewski-Dzien-Flagi-2016-15-272x182.jpg 272w, https:\/\/rotary.zamosc.pl\/wp-content\/uploads\/2026\/03\/Nowy-Czlonek-RC-Zamosc-Arkadiusz-Gajewski-Dzien-Flagi-2016-15.jpg 1200w\" sizes=\"(max-width: 700px) 100vw, 700px\" \/><\/figure>\n\n\n\n<figure class=\"wp-block-image size-large\"><img loading=\"lazy\" decoding=\"async\" width=\"700\" height=\"468\" data-id=\"7320\" src=\"https:\/\/rotary.zamosc.pl\/wp-content\/uploads\/2026\/03\/Nowy-Czlonek-RC-Zamosc-Arkadiusz-Gajewski-Dzien-Flagi-2016-14-700x468.jpg\" alt=\"\" class=\"wp-image-7320\" srcset=\"https:\/\/rotary.zamosc.pl\/wp-content\/uploads\/2026\/03\/Nowy-Czlonek-RC-Zamosc-Arkadiusz-Gajewski-Dzien-Flagi-2016-14-700x468.jpg 700w, https:\/\/rotary.zamosc.pl\/wp-content\/uploads\/2026\/03\/Nowy-Czlonek-RC-Zamosc-Arkadiusz-Gajewski-Dzien-Flagi-2016-14-300x201.jpg 300w, https:\/\/rotary.zamosc.pl\/wp-content\/uploads\/2026\/03\/Nowy-Czlonek-RC-Zamosc-Arkadiusz-Gajewski-Dzien-Flagi-2016-14-768x513.jpg 768w, https:\/\/rotary.zamosc.pl\/wp-content\/uploads\/2026\/03\/Nowy-Czlonek-RC-Zamosc-Arkadiusz-Gajewski-Dzien-Flagi-2016-14-800x535.jpg 800w, https:\/\/rotary.zamosc.pl\/wp-content\/uploads\/2026\/03\/Nowy-Czlonek-RC-Zamosc-Arkadiusz-Gajewski-Dzien-Flagi-2016-14-272x182.jpg 272w, https:\/\/rotary.zamosc.pl\/wp-content\/uploads\/2026\/03\/Nowy-Czlonek-RC-Zamosc-Arkadiusz-Gajewski-Dzien-Flagi-2016-14.jpg 1200w\" sizes=\"(max-width: 700px) 100vw, 700px\" \/><\/figure>\n\n\n\n<figure class=\"wp-block-image size-large\"><img loading=\"lazy\" decoding=\"async\" width=\"642\" height=\"960\" data-id=\"7319\" src=\"https:\/\/rotary.zamosc.pl\/wp-content\/uploads\/2026\/03\/Nowy-Czlonek-RC-Zamosc-Arkadiusz-Gajewski-Dzien-Flagi-2016-13.jpg\" alt=\"\" class=\"wp-image-7319\" srcset=\"https:\/\/rotary.zamosc.pl\/wp-content\/uploads\/2026\/03\/Nowy-Czlonek-RC-Zamosc-Arkadiusz-Gajewski-Dzien-Flagi-2016-13.jpg 642w, https:\/\/rotary.zamosc.pl\/wp-content\/uploads\/2026\/03\/Nowy-Czlonek-RC-Zamosc-Arkadiusz-Gajewski-Dzien-Flagi-2016-13-201x300.jpg 201w\" sizes=\"(max-width: 642px) 100vw, 642px\" \/><\/figure>\n\n\n\n<figure class=\"wp-block-image size-large\"><img loading=\"lazy\" decoding=\"async\" width=\"700\" height=\"468\" data-id=\"7318\" src=\"https:\/\/rotary.zamosc.pl\/wp-content\/uploads\/2026\/03\/Nowy-Czlonek-RC-Zamosc-Arkadiusz-Gajewski-Dzien-Flagi-2016-12-700x468.jpg\" alt=\"\" class=\"wp-image-7318\" srcset=\"https:\/\/rotary.zamosc.pl\/wp-content\/uploads\/2026\/03\/Nowy-Czlonek-RC-Zamosc-Arkadiusz-Gajewski-Dzien-Flagi-2016-12-700x468.jpg 700w, https:\/\/rotary.zamosc.pl\/wp-content\/uploads\/2026\/03\/Nowy-Czlonek-RC-Zamosc-Arkadiusz-Gajewski-Dzien-Flagi-2016-12-300x201.jpg 300w, https:\/\/rotary.zamosc.pl\/wp-content\/uploads\/2026\/03\/Nowy-Czlonek-RC-Zamosc-Arkadiusz-Gajewski-Dzien-Flagi-2016-12-768x513.jpg 768w, https:\/\/rotary.zamosc.pl\/wp-content\/uploads\/2026\/03\/Nowy-Czlonek-RC-Zamosc-Arkadiusz-Gajewski-Dzien-Flagi-2016-12-800x535.jpg 800w, https:\/\/rotary.zamosc.pl\/wp-content\/uploads\/2026\/03\/Nowy-Czlonek-RC-Zamosc-Arkadiusz-Gajewski-Dzien-Flagi-2016-12-272x182.jpg 272w, https:\/\/rotary.zamosc.pl\/wp-content\/uploads\/2026\/03\/Nowy-Czlonek-RC-Zamosc-Arkadiusz-Gajewski-Dzien-Flagi-2016-12.jpg 1200w\" sizes=\"(max-width: 700px) 100vw, 700px\" \/><\/figure>\n\n\n\n<figure class=\"wp-block-image size-large\"><img loading=\"lazy\" decoding=\"async\" width=\"700\" height=\"468\" data-id=\"7317\" src=\"https:\/\/rotary.zamosc.pl\/wp-content\/uploads\/2026\/03\/Nowy-Czlonek-RC-Zamosc-Arkadiusz-Gajewski-Dzien-Flagi-2016-11-700x468.jpg\" alt=\"\" class=\"wp-image-7317\" srcset=\"https:\/\/rotary.zamosc.pl\/wp-content\/uploads\/2026\/03\/Nowy-Czlonek-RC-Zamosc-Arkadiusz-Gajewski-Dzien-Flagi-2016-11-700x468.jpg 700w, https:\/\/rotary.zamosc.pl\/wp-content\/uploads\/2026\/03\/Nowy-Czlonek-RC-Zamosc-Arkadiusz-Gajewski-Dzien-Flagi-2016-11-300x201.jpg 300w, https:\/\/rotary.zamosc.pl\/wp-content\/uploads\/2026\/03\/Nowy-Czlonek-RC-Zamosc-Arkadiusz-Gajewski-Dzien-Flagi-2016-11-768x513.jpg 768w, https:\/\/rotary.zamosc.pl\/wp-content\/uploads\/2026\/03\/Nowy-Czlonek-RC-Zamosc-Arkadiusz-Gajewski-Dzien-Flagi-2016-11-800x535.jpg 800w, https:\/\/rotary.zamosc.pl\/wp-content\/uploads\/2026\/03\/Nowy-Czlonek-RC-Zamosc-Arkadiusz-Gajewski-Dzien-Flagi-2016-11-272x182.jpg 272w, https:\/\/rotary.zamosc.pl\/wp-content\/uploads\/2026\/03\/Nowy-Czlonek-RC-Zamosc-Arkadiusz-Gajewski-Dzien-Flagi-2016-11.jpg 1200w\" sizes=\"(max-width: 700px) 100vw, 700px\" \/><\/figure>\n\n\n\n<figure class=\"wp-block-image size-large\"><img loading=\"lazy\" decoding=\"async\" width=\"642\" height=\"960\" data-id=\"7316\" src=\"https:\/\/rotary.zamosc.pl\/wp-content\/uploads\/2026\/03\/Nowy-Czlonek-RC-Zamosc-Arkadiusz-Gajewski-Dzien-Flagi-2016-10.jpg\" alt=\"\" class=\"wp-image-7316\" srcset=\"https:\/\/rotary.zamosc.pl\/wp-content\/uploads\/2026\/03\/Nowy-Czlonek-RC-Zamosc-Arkadiusz-Gajewski-Dzien-Flagi-2016-10.jpg 642w, https:\/\/rotary.zamosc.pl\/wp-content\/uploads\/2026\/03\/Nowy-Czlonek-RC-Zamosc-Arkadiusz-Gajewski-Dzien-Flagi-2016-10-201x300.jpg 201w\" sizes=\"(max-width: 642px) 100vw, 642px\" \/><\/figure>\n\n\n\n<figure class=\"wp-block-image size-large\"><img loading=\"lazy\" decoding=\"async\" width=\"642\" height=\"960\" data-id=\"7315\" src=\"https:\/\/rotary.zamosc.pl\/wp-content\/uploads\/2026\/03\/Nowy-Czlonek-RC-Zamosc-Arkadiusz-Gajewski-Dzien-Flagi-2016-9.jpg\" alt=\"\" class=\"wp-image-7315\" srcset=\"https:\/\/rotary.zamosc.pl\/wp-content\/uploads\/2026\/03\/Nowy-Czlonek-RC-Zamosc-Arkadiusz-Gajewski-Dzien-Flagi-2016-9.jpg 642w, https:\/\/rotary.zamosc.pl\/wp-content\/uploads\/2026\/03\/Nowy-Czlonek-RC-Zamosc-Arkadiusz-Gajewski-Dzien-Flagi-2016-9-201x300.jpg 201w\" sizes=\"(max-width: 642px) 100vw, 642px\" \/><\/figure>\n\n\n\n<figure class=\"wp-block-image size-large\"><img loading=\"lazy\" decoding=\"async\" width=\"642\" height=\"960\" data-id=\"7314\" src=\"https:\/\/rotary.zamosc.pl\/wp-content\/uploads\/2026\/03\/Nowy-Czlonek-RC-Zamosc-Arkadiusz-Gajewski-Dzien-Flagi-2016-8.jpg\" alt=\"\" class=\"wp-image-7314\" srcset=\"https:\/\/rotary.zamosc.pl\/wp-content\/uploads\/2026\/03\/Nowy-Czlonek-RC-Zamosc-Arkadiusz-Gajewski-Dzien-Flagi-2016-8.jpg 642w, https:\/\/rotary.zamosc.pl\/wp-content\/uploads\/2026\/03\/Nowy-Czlonek-RC-Zamosc-Arkadiusz-Gajewski-Dzien-Flagi-2016-8-201x300.jpg 201w\" sizes=\"(max-width: 642px) 100vw, 642px\" \/><\/figure>\n\n\n\n<figure class=\"wp-block-image size-large\"><img loading=\"lazy\" decoding=\"async\" width=\"700\" height=\"468\" data-id=\"7313\" src=\"https:\/\/rotary.zamosc.pl\/wp-content\/uploads\/2026\/03\/Nowy-Czlonek-RC-Zamosc-Arkadiusz-Gajewski-Dzien-Flagi-2016-7-700x468.jpg\" alt=\"\" class=\"wp-image-7313\" srcset=\"https:\/\/rotary.zamosc.pl\/wp-content\/uploads\/2026\/03\/Nowy-Czlonek-RC-Zamosc-Arkadiusz-Gajewski-Dzien-Flagi-2016-7-700x468.jpg 700w, https:\/\/rotary.zamosc.pl\/wp-content\/uploads\/2026\/03\/Nowy-Czlonek-RC-Zamosc-Arkadiusz-Gajewski-Dzien-Flagi-2016-7-300x201.jpg 300w, https:\/\/rotary.zamosc.pl\/wp-content\/uploads\/2026\/03\/Nowy-Czlonek-RC-Zamosc-Arkadiusz-Gajewski-Dzien-Flagi-2016-7-768x513.jpg 768w, https:\/\/rotary.zamosc.pl\/wp-content\/uploads\/2026\/03\/Nowy-Czlonek-RC-Zamosc-Arkadiusz-Gajewski-Dzien-Flagi-2016-7-800x535.jpg 800w, https:\/\/rotary.zamosc.pl\/wp-content\/uploads\/2026\/03\/Nowy-Czlonek-RC-Zamosc-Arkadiusz-Gajewski-Dzien-Flagi-2016-7-272x182.jpg 272w, https:\/\/rotary.zamosc.pl\/wp-content\/uploads\/2026\/03\/Nowy-Czlonek-RC-Zamosc-Arkadiusz-Gajewski-Dzien-Flagi-2016-7.jpg 1200w\" sizes=\"(max-width: 700px) 100vw, 700px\" \/><\/figure>\n\n\n\n<figure class=\"wp-block-image size-large\"><img loading=\"lazy\" decoding=\"async\" width=\"642\" height=\"960\" data-id=\"7312\" src=\"https:\/\/rotary.zamosc.pl\/wp-content\/uploads\/2026\/03\/Nowy-Czlonek-RC-Zamosc-Arkadiusz-Gajewski-Dzien-Flagi-2016-6.jpg\" alt=\"\" class=\"wp-image-7312\" srcset=\"https:\/\/rotary.zamosc.pl\/wp-content\/uploads\/2026\/03\/Nowy-Czlonek-RC-Zamosc-Arkadiusz-Gajewski-Dzien-Flagi-2016-6.jpg 642w, https:\/\/rotary.zamosc.pl\/wp-content\/uploads\/2026\/03\/Nowy-Czlonek-RC-Zamosc-Arkadiusz-Gajewski-Dzien-Flagi-2016-6-201x300.jpg 201w\" sizes=\"(max-width: 642px) 100vw, 642px\" \/><\/figure>\n\n\n\n<figure class=\"wp-block-image size-large\"><img loading=\"lazy\" decoding=\"async\" width=\"642\" height=\"960\" data-id=\"7310\" src=\"https:\/\/rotary.zamosc.pl\/wp-content\/uploads\/2026\/03\/Nowy-Czlonek-RC-Zamosc-Arkadiusz-Gajewski-Dzien-Flagi-2016-4.jpg\" alt=\"\" class=\"wp-image-7310\" srcset=\"https:\/\/rotary.zamosc.pl\/wp-content\/uploads\/2026\/03\/Nowy-Czlonek-RC-Zamosc-Arkadiusz-Gajewski-Dzien-Flagi-2016-4.jpg 642w, https:\/\/rotary.zamosc.pl\/wp-content\/uploads\/2026\/03\/Nowy-Czlonek-RC-Zamosc-Arkadiusz-Gajewski-Dzien-Flagi-2016-4-201x300.jpg 201w\" sizes=\"(max-width: 642px) 100vw, 642px\" \/><\/figure>\n\n\n\n<figure class=\"wp-block-image size-large\"><img loading=\"lazy\" decoding=\"async\" width=\"642\" height=\"960\" data-id=\"7309\" src=\"https:\/\/rotary.zamosc.pl\/wp-content\/uploads\/2026\/03\/Nowy-Czlonek-RC-Zamosc-Arkadiusz-Gajewski-Dzien-Flagi-2016-3.jpg\" alt=\"\" class=\"wp-image-7309\" srcset=\"https:\/\/rotary.zamosc.pl\/wp-content\/uploads\/2026\/03\/Nowy-Czlonek-RC-Zamosc-Arkadiusz-Gajewski-Dzien-Flagi-2016-3.jpg 642w, https:\/\/rotary.zamosc.pl\/wp-content\/uploads\/2026\/03\/Nowy-Czlonek-RC-Zamosc-Arkadiusz-Gajewski-Dzien-Flagi-2016-3-201x300.jpg 201w\" sizes=\"(max-width: 642px) 100vw, 642px\" \/><\/figure>\n\n\n\n<figure class=\"wp-block-image size-large\"><img loading=\"lazy\" decoding=\"async\" width=\"642\" height=\"960\" data-id=\"7308\" src=\"https:\/\/rotary.zamosc.pl\/wp-content\/uploads\/2026\/03\/Nowy-Czlonek-RC-Zamosc-Arkadiusz-Gajewski-Dzien-Flagi-2016-2.jpg\" alt=\"\" class=\"wp-image-7308\" srcset=\"https:\/\/rotary.zamosc.pl\/wp-content\/uploads\/2026\/03\/Nowy-Czlonek-RC-Zamosc-Arkadiusz-Gajewski-Dzien-Flagi-2016-2.jpg 642w, https:\/\/rotary.zamosc.pl\/wp-content\/uploads\/2026\/03\/Nowy-Czlonek-RC-Zamosc-Arkadiusz-Gajewski-Dzien-Flagi-2016-2-201x300.jpg 201w\" sizes=\"(max-width: 642px) 100vw, 642px\" \/><\/figure>\n\n\n\n<figure class=\"wp-block-image size-large\"><img loading=\"lazy\" decoding=\"async\" width=\"700\" height=\"394\" data-id=\"7304\" src=\"https:\/\/rotary.zamosc.pl\/wp-content\/uploads\/2026\/03\/morandowka-3-700x394.jpg\" alt=\"\" class=\"wp-image-7304\" srcset=\"https:\/\/rotary.zamosc.pl\/wp-content\/uploads\/2026\/03\/morandowka-3-700x394.jpg 700w, https:\/\/rotary.zamosc.pl\/wp-content\/uploads\/2026\/03\/morandowka-3-300x169.jpg 300w, https:\/\/rotary.zamosc.pl\/wp-content\/uploads\/2026\/03\/morandowka-3-768x432.jpg 768w, https:\/\/rotary.zamosc.pl\/wp-content\/uploads\/2026\/03\/morandowka-3-800x450.jpg 800w, https:\/\/rotary.zamosc.pl\/wp-content\/uploads\/2026\/03\/morandowka-3.jpg 1200w\" sizes=\"(max-width: 700px) 100vw, 700px\" \/><\/figure>\n\n\n\n<figure class=\"wp-block-image size-large\"><img loading=\"lazy\" decoding=\"async\" width=\"700\" height=\"468\" data-id=\"7307\" src=\"https:\/\/rotary.zamosc.pl\/wp-content\/uploads\/2026\/03\/Nowy-Czlonek-RC-Zamosc-Arkadiusz-Gajewski-Dzien-Flagi-2016-1-700x468.jpg\" alt=\"\" class=\"wp-image-7307\" srcset=\"https:\/\/rotary.zamosc.pl\/wp-content\/uploads\/2026\/03\/Nowy-Czlonek-RC-Zamosc-Arkadiusz-Gajewski-Dzien-Flagi-2016-1-700x468.jpg 700w, https:\/\/rotary.zamosc.pl\/wp-content\/uploads\/2026\/03\/Nowy-Czlonek-RC-Zamosc-Arkadiusz-Gajewski-Dzien-Flagi-2016-1-300x201.jpg 300w, https:\/\/rotary.zamosc.pl\/wp-content\/uploads\/2026\/03\/Nowy-Czlonek-RC-Zamosc-Arkadiusz-Gajewski-Dzien-Flagi-2016-1-768x513.jpg 768w, https:\/\/rotary.zamosc.pl\/wp-content\/uploads\/2026\/03\/Nowy-Czlonek-RC-Zamosc-Arkadiusz-Gajewski-Dzien-Flagi-2016-1-800x535.jpg 800w, https:\/\/rotary.zamosc.pl\/wp-content\/uploads\/2026\/03\/Nowy-Czlonek-RC-Zamosc-Arkadiusz-Gajewski-Dzien-Flagi-2016-1-272x182.jpg 272w, https:\/\/rotary.zamosc.pl\/wp-content\/uploads\/2026\/03\/Nowy-Czlonek-RC-Zamosc-Arkadiusz-Gajewski-Dzien-Flagi-2016-1.jpg 1200w\" sizes=\"(max-width: 700px) 100vw, 700px\" \/><\/figure>\n<\/figure>\n","protected":false},"excerpt":{"rendered":"<p>W dniu 19.04.2016 roku na kolejnym spotkaniu przyj\u0119li\u015bmy w szeregi Zamojskiego Klubu Rotaria\u0144skiego nowego cz\u0142onka Arkadiusza Gajewskiego. Klubow\u0105 uroczysto\u015b\u0107, kt\u00f3ra mia\u0142a charakter integracyjny u\u015bwietni\u0142 wyk\u0142ad kolegi Marka Kwietnia po\u015bwi\u0119cony tradycjom i aktualnemu protoko\u0142owi flagowemu Rzeczypospolitej. Inspiracj\u0105 dla podj\u0119cia tego tematu by\u0142 zbli\u017caj\u0105cy si\u0119 Dzie\u0144 Flagi \u2013 2 maja oraz blok \u015bwi\u0105t narodowych i pa\u0144stwowych.<\/p>\n","protected":false},"author":1,"featured_media":7311,"comment_status":"open","ping_status":"open","sticky":false,"template":"","format":"standard","meta":{"footnotes":""},"categories":[26],"tags":[],"class_list":["post-7306","post","type-post","status-publish","format-standard","has-post-thumbnail","hentry","category-26"],"rttpg_featured_image_url":{"full":["https:\/\/rotary.zamosc.pl\/wp-content\/uploads\/2026\/03\/Nowy-Czlonek-RC-Zamosc-Arkadiusz-Gajewski-Dzien-Flagi-2016-5.jpg",642,960,false],"landscape":["https:\/\/rotary.zamosc.pl\/wp-content\/uploads\/2026\/03\/Nowy-Czlonek-RC-Zamosc-Arkadiusz-Gajewski-Dzien-Flagi-2016-5.jpg",642,960,false],"portraits":["https:\/\/rotary.zamosc.pl\/wp-content\/uploads\/2026\/03\/Nowy-Czlonek-RC-Zamosc-Arkadiusz-Gajewski-Dzien-Flagi-2016-5.jpg",642,960,false],"thumbnail":["https:\/\/rotary.zamosc.pl\/wp-content\/uploads\/2026\/03\/Nowy-Czlonek-RC-Zamosc-Arkadiusz-Gajewski-Dzien-Flagi-2016-5-150x150.jpg",150,150,true],"medium":["https:\/\/rotary.zamosc.pl\/wp-content\/uploads\/2026\/03\/Nowy-Czlonek-RC-Zamosc-Arkadiusz-Gajewski-Dzien-Flagi-2016-5-201x300.jpg",201,300,true],"large":["https:\/\/rotary.zamosc.pl\/wp-content\/uploads\/2026\/03\/Nowy-Czlonek-RC-Zamosc-Arkadiusz-Gajewski-Dzien-Flagi-2016-5.jpg",642,960,false],"1536x1536":["https:\/\/rotary.zamosc.pl\/wp-content\/uploads\/2026\/03\/Nowy-Czlonek-RC-Zamosc-Arkadiusz-Gajewski-Dzien-Flagi-2016-5.jpg",642,960,false],"2048x2048":["https:\/\/rotary.zamosc.pl\/wp-content\/uploads\/2026\/03\/Nowy-Czlonek-RC-Zamosc-Arkadiusz-Gajewski-Dzien-Flagi-2016-5.jpg",642,960,false],"post-thumbnail":["https:\/\/rotary.zamosc.pl\/wp-content\/uploads\/2026\/03\/Nowy-Czlonek-RC-Zamosc-Arkadiusz-Gajewski-Dzien-Flagi-2016-5.jpg",642,960,false],"graphy-post-thumbnail-large":["https:\/\/rotary.zamosc.pl\/wp-content\/uploads\/2026\/03\/Nowy-Czlonek-RC-Zamosc-Arkadiusz-Gajewski-Dzien-Flagi-2016-5-642x600.jpg",642,600,true],"graphy-post-thumbnail-medium":["https:\/\/rotary.zamosc.pl\/wp-content\/uploads\/2026\/03\/Nowy-Czlonek-RC-Zamosc-Arkadiusz-Gajewski-Dzien-Flagi-2016-5-482x300.jpg",482,300,true],"graphy-post-thumbnail-small":["https:\/\/rotary.zamosc.pl\/wp-content\/uploads\/2026\/03\/Nowy-Czlonek-RC-Zamosc-Arkadiusz-Gajewski-Dzien-Flagi-2016-5-80x60.jpg",80,60,true],"graphy-page-thumbnail":["https:\/\/rotary.zamosc.pl\/wp-content\/uploads\/2026\/03\/Nowy-Czlonek-RC-Zamosc-Arkadiusz-Gajewski-Dzien-Flagi-2016-5-642x350.jpg",642,350,true],"sow-carousel-default":["https:\/\/rotary.zamosc.pl\/wp-content\/uploads\/2026\/03\/Nowy-Czlonek-RC-Zamosc-Arkadiusz-Gajewski-Dzien-Flagi-2016-5-272x182.jpg",272,182,true]},"rttpg_author":{"display_name":"rotaryzamosc","author_link":"https:\/\/rotary.zamosc.pl\/index.php\/author\/rotaryzamosc\/"},"rttpg_comment":0,"rttpg_category":"<a href=\"https:\/\/rotary.zamosc.pl\/index.php\/category\/2016\/\" rel=\"category tag\">2016<\/a>","rttpg_excerpt":"W dniu 19.04.2016 roku na kolejnym spotkaniu przyj\u0119li\u015bmy w szeregi Zamojskiego Klubu Rotaria\u0144skiego nowego cz\u0142onka Arkadiusza Gajewskiego. Klubow\u0105 uroczysto\u015b\u0107, kt\u00f3ra mia\u0142a charakter integracyjny u\u015bwietni\u0142 wyk\u0142ad kolegi Marka Kwietnia po\u015bwi\u0119cony tradycjom i aktualnemu protoko\u0142owi flagowemu Rzeczypospolitej. Inspiracj\u0105 dla podj\u0119cia tego tematu by\u0142 zbli\u017caj\u0105cy si\u0119 Dzie\u0144 Flagi \u2013 2 maja oraz blok \u015bwi\u0105t narodowych i pa\u0144stwowych.","_links":{"self":[{"href":"https:\/\/rotary.zamosc.pl\/index.php\/wp-json\/wp\/v2\/posts\/7306","targetHints":{"allow":["GET"]}}],"collection":[{"href":"https:\/\/rotary.zamosc.pl\/index.php\/wp-json\/wp\/v2\/posts"}],"about":[{"href":"https:\/\/rotary.zamosc.pl\/index.php\/wp-json\/wp\/v2\/types\/post"}],"author":[{"embeddable":true,"href":"https:\/\/rotary.zamosc.pl\/index.php\/wp-json\/wp\/v2\/users\/1"}],"replies":[{"embeddable":true,"href":"https:\/\/rotary.zamosc.pl\/index.php\/wp-json\/wp\/v2\/comments?post=7306"}],"version-history":[{"count":1,"href":"https:\/\/rotary.zamosc.pl\/index.php\/wp-json\/wp\/v2\/posts\/7306\/revisions"}],"predecessor-version":[{"id":7327,"href":"https:\/\/rotary.zamosc.pl\/index.php\/wp-json\/wp\/v2\/posts\/7306\/revisions\/7327"}],"wp:featuredmedia":[{"embeddable":true,"href":"https:\/\/rotary.zamosc.pl\/index.php\/wp-json\/wp\/v2\/media\/7311"}],"wp:attachment":[{"href":"https:\/\/rotary.zamosc.pl\/index.php\/wp-json\/wp\/v2\/media?parent=7306"}],"wp:term":[{"taxonomy":"category","embeddable":true,"href":"https:\/\/rotary.zamosc.pl\/index.php\/wp-json\/wp\/v2\/categories?post=7306"},{"taxonomy":"post_tag","embeddable":true,"href":"https:\/\/rotary.zamosc.pl\/index.php\/wp-json\/wp\/v2\/tags?post=7306"}],"curies":[{"name":"wp","href":"https:\/\/api.w.org\/{rel}","templated":true}]}}