{"id":7444,"date":"2016-01-26T10:30:00","date_gmt":"2016-01-26T09:30:00","guid":{"rendered":"https:\/\/rotary.zamosc.pl\/?p=7444"},"modified":"2026-03-25T10:31:59","modified_gmt":"2026-03-25T09:31:59","slug":"badz-darem-dla-swiata-styczen-2016","status":"publish","type":"post","link":"https:\/\/rotary.zamosc.pl\/index.php\/2016\/01\/26\/badz-darem-dla-swiata-styczen-2016\/","title":{"rendered":"B\u0105d\u017a darem dla \u015bwiata \u2013 stycze\u0144 2016"},"content":{"rendered":"\n<p class=\"wp-block-paragraph\">Konkurs krasom\u00f3wczy \u201d B\u0105d\u017a darem dla \u015bwiata \u201eorganizowany przez Stowarzyszenie Polskich Klub\u00f3w Rotary \u2013 etap klubowy. Do etapu okr\u0119gowego zakwalifikowano zesp\u00f3\u0142\u00a0 reprezentuj\u0105cy Gimnazjum Nr 7 z Oddzia\u0142ami Integracyjnymi im. Polskich Noblist\u00f3w w Zamo\u015bciu, przygotowany przez pani\u0105 Ma\u0142gorzat\u0119 Zachajczuk. Temat prezentacji \u2013 Polio Plus \u2013 najwi\u0119ksz\u0105 dum\u0105 Rotarian.<\/p>\n\n\n\n<figure class=\"wp-block-gallery has-nested-images columns-1 is-cropped wp-block-gallery-1 is-layout-flex wp-block-gallery-is-layout-flex\">\n<figure class=\"wp-block-image size-large\"><img fetchpriority=\"high\" decoding=\"async\" width=\"700\" height=\"467\" data-id=\"7448\" src=\"https:\/\/rotary.zamosc.pl\/wp-content\/uploads\/2026\/03\/Badz-darem-dla-swiata-\u2013-styczen-2016-4-700x467.jpg\" alt=\"\" class=\"wp-image-7448\" srcset=\"https:\/\/rotary.zamosc.pl\/wp-content\/uploads\/2026\/03\/Badz-darem-dla-swiata-\u2013-styczen-2016-4-700x467.jpg 700w, https:\/\/rotary.zamosc.pl\/wp-content\/uploads\/2026\/03\/Badz-darem-dla-swiata-\u2013-styczen-2016-4-300x200.jpg 300w, https:\/\/rotary.zamosc.pl\/wp-content\/uploads\/2026\/03\/Badz-darem-dla-swiata-\u2013-styczen-2016-4-768x512.jpg 768w, https:\/\/rotary.zamosc.pl\/wp-content\/uploads\/2026\/03\/Badz-darem-dla-swiata-\u2013-styczen-2016-4-800x533.jpg 800w, https:\/\/rotary.zamosc.pl\/wp-content\/uploads\/2026\/03\/Badz-darem-dla-swiata-\u2013-styczen-2016-4-272x182.jpg 272w, https:\/\/rotary.zamosc.pl\/wp-content\/uploads\/2026\/03\/Badz-darem-dla-swiata-\u2013-styczen-2016-4.jpg 960w\" sizes=\"(max-width: 700px) 100vw, 700px\" \/><\/figure>\n\n\n\n<figure class=\"wp-block-image size-large\"><img decoding=\"async\" width=\"700\" height=\"467\" data-id=\"7447\" src=\"https:\/\/rotary.zamosc.pl\/wp-content\/uploads\/2026\/03\/Badz-darem-dla-swiata-\u2013-styczen-2016-3-700x467.jpg\" alt=\"\" class=\"wp-image-7447\" srcset=\"https:\/\/rotary.zamosc.pl\/wp-content\/uploads\/2026\/03\/Badz-darem-dla-swiata-\u2013-styczen-2016-3-700x467.jpg 700w, https:\/\/rotary.zamosc.pl\/wp-content\/uploads\/2026\/03\/Badz-darem-dla-swiata-\u2013-styczen-2016-3-300x200.jpg 300w, https:\/\/rotary.zamosc.pl\/wp-content\/uploads\/2026\/03\/Badz-darem-dla-swiata-\u2013-styczen-2016-3-768x512.jpg 768w, https:\/\/rotary.zamosc.pl\/wp-content\/uploads\/2026\/03\/Badz-darem-dla-swiata-\u2013-styczen-2016-3-800x533.jpg 800w, https:\/\/rotary.zamosc.pl\/wp-content\/uploads\/2026\/03\/Badz-darem-dla-swiata-\u2013-styczen-2016-3-272x182.jpg 272w, https:\/\/rotary.zamosc.pl\/wp-content\/uploads\/2026\/03\/Badz-darem-dla-swiata-\u2013-styczen-2016-3.jpg 960w\" sizes=\"(max-width: 700px) 100vw, 700px\" \/><\/figure>\n\n\n\n<figure class=\"wp-block-image size-large\"><img decoding=\"async\" width=\"700\" height=\"467\" data-id=\"7446\" src=\"https:\/\/rotary.zamosc.pl\/wp-content\/uploads\/2026\/03\/Badz-darem-dla-swiata-\u2013-styczen-2016-2-700x467.jpg\" alt=\"\" class=\"wp-image-7446\" srcset=\"https:\/\/rotary.zamosc.pl\/wp-content\/uploads\/2026\/03\/Badz-darem-dla-swiata-\u2013-styczen-2016-2-700x467.jpg 700w, https:\/\/rotary.zamosc.pl\/wp-content\/uploads\/2026\/03\/Badz-darem-dla-swiata-\u2013-styczen-2016-2-300x200.jpg 300w, https:\/\/rotary.zamosc.pl\/wp-content\/uploads\/2026\/03\/Badz-darem-dla-swiata-\u2013-styczen-2016-2-768x512.jpg 768w, https:\/\/rotary.zamosc.pl\/wp-content\/uploads\/2026\/03\/Badz-darem-dla-swiata-\u2013-styczen-2016-2-800x533.jpg 800w, https:\/\/rotary.zamosc.pl\/wp-content\/uploads\/2026\/03\/Badz-darem-dla-swiata-\u2013-styczen-2016-2-272x182.jpg 272w, https:\/\/rotary.zamosc.pl\/wp-content\/uploads\/2026\/03\/Badz-darem-dla-swiata-\u2013-styczen-2016-2.jpg 960w\" sizes=\"(max-width: 700px) 100vw, 700px\" \/><\/figure>\n<\/figure>\n","protected":false},"excerpt":{"rendered":"<p>Konkurs krasom\u00f3wczy \u201d B\u0105d\u017a darem dla \u015bwiata \u201eorganizowany przez Stowarzyszenie Polskich Klub\u00f3w Rotary \u2013 etap klubowy. Do etapu okr\u0119gowego zakwalifikowano zesp\u00f3\u0142\u00a0 reprezentuj\u0105cy Gimnazjum Nr 7 z Oddzia\u0142ami Integracyjnymi im. Polskich Noblist\u00f3w w Zamo\u015bciu, przygotowany przez pani\u0105 Ma\u0142gorzat\u0119 Zachajczuk. Temat prezentacji \u2013 Polio Plus \u2013 najwi\u0119ksz\u0105 dum\u0105 Rotarian.<\/p>\n","protected":false},"author":1,"featured_media":7445,"comment_status":"open","ping_status":"open","sticky":false,"template":"","format":"standard","meta":{"footnotes":""},"categories":[26],"tags":[],"class_list":["post-7444","post","type-post","status-publish","format-standard","has-post-thumbnail","hentry","category-26"],"rttpg_featured_image_url":{"full":["https:\/\/rotary.zamosc.pl\/wp-content\/uploads\/2026\/03\/Badz-darem-dla-swiata-\u2013-styczen-2016-1.jpg",960,640,false],"landscape":["https:\/\/rotary.zamosc.pl\/wp-content\/uploads\/2026\/03\/Badz-darem-dla-swiata-\u2013-styczen-2016-1.jpg",960,640,false],"portraits":["https:\/\/rotary.zamosc.pl\/wp-content\/uploads\/2026\/03\/Badz-darem-dla-swiata-\u2013-styczen-2016-1.jpg",960,640,false],"thumbnail":["https:\/\/rotary.zamosc.pl\/wp-content\/uploads\/2026\/03\/Badz-darem-dla-swiata-\u2013-styczen-2016-1-150x150.jpg",150,150,true],"medium":["https:\/\/rotary.zamosc.pl\/wp-content\/uploads\/2026\/03\/Badz-darem-dla-swiata-\u2013-styczen-2016-1-300x200.jpg",300,200,true],"large":["https:\/\/rotary.zamosc.pl\/wp-content\/uploads\/2026\/03\/Badz-darem-dla-swiata-\u2013-styczen-2016-1-700x467.jpg",700,467,true],"1536x1536":["https:\/\/rotary.zamosc.pl\/wp-content\/uploads\/2026\/03\/Badz-darem-dla-swiata-\u2013-styczen-2016-1.jpg",960,640,false],"2048x2048":["https:\/\/rotary.zamosc.pl\/wp-content\/uploads\/2026\/03\/Badz-darem-dla-swiata-\u2013-styczen-2016-1.jpg",960,640,false],"post-thumbnail":["https:\/\/rotary.zamosc.pl\/wp-content\/uploads\/2026\/03\/Badz-darem-dla-swiata-\u2013-styczen-2016-1-800x533.jpg",800,533,true],"graphy-post-thumbnail-large":["https:\/\/rotary.zamosc.pl\/wp-content\/uploads\/2026\/03\/Badz-darem-dla-swiata-\u2013-styczen-2016-1-960x600.jpg",960,600,true],"graphy-post-thumbnail-medium":["https:\/\/rotary.zamosc.pl\/wp-content\/uploads\/2026\/03\/Badz-darem-dla-swiata-\u2013-styczen-2016-1-482x300.jpg",482,300,true],"graphy-post-thumbnail-small":["https:\/\/rotary.zamosc.pl\/wp-content\/uploads\/2026\/03\/Badz-darem-dla-swiata-\u2013-styczen-2016-1-80x60.jpg",80,60,true],"graphy-page-thumbnail":["https:\/\/rotary.zamosc.pl\/wp-content\/uploads\/2026\/03\/Badz-darem-dla-swiata-\u2013-styczen-2016-1-960x350.jpg",960,350,true],"sow-carousel-default":["https:\/\/rotary.zamosc.pl\/wp-content\/uploads\/2026\/03\/Badz-darem-dla-swiata-\u2013-styczen-2016-1-272x182.jpg",272,182,true]},"rttpg_author":{"display_name":"rotaryzamosc","author_link":"https:\/\/rotary.zamosc.pl\/index.php\/author\/rotaryzamosc\/"},"rttpg_comment":0,"rttpg_category":"<a href=\"https:\/\/rotary.zamosc.pl\/index.php\/category\/2016\/\" rel=\"category tag\">2016<\/a>","rttpg_excerpt":"Konkurs krasom\u00f3wczy \u201d B\u0105d\u017a darem dla \u015bwiata \u201eorganizowany przez Stowarzyszenie Polskich Klub\u00f3w Rotary \u2013 etap klubowy. Do etapu okr\u0119gowego zakwalifikowano zesp\u00f3\u0142\u00a0 reprezentuj\u0105cy Gimnazjum Nr 7 z Oddzia\u0142ami Integracyjnymi im. Polskich Noblist\u00f3w w Zamo\u015bciu, przygotowany przez pani\u0105 Ma\u0142gorzat\u0119 Zachajczuk. Temat prezentacji \u2013 Polio Plus \u2013 najwi\u0119ksz\u0105 dum\u0105 Rotarian.","_links":{"self":[{"href":"https:\/\/rotary.zamosc.pl\/index.php\/wp-json\/wp\/v2\/posts\/7444","targetHints":{"allow":["GET"]}}],"collection":[{"href":"https:\/\/rotary.zamosc.pl\/index.php\/wp-json\/wp\/v2\/posts"}],"about":[{"href":"https:\/\/rotary.zamosc.pl\/index.php\/wp-json\/wp\/v2\/types\/post"}],"author":[{"embeddable":true,"href":"https:\/\/rotary.zamosc.pl\/index.php\/wp-json\/wp\/v2\/users\/1"}],"replies":[{"embeddable":true,"href":"https:\/\/rotary.zamosc.pl\/index.php\/wp-json\/wp\/v2\/comments?post=7444"}],"version-history":[{"count":1,"href":"https:\/\/rotary.zamosc.pl\/index.php\/wp-json\/wp\/v2\/posts\/7444\/revisions"}],"predecessor-version":[{"id":7449,"href":"https:\/\/rotary.zamosc.pl\/index.php\/wp-json\/wp\/v2\/posts\/7444\/revisions\/7449"}],"wp:featuredmedia":[{"embeddable":true,"href":"https:\/\/rotary.zamosc.pl\/index.php\/wp-json\/wp\/v2\/media\/7445"}],"wp:attachment":[{"href":"https:\/\/rotary.zamosc.pl\/index.php\/wp-json\/wp\/v2\/media?parent=7444"}],"wp:term":[{"taxonomy":"category","embeddable":true,"href":"https:\/\/rotary.zamosc.pl\/index.php\/wp-json\/wp\/v2\/categories?post=7444"},{"taxonomy":"post_tag","embeddable":true,"href":"https:\/\/rotary.zamosc.pl\/index.php\/wp-json\/wp\/v2\/tags?post=7444"}],"curies":[{"name":"wp","href":"https:\/\/api.w.org\/{rel}","templated":true}]}}