{"id":7450,"date":"2016-01-26T10:32:00","date_gmt":"2016-01-26T09:32:00","guid":{"rendered":"https:\/\/rotary.zamosc.pl\/?p=7450"},"modified":"2026-03-25T10:33:59","modified_gmt":"2026-03-25T09:33:59","slug":"konferencja-p-t-szczepienia-ochronne-w-profilaktyce-zdrowotnej","status":"publish","type":"post","link":"https:\/\/rotary.zamosc.pl\/index.php\/2016\/01\/26\/konferencja-p-t-szczepienia-ochronne-w-profilaktyce-zdrowotnej\/","title":{"rendered":"Konferencja p.t.\u201dSzczepienia Ochronne W Profilaktyce Zdrowotnej\u201d"},"content":{"rendered":"\n<p class=\"wp-block-paragraph\">W dniu 26.01.2016r. w Centrum Kultury Filmowej \u201eStylowy\u201d w Zamo\u015bciu odby\u0142a si\u0119 konferencja p.t.\u201dSzczepienia Ochronne W Profilaktyce Zdrowotnej\u201d zorganizowana pod patronatem: Prezydent Miasta Zamo\u015b\u0107, Urz\u0105d Miasta Zamo\u015b\u0107, Stacj\u0119 Sanitarno-Epidemiologiczn\u0105 w Zamo\u015bciu oraz Zamojski Klub Rotaria\u0144ski. Audytorium stanowili uczniowie klas maturalnych o profilu biologicznym Zamojskich Lice\u00f3w. Celem konferencji by\u0142a popularyzacja szczepie\u0144 ochronnych z przedstawieniem korzy\u015bci oraz potencjalnych zagro\u017ce\u0144. <\/p>\n\n\n\n<p class=\"wp-block-paragraph\">W programie opr\u00f3cz wiod\u0105cego referatu Dr. Paw\u0142a Grzesiowskiego\u201d szczepienia ochronne- fakty i mity\u201d znalaz\u0142o sie wystapienie El\u017cbiety Szyma\u0144skiej \u2013 Przewodnicz\u0105cej Komitetu d\/s Polio Zamojskiego Klubu Rotarianskiego : \u201ePolio Plus \u2013 najwi\u0119ksz\u0105 dum\u0105 Rotarian\u201d, oraz Jerzego Liberadzkiego \u2013 Prezydenta RC Zamo\u015b\u0107 omawiaj\u0105cego aspekty szczepie\u0144 przeciwko wirusowi brodawczaka ludzkiego powoduj\u0105cego raka szyjki macicy.<\/p>\n\n\n\n<figure class=\"wp-block-gallery has-nested-images columns-1 is-cropped wp-block-gallery-1 is-layout-flex wp-block-gallery-is-layout-flex\">\n<figure class=\"wp-block-image size-large\"><img fetchpriority=\"high\" decoding=\"async\" width=\"700\" height=\"467\" data-id=\"7464\" src=\"https:\/\/rotary.zamosc.pl\/wp-content\/uploads\/2026\/03\/Konferencja-p.t.Szczepienia-Ochronne-W-Profilaktyce-Zdrowotnej-26.01-14-700x467.jpg\" alt=\"\" class=\"wp-image-7464\" srcset=\"https:\/\/rotary.zamosc.pl\/wp-content\/uploads\/2026\/03\/Konferencja-p.t.Szczepienia-Ochronne-W-Profilaktyce-Zdrowotnej-26.01-14-700x467.jpg 700w, https:\/\/rotary.zamosc.pl\/wp-content\/uploads\/2026\/03\/Konferencja-p.t.Szczepienia-Ochronne-W-Profilaktyce-Zdrowotnej-26.01-14-300x200.jpg 300w, https:\/\/rotary.zamosc.pl\/wp-content\/uploads\/2026\/03\/Konferencja-p.t.Szczepienia-Ochronne-W-Profilaktyce-Zdrowotnej-26.01-14-768x512.jpg 768w, https:\/\/rotary.zamosc.pl\/wp-content\/uploads\/2026\/03\/Konferencja-p.t.Szczepienia-Ochronne-W-Profilaktyce-Zdrowotnej-26.01-14-800x533.jpg 800w, https:\/\/rotary.zamosc.pl\/wp-content\/uploads\/2026\/03\/Konferencja-p.t.Szczepienia-Ochronne-W-Profilaktyce-Zdrowotnej-26.01-14-272x182.jpg 272w, https:\/\/rotary.zamosc.pl\/wp-content\/uploads\/2026\/03\/Konferencja-p.t.Szczepienia-Ochronne-W-Profilaktyce-Zdrowotnej-26.01-14.jpg 960w\" sizes=\"(max-width: 700px) 100vw, 700px\" \/><\/figure>\n\n\n\n<figure class=\"wp-block-image size-large\"><img decoding=\"async\" width=\"700\" height=\"467\" data-id=\"7463\" src=\"https:\/\/rotary.zamosc.pl\/wp-content\/uploads\/2026\/03\/Konferencja-p.t.Szczepienia-Ochronne-W-Profilaktyce-Zdrowotnej-26.01-13-700x467.jpg\" alt=\"\" class=\"wp-image-7463\" srcset=\"https:\/\/rotary.zamosc.pl\/wp-content\/uploads\/2026\/03\/Konferencja-p.t.Szczepienia-Ochronne-W-Profilaktyce-Zdrowotnej-26.01-13-700x467.jpg 700w, https:\/\/rotary.zamosc.pl\/wp-content\/uploads\/2026\/03\/Konferencja-p.t.Szczepienia-Ochronne-W-Profilaktyce-Zdrowotnej-26.01-13-300x200.jpg 300w, https:\/\/rotary.zamosc.pl\/wp-content\/uploads\/2026\/03\/Konferencja-p.t.Szczepienia-Ochronne-W-Profilaktyce-Zdrowotnej-26.01-13-768x512.jpg 768w, https:\/\/rotary.zamosc.pl\/wp-content\/uploads\/2026\/03\/Konferencja-p.t.Szczepienia-Ochronne-W-Profilaktyce-Zdrowotnej-26.01-13-800x533.jpg 800w, https:\/\/rotary.zamosc.pl\/wp-content\/uploads\/2026\/03\/Konferencja-p.t.Szczepienia-Ochronne-W-Profilaktyce-Zdrowotnej-26.01-13-272x182.jpg 272w, https:\/\/rotary.zamosc.pl\/wp-content\/uploads\/2026\/03\/Konferencja-p.t.Szczepienia-Ochronne-W-Profilaktyce-Zdrowotnej-26.01-13.jpg 960w\" sizes=\"(max-width: 700px) 100vw, 700px\" \/><\/figure>\n\n\n\n<figure class=\"wp-block-image size-large\"><img decoding=\"async\" width=\"700\" height=\"467\" data-id=\"7462\" src=\"https:\/\/rotary.zamosc.pl\/wp-content\/uploads\/2026\/03\/Konferencja-p.t.Szczepienia-Ochronne-W-Profilaktyce-Zdrowotnej-26.01-12-700x467.jpg\" alt=\"\" class=\"wp-image-7462\" srcset=\"https:\/\/rotary.zamosc.pl\/wp-content\/uploads\/2026\/03\/Konferencja-p.t.Szczepienia-Ochronne-W-Profilaktyce-Zdrowotnej-26.01-12-700x467.jpg 700w, https:\/\/rotary.zamosc.pl\/wp-content\/uploads\/2026\/03\/Konferencja-p.t.Szczepienia-Ochronne-W-Profilaktyce-Zdrowotnej-26.01-12-300x200.jpg 300w, https:\/\/rotary.zamosc.pl\/wp-content\/uploads\/2026\/03\/Konferencja-p.t.Szczepienia-Ochronne-W-Profilaktyce-Zdrowotnej-26.01-12-768x512.jpg 768w, https:\/\/rotary.zamosc.pl\/wp-content\/uploads\/2026\/03\/Konferencja-p.t.Szczepienia-Ochronne-W-Profilaktyce-Zdrowotnej-26.01-12-800x533.jpg 800w, https:\/\/rotary.zamosc.pl\/wp-content\/uploads\/2026\/03\/Konferencja-p.t.Szczepienia-Ochronne-W-Profilaktyce-Zdrowotnej-26.01-12-272x182.jpg 272w, https:\/\/rotary.zamosc.pl\/wp-content\/uploads\/2026\/03\/Konferencja-p.t.Szczepienia-Ochronne-W-Profilaktyce-Zdrowotnej-26.01-12.jpg 960w\" sizes=\"(max-width: 700px) 100vw, 700px\" \/><\/figure>\n\n\n\n<figure class=\"wp-block-image size-large\"><img loading=\"lazy\" decoding=\"async\" width=\"700\" height=\"467\" data-id=\"7461\" src=\"https:\/\/rotary.zamosc.pl\/wp-content\/uploads\/2026\/03\/Konferencja-p.t.Szczepienia-Ochronne-W-Profilaktyce-Zdrowotnej-26.01-11-700x467.jpg\" alt=\"\" class=\"wp-image-7461\" srcset=\"https:\/\/rotary.zamosc.pl\/wp-content\/uploads\/2026\/03\/Konferencja-p.t.Szczepienia-Ochronne-W-Profilaktyce-Zdrowotnej-26.01-11-700x467.jpg 700w, https:\/\/rotary.zamosc.pl\/wp-content\/uploads\/2026\/03\/Konferencja-p.t.Szczepienia-Ochronne-W-Profilaktyce-Zdrowotnej-26.01-11-300x200.jpg 300w, https:\/\/rotary.zamosc.pl\/wp-content\/uploads\/2026\/03\/Konferencja-p.t.Szczepienia-Ochronne-W-Profilaktyce-Zdrowotnej-26.01-11-768x512.jpg 768w, https:\/\/rotary.zamosc.pl\/wp-content\/uploads\/2026\/03\/Konferencja-p.t.Szczepienia-Ochronne-W-Profilaktyce-Zdrowotnej-26.01-11-800x533.jpg 800w, https:\/\/rotary.zamosc.pl\/wp-content\/uploads\/2026\/03\/Konferencja-p.t.Szczepienia-Ochronne-W-Profilaktyce-Zdrowotnej-26.01-11-272x182.jpg 272w, https:\/\/rotary.zamosc.pl\/wp-content\/uploads\/2026\/03\/Konferencja-p.t.Szczepienia-Ochronne-W-Profilaktyce-Zdrowotnej-26.01-11.jpg 960w\" sizes=\"(max-width: 700px) 100vw, 700px\" \/><\/figure>\n\n\n\n<figure class=\"wp-block-image size-large\"><img loading=\"lazy\" decoding=\"async\" width=\"700\" height=\"467\" data-id=\"7459\" src=\"https:\/\/rotary.zamosc.pl\/wp-content\/uploads\/2026\/03\/Konferencja-p.t.Szczepienia-Ochronne-W-Profilaktyce-Zdrowotnej-26.01-9-700x467.jpg\" alt=\"\" class=\"wp-image-7459\" srcset=\"https:\/\/rotary.zamosc.pl\/wp-content\/uploads\/2026\/03\/Konferencja-p.t.Szczepienia-Ochronne-W-Profilaktyce-Zdrowotnej-26.01-9-700x467.jpg 700w, https:\/\/rotary.zamosc.pl\/wp-content\/uploads\/2026\/03\/Konferencja-p.t.Szczepienia-Ochronne-W-Profilaktyce-Zdrowotnej-26.01-9-300x200.jpg 300w, https:\/\/rotary.zamosc.pl\/wp-content\/uploads\/2026\/03\/Konferencja-p.t.Szczepienia-Ochronne-W-Profilaktyce-Zdrowotnej-26.01-9-768x512.jpg 768w, https:\/\/rotary.zamosc.pl\/wp-content\/uploads\/2026\/03\/Konferencja-p.t.Szczepienia-Ochronne-W-Profilaktyce-Zdrowotnej-26.01-9-800x533.jpg 800w, https:\/\/rotary.zamosc.pl\/wp-content\/uploads\/2026\/03\/Konferencja-p.t.Szczepienia-Ochronne-W-Profilaktyce-Zdrowotnej-26.01-9-272x182.jpg 272w, https:\/\/rotary.zamosc.pl\/wp-content\/uploads\/2026\/03\/Konferencja-p.t.Szczepienia-Ochronne-W-Profilaktyce-Zdrowotnej-26.01-9.jpg 960w\" sizes=\"(max-width: 700px) 100vw, 700px\" \/><\/figure>\n\n\n\n<figure class=\"wp-block-image size-large\"><img loading=\"lazy\" decoding=\"async\" width=\"700\" height=\"467\" data-id=\"7458\" src=\"https:\/\/rotary.zamosc.pl\/wp-content\/uploads\/2026\/03\/Konferencja-p.t.Szczepienia-Ochronne-W-Profilaktyce-Zdrowotnej-26.01-8-700x467.jpg\" alt=\"\" class=\"wp-image-7458\" srcset=\"https:\/\/rotary.zamosc.pl\/wp-content\/uploads\/2026\/03\/Konferencja-p.t.Szczepienia-Ochronne-W-Profilaktyce-Zdrowotnej-26.01-8-700x467.jpg 700w, https:\/\/rotary.zamosc.pl\/wp-content\/uploads\/2026\/03\/Konferencja-p.t.Szczepienia-Ochronne-W-Profilaktyce-Zdrowotnej-26.01-8-300x200.jpg 300w, https:\/\/rotary.zamosc.pl\/wp-content\/uploads\/2026\/03\/Konferencja-p.t.Szczepienia-Ochronne-W-Profilaktyce-Zdrowotnej-26.01-8-768x512.jpg 768w, https:\/\/rotary.zamosc.pl\/wp-content\/uploads\/2026\/03\/Konferencja-p.t.Szczepienia-Ochronne-W-Profilaktyce-Zdrowotnej-26.01-8-800x533.jpg 800w, https:\/\/rotary.zamosc.pl\/wp-content\/uploads\/2026\/03\/Konferencja-p.t.Szczepienia-Ochronne-W-Profilaktyce-Zdrowotnej-26.01-8-272x182.jpg 272w, https:\/\/rotary.zamosc.pl\/wp-content\/uploads\/2026\/03\/Konferencja-p.t.Szczepienia-Ochronne-W-Profilaktyce-Zdrowotnej-26.01-8.jpg 960w\" sizes=\"(max-width: 700px) 100vw, 700px\" \/><\/figure>\n\n\n\n<figure class=\"wp-block-image size-large\"><img loading=\"lazy\" decoding=\"async\" width=\"700\" height=\"467\" data-id=\"7457\" src=\"https:\/\/rotary.zamosc.pl\/wp-content\/uploads\/2026\/03\/Konferencja-p.t.Szczepienia-Ochronne-W-Profilaktyce-Zdrowotnej-26.01-7-700x467.jpg\" alt=\"\" class=\"wp-image-7457\" srcset=\"https:\/\/rotary.zamosc.pl\/wp-content\/uploads\/2026\/03\/Konferencja-p.t.Szczepienia-Ochronne-W-Profilaktyce-Zdrowotnej-26.01-7-700x467.jpg 700w, https:\/\/rotary.zamosc.pl\/wp-content\/uploads\/2026\/03\/Konferencja-p.t.Szczepienia-Ochronne-W-Profilaktyce-Zdrowotnej-26.01-7-300x200.jpg 300w, https:\/\/rotary.zamosc.pl\/wp-content\/uploads\/2026\/03\/Konferencja-p.t.Szczepienia-Ochronne-W-Profilaktyce-Zdrowotnej-26.01-7-768x512.jpg 768w, https:\/\/rotary.zamosc.pl\/wp-content\/uploads\/2026\/03\/Konferencja-p.t.Szczepienia-Ochronne-W-Profilaktyce-Zdrowotnej-26.01-7-800x533.jpg 800w, https:\/\/rotary.zamosc.pl\/wp-content\/uploads\/2026\/03\/Konferencja-p.t.Szczepienia-Ochronne-W-Profilaktyce-Zdrowotnej-26.01-7-272x182.jpg 272w, https:\/\/rotary.zamosc.pl\/wp-content\/uploads\/2026\/03\/Konferencja-p.t.Szczepienia-Ochronne-W-Profilaktyce-Zdrowotnej-26.01-7.jpg 960w\" sizes=\"(max-width: 700px) 100vw, 700px\" \/><\/figure>\n\n\n\n<figure class=\"wp-block-image size-large\"><img loading=\"lazy\" decoding=\"async\" width=\"700\" height=\"467\" data-id=\"7456\" src=\"https:\/\/rotary.zamosc.pl\/wp-content\/uploads\/2026\/03\/Konferencja-p.t.Szczepienia-Ochronne-W-Profilaktyce-Zdrowotnej-26.01-6-700x467.jpg\" alt=\"\" class=\"wp-image-7456\" srcset=\"https:\/\/rotary.zamosc.pl\/wp-content\/uploads\/2026\/03\/Konferencja-p.t.Szczepienia-Ochronne-W-Profilaktyce-Zdrowotnej-26.01-6-700x467.jpg 700w, https:\/\/rotary.zamosc.pl\/wp-content\/uploads\/2026\/03\/Konferencja-p.t.Szczepienia-Ochronne-W-Profilaktyce-Zdrowotnej-26.01-6-300x200.jpg 300w, https:\/\/rotary.zamosc.pl\/wp-content\/uploads\/2026\/03\/Konferencja-p.t.Szczepienia-Ochronne-W-Profilaktyce-Zdrowotnej-26.01-6-768x512.jpg 768w, https:\/\/rotary.zamosc.pl\/wp-content\/uploads\/2026\/03\/Konferencja-p.t.Szczepienia-Ochronne-W-Profilaktyce-Zdrowotnej-26.01-6-800x533.jpg 800w, https:\/\/rotary.zamosc.pl\/wp-content\/uploads\/2026\/03\/Konferencja-p.t.Szczepienia-Ochronne-W-Profilaktyce-Zdrowotnej-26.01-6-272x182.jpg 272w, https:\/\/rotary.zamosc.pl\/wp-content\/uploads\/2026\/03\/Konferencja-p.t.Szczepienia-Ochronne-W-Profilaktyce-Zdrowotnej-26.01-6.jpg 960w\" sizes=\"(max-width: 700px) 100vw, 700px\" \/><\/figure>\n\n\n\n<figure class=\"wp-block-image size-large\"><img loading=\"lazy\" decoding=\"async\" width=\"700\" height=\"467\" data-id=\"7455\" src=\"https:\/\/rotary.zamosc.pl\/wp-content\/uploads\/2026\/03\/Konferencja-p.t.Szczepienia-Ochronne-W-Profilaktyce-Zdrowotnej-26.01-5-700x467.jpg\" alt=\"\" class=\"wp-image-7455\" srcset=\"https:\/\/rotary.zamosc.pl\/wp-content\/uploads\/2026\/03\/Konferencja-p.t.Szczepienia-Ochronne-W-Profilaktyce-Zdrowotnej-26.01-5-700x467.jpg 700w, https:\/\/rotary.zamosc.pl\/wp-content\/uploads\/2026\/03\/Konferencja-p.t.Szczepienia-Ochronne-W-Profilaktyce-Zdrowotnej-26.01-5-300x200.jpg 300w, https:\/\/rotary.zamosc.pl\/wp-content\/uploads\/2026\/03\/Konferencja-p.t.Szczepienia-Ochronne-W-Profilaktyce-Zdrowotnej-26.01-5-768x512.jpg 768w, https:\/\/rotary.zamosc.pl\/wp-content\/uploads\/2026\/03\/Konferencja-p.t.Szczepienia-Ochronne-W-Profilaktyce-Zdrowotnej-26.01-5-800x533.jpg 800w, https:\/\/rotary.zamosc.pl\/wp-content\/uploads\/2026\/03\/Konferencja-p.t.Szczepienia-Ochronne-W-Profilaktyce-Zdrowotnej-26.01-5-272x182.jpg 272w, https:\/\/rotary.zamosc.pl\/wp-content\/uploads\/2026\/03\/Konferencja-p.t.Szczepienia-Ochronne-W-Profilaktyce-Zdrowotnej-26.01-5.jpg 960w\" sizes=\"(max-width: 700px) 100vw, 700px\" \/><\/figure>\n\n\n\n<figure class=\"wp-block-image size-large\"><img loading=\"lazy\" decoding=\"async\" width=\"700\" height=\"467\" data-id=\"7454\" src=\"https:\/\/rotary.zamosc.pl\/wp-content\/uploads\/2026\/03\/Konferencja-p.t.Szczepienia-Ochronne-W-Profilaktyce-Zdrowotnej-26.01-4-700x467.jpg\" alt=\"\" class=\"wp-image-7454\" srcset=\"https:\/\/rotary.zamosc.pl\/wp-content\/uploads\/2026\/03\/Konferencja-p.t.Szczepienia-Ochronne-W-Profilaktyce-Zdrowotnej-26.01-4-700x467.jpg 700w, https:\/\/rotary.zamosc.pl\/wp-content\/uploads\/2026\/03\/Konferencja-p.t.Szczepienia-Ochronne-W-Profilaktyce-Zdrowotnej-26.01-4-300x200.jpg 300w, https:\/\/rotary.zamosc.pl\/wp-content\/uploads\/2026\/03\/Konferencja-p.t.Szczepienia-Ochronne-W-Profilaktyce-Zdrowotnej-26.01-4-768x512.jpg 768w, https:\/\/rotary.zamosc.pl\/wp-content\/uploads\/2026\/03\/Konferencja-p.t.Szczepienia-Ochronne-W-Profilaktyce-Zdrowotnej-26.01-4-800x533.jpg 800w, https:\/\/rotary.zamosc.pl\/wp-content\/uploads\/2026\/03\/Konferencja-p.t.Szczepienia-Ochronne-W-Profilaktyce-Zdrowotnej-26.01-4-272x182.jpg 272w, https:\/\/rotary.zamosc.pl\/wp-content\/uploads\/2026\/03\/Konferencja-p.t.Szczepienia-Ochronne-W-Profilaktyce-Zdrowotnej-26.01-4.jpg 960w\" sizes=\"(max-width: 700px) 100vw, 700px\" \/><\/figure>\n\n\n\n<figure class=\"wp-block-image size-large\"><img loading=\"lazy\" decoding=\"async\" width=\"700\" height=\"467\" data-id=\"7453\" src=\"https:\/\/rotary.zamosc.pl\/wp-content\/uploads\/2026\/03\/Konferencja-p.t.Szczepienia-Ochronne-W-Profilaktyce-Zdrowotnej-26.01-3-700x467.jpg\" alt=\"\" class=\"wp-image-7453\" srcset=\"https:\/\/rotary.zamosc.pl\/wp-content\/uploads\/2026\/03\/Konferencja-p.t.Szczepienia-Ochronne-W-Profilaktyce-Zdrowotnej-26.01-3-700x467.jpg 700w, https:\/\/rotary.zamosc.pl\/wp-content\/uploads\/2026\/03\/Konferencja-p.t.Szczepienia-Ochronne-W-Profilaktyce-Zdrowotnej-26.01-3-300x200.jpg 300w, https:\/\/rotary.zamosc.pl\/wp-content\/uploads\/2026\/03\/Konferencja-p.t.Szczepienia-Ochronne-W-Profilaktyce-Zdrowotnej-26.01-3-768x512.jpg 768w, https:\/\/rotary.zamosc.pl\/wp-content\/uploads\/2026\/03\/Konferencja-p.t.Szczepienia-Ochronne-W-Profilaktyce-Zdrowotnej-26.01-3-800x533.jpg 800w, https:\/\/rotary.zamosc.pl\/wp-content\/uploads\/2026\/03\/Konferencja-p.t.Szczepienia-Ochronne-W-Profilaktyce-Zdrowotnej-26.01-3-272x182.jpg 272w, https:\/\/rotary.zamosc.pl\/wp-content\/uploads\/2026\/03\/Konferencja-p.t.Szczepienia-Ochronne-W-Profilaktyce-Zdrowotnej-26.01-3.jpg 960w\" sizes=\"(max-width: 700px) 100vw, 700px\" \/><\/figure>\n\n\n\n<figure class=\"wp-block-image size-large\"><img loading=\"lazy\" decoding=\"async\" width=\"700\" height=\"467\" data-id=\"7452\" src=\"https:\/\/rotary.zamosc.pl\/wp-content\/uploads\/2026\/03\/Konferencja-p.t.Szczepienia-Ochronne-W-Profilaktyce-Zdrowotnej-26.01-2-700x467.jpg\" alt=\"\" class=\"wp-image-7452\" srcset=\"https:\/\/rotary.zamosc.pl\/wp-content\/uploads\/2026\/03\/Konferencja-p.t.Szczepienia-Ochronne-W-Profilaktyce-Zdrowotnej-26.01-2-700x467.jpg 700w, https:\/\/rotary.zamosc.pl\/wp-content\/uploads\/2026\/03\/Konferencja-p.t.Szczepienia-Ochronne-W-Profilaktyce-Zdrowotnej-26.01-2-300x200.jpg 300w, https:\/\/rotary.zamosc.pl\/wp-content\/uploads\/2026\/03\/Konferencja-p.t.Szczepienia-Ochronne-W-Profilaktyce-Zdrowotnej-26.01-2-768x512.jpg 768w, https:\/\/rotary.zamosc.pl\/wp-content\/uploads\/2026\/03\/Konferencja-p.t.Szczepienia-Ochronne-W-Profilaktyce-Zdrowotnej-26.01-2-800x533.jpg 800w, https:\/\/rotary.zamosc.pl\/wp-content\/uploads\/2026\/03\/Konferencja-p.t.Szczepienia-Ochronne-W-Profilaktyce-Zdrowotnej-26.01-2-272x182.jpg 272w, https:\/\/rotary.zamosc.pl\/wp-content\/uploads\/2026\/03\/Konferencja-p.t.Szczepienia-Ochronne-W-Profilaktyce-Zdrowotnej-26.01-2.jpg 960w\" sizes=\"(max-width: 700px) 100vw, 700px\" \/><\/figure>\n\n\n\n<figure class=\"wp-block-image size-large\"><img loading=\"lazy\" decoding=\"async\" width=\"700\" height=\"467\" data-id=\"7451\" src=\"https:\/\/rotary.zamosc.pl\/wp-content\/uploads\/2026\/03\/Konferencja-p.t.Szczepienia-Ochronne-W-Profilaktyce-Zdrowotnej-26.01-1-700x467.jpg\" alt=\"\" class=\"wp-image-7451\" srcset=\"https:\/\/rotary.zamosc.pl\/wp-content\/uploads\/2026\/03\/Konferencja-p.t.Szczepienia-Ochronne-W-Profilaktyce-Zdrowotnej-26.01-1-700x467.jpg 700w, https:\/\/rotary.zamosc.pl\/wp-content\/uploads\/2026\/03\/Konferencja-p.t.Szczepienia-Ochronne-W-Profilaktyce-Zdrowotnej-26.01-1-300x200.jpg 300w, https:\/\/rotary.zamosc.pl\/wp-content\/uploads\/2026\/03\/Konferencja-p.t.Szczepienia-Ochronne-W-Profilaktyce-Zdrowotnej-26.01-1-768x512.jpg 768w, https:\/\/rotary.zamosc.pl\/wp-content\/uploads\/2026\/03\/Konferencja-p.t.Szczepienia-Ochronne-W-Profilaktyce-Zdrowotnej-26.01-1-800x533.jpg 800w, https:\/\/rotary.zamosc.pl\/wp-content\/uploads\/2026\/03\/Konferencja-p.t.Szczepienia-Ochronne-W-Profilaktyce-Zdrowotnej-26.01-1-272x182.jpg 272w, https:\/\/rotary.zamosc.pl\/wp-content\/uploads\/2026\/03\/Konferencja-p.t.Szczepienia-Ochronne-W-Profilaktyce-Zdrowotnej-26.01-1.jpg 960w\" sizes=\"(max-width: 700px) 100vw, 700px\" \/><\/figure>\n<\/figure>\n","protected":false},"excerpt":{"rendered":"<p>W dniu 26.01.2016r. w Centrum Kultury Filmowej \u201eStylowy\u201d w Zamo\u015bciu odby\u0142a si\u0119 konferencja p.t.\u201dSzczepienia Ochronne W Profilaktyce Zdrowotnej\u201d zorganizowana pod patronatem: Prezydent Miasta Zamo\u015b\u0107, Urz\u0105d Miasta Zamo\u015b\u0107, Stacj\u0119 Sanitarno-Epidemiologiczn\u0105 w Zamo\u015bciu oraz Zamojski Klub Rotaria\u0144ski. Audytorium stanowili uczniowie klas maturalnych o profilu biologicznym Zamojskich Lice\u00f3w. Celem konferencji by\u0142a popularyzacja szczepie\u0144 ochronnych z przedstawieniem korzy\u015bci oraz&#8230;<\/p>\n","protected":false},"author":1,"featured_media":7460,"comment_status":"open","ping_status":"open","sticky":false,"template":"","format":"standard","meta":{"footnotes":""},"categories":[26],"tags":[],"class_list":["post-7450","post","type-post","status-publish","format-standard","has-post-thumbnail","hentry","category-26"],"rttpg_featured_image_url":{"full":["https:\/\/rotary.zamosc.pl\/wp-content\/uploads\/2026\/03\/Konferencja-p.t.Szczepienia-Ochronne-W-Profilaktyce-Zdrowotnej-26.01-10.jpg",960,640,false],"landscape":["https:\/\/rotary.zamosc.pl\/wp-content\/uploads\/2026\/03\/Konferencja-p.t.Szczepienia-Ochronne-W-Profilaktyce-Zdrowotnej-26.01-10.jpg",960,640,false],"portraits":["https:\/\/rotary.zamosc.pl\/wp-content\/uploads\/2026\/03\/Konferencja-p.t.Szczepienia-Ochronne-W-Profilaktyce-Zdrowotnej-26.01-10.jpg",960,640,false],"thumbnail":["https:\/\/rotary.zamosc.pl\/wp-content\/uploads\/2026\/03\/Konferencja-p.t.Szczepienia-Ochronne-W-Profilaktyce-Zdrowotnej-26.01-10-150x150.jpg",150,150,true],"medium":["https:\/\/rotary.zamosc.pl\/wp-content\/uploads\/2026\/03\/Konferencja-p.t.Szczepienia-Ochronne-W-Profilaktyce-Zdrowotnej-26.01-10-300x200.jpg",300,200,true],"large":["https:\/\/rotary.zamosc.pl\/wp-content\/uploads\/2026\/03\/Konferencja-p.t.Szczepienia-Ochronne-W-Profilaktyce-Zdrowotnej-26.01-10-700x467.jpg",700,467,true],"1536x1536":["https:\/\/rotary.zamosc.pl\/wp-content\/uploads\/2026\/03\/Konferencja-p.t.Szczepienia-Ochronne-W-Profilaktyce-Zdrowotnej-26.01-10.jpg",960,640,false],"2048x2048":["https:\/\/rotary.zamosc.pl\/wp-content\/uploads\/2026\/03\/Konferencja-p.t.Szczepienia-Ochronne-W-Profilaktyce-Zdrowotnej-26.01-10.jpg",960,640,false],"post-thumbnail":["https:\/\/rotary.zamosc.pl\/wp-content\/uploads\/2026\/03\/Konferencja-p.t.Szczepienia-Ochronne-W-Profilaktyce-Zdrowotnej-26.01-10-800x533.jpg",800,533,true],"graphy-post-thumbnail-large":["https:\/\/rotary.zamosc.pl\/wp-content\/uploads\/2026\/03\/Konferencja-p.t.Szczepienia-Ochronne-W-Profilaktyce-Zdrowotnej-26.01-10-960x600.jpg",960,600,true],"graphy-post-thumbnail-medium":["https:\/\/rotary.zamosc.pl\/wp-content\/uploads\/2026\/03\/Konferencja-p.t.Szczepienia-Ochronne-W-Profilaktyce-Zdrowotnej-26.01-10-482x300.jpg",482,300,true],"graphy-post-thumbnail-small":["https:\/\/rotary.zamosc.pl\/wp-content\/uploads\/2026\/03\/Konferencja-p.t.Szczepienia-Ochronne-W-Profilaktyce-Zdrowotnej-26.01-10-80x60.jpg",80,60,true],"graphy-page-thumbnail":["https:\/\/rotary.zamosc.pl\/wp-content\/uploads\/2026\/03\/Konferencja-p.t.Szczepienia-Ochronne-W-Profilaktyce-Zdrowotnej-26.01-10-960x350.jpg",960,350,true],"sow-carousel-default":["https:\/\/rotary.zamosc.pl\/wp-content\/uploads\/2026\/03\/Konferencja-p.t.Szczepienia-Ochronne-W-Profilaktyce-Zdrowotnej-26.01-10-272x182.jpg",272,182,true]},"rttpg_author":{"display_name":"rotaryzamosc","author_link":"https:\/\/rotary.zamosc.pl\/index.php\/author\/rotaryzamosc\/"},"rttpg_comment":0,"rttpg_category":"<a href=\"https:\/\/rotary.zamosc.pl\/index.php\/category\/2016\/\" rel=\"category tag\">2016<\/a>","rttpg_excerpt":"W dniu 26.01.2016r. w Centrum Kultury Filmowej \u201eStylowy\u201d w Zamo\u015bciu odby\u0142a si\u0119 konferencja p.t.\u201dSzczepienia Ochronne W Profilaktyce Zdrowotnej\u201d zorganizowana pod patronatem: Prezydent Miasta Zamo\u015b\u0107, Urz\u0105d Miasta Zamo\u015b\u0107, Stacj\u0119 Sanitarno-Epidemiologiczn\u0105 w Zamo\u015bciu oraz Zamojski Klub Rotaria\u0144ski. Audytorium stanowili uczniowie klas maturalnych o profilu biologicznym Zamojskich Lice\u00f3w. Celem konferencji by\u0142a popularyzacja szczepie\u0144 ochronnych z przedstawieniem korzy\u015bci oraz...","_links":{"self":[{"href":"https:\/\/rotary.zamosc.pl\/index.php\/wp-json\/wp\/v2\/posts\/7450","targetHints":{"allow":["GET"]}}],"collection":[{"href":"https:\/\/rotary.zamosc.pl\/index.php\/wp-json\/wp\/v2\/posts"}],"about":[{"href":"https:\/\/rotary.zamosc.pl\/index.php\/wp-json\/wp\/v2\/types\/post"}],"author":[{"embeddable":true,"href":"https:\/\/rotary.zamosc.pl\/index.php\/wp-json\/wp\/v2\/users\/1"}],"replies":[{"embeddable":true,"href":"https:\/\/rotary.zamosc.pl\/index.php\/wp-json\/wp\/v2\/comments?post=7450"}],"version-history":[{"count":1,"href":"https:\/\/rotary.zamosc.pl\/index.php\/wp-json\/wp\/v2\/posts\/7450\/revisions"}],"predecessor-version":[{"id":7465,"href":"https:\/\/rotary.zamosc.pl\/index.php\/wp-json\/wp\/v2\/posts\/7450\/revisions\/7465"}],"wp:featuredmedia":[{"embeddable":true,"href":"https:\/\/rotary.zamosc.pl\/index.php\/wp-json\/wp\/v2\/media\/7460"}],"wp:attachment":[{"href":"https:\/\/rotary.zamosc.pl\/index.php\/wp-json\/wp\/v2\/media?parent=7450"}],"wp:term":[{"taxonomy":"category","embeddable":true,"href":"https:\/\/rotary.zamosc.pl\/index.php\/wp-json\/wp\/v2\/categories?post=7450"},{"taxonomy":"post_tag","embeddable":true,"href":"https:\/\/rotary.zamosc.pl\/index.php\/wp-json\/wp\/v2\/tags?post=7450"}],"curies":[{"name":"wp","href":"https:\/\/api.w.org\/{rel}","templated":true}]}}