{"id":7466,"date":"2016-01-03T10:34:00","date_gmt":"2016-01-03T09:34:00","guid":{"rendered":"https:\/\/rotary.zamosc.pl\/?p=7466"},"modified":"2026-03-25T10:35:45","modified_gmt":"2026-03-25T09:35:45","slug":"koleda-3-01-2016","status":"publish","type":"post","link":"https:\/\/rotary.zamosc.pl\/index.php\/2016\/01\/03\/koleda-3-01-2016\/","title":{"rendered":"Kol\u0119da 3.01.2016"},"content":{"rendered":"\n<p class=\"wp-block-paragraph\">3 stycznia 2016 roku na Rynku Wielkim w Zamo\u015bciu odby\u0142o si\u0119 Kol\u0119dowanie Zamojskie. Organizatorem imprezy by\u0142 Zamojski Dom Kultury we wsp\u00f3\u0142pracy z Zarz\u0105dem Okr\u0119gowym Polskiego Zwi\u0105zku \u0141owieckiego oraz Muzeum Zamojskim. <\/p>\n\n\n\n<p class=\"wp-block-paragraph\">We wsp\u00f3lnym kol\u0119dowaniu wzi\u0119\u0142o udzia\u0142 16 roz\u015bpiewanych zespo\u0142\u00f3w i solist\u00f3w : Niepubliczne Przedszkole \u201eS\u0142oneczko\u201d, Ala Potarska, Iza Herbin i Bartek G\u00f3ra ze Szk\u00f3\u0142ki Wokalnej Zamojskiego Domu Kultury, Ch\u00f3r \u201eKnieja\u201d Polskiego Zwi\u0105zku \u0141owieckiego, Kresowe Bractwo Motocyklowe \u201eBia\u0142y Kruk\u201d, Prezydent Miasta Zamo\u015b\u0107 Andrzej Wnuk z pracownikami Urz\u0119du Miasta, Maria Adamczyk, Ch\u00f3r \u201eStarsza Paka z Okr\u0105glaka\u201d, 3 Batalion Zmechanizowany, Gra\u017cyna Dani\u0142owicz, Kwartet z Okr\u0105glaka, Ko\u0142o Przewodnik\u00f3w Terenowych PTTK w Zamo\u015bciu, Ch\u00f3r \u201ePasjonata\u201d z Komarowa pod dyrekcj\u0105 Janusza Bogatko, Zamojski Klub Rotaria\u0144ski oraz Zamojski Dom Kultury. <\/p>\n\n\n\n<p class=\"wp-block-paragraph\">Podczas mro\u017anego popo\u0142udnia na Starym Mie\u015bcie w Zamo\u015bciu mo\u017cna by\u0142o, rozgrza\u0107 si\u0119 przy rozpalonych ogniskach wzmocni\u0107 serwowanym przez My\u015bliwych bigosem i us\u0142ysze\u0107 kol\u0119dy i pastora\u0142ki Nasz Klub prowadzony przez trenera Mariana Szewer\u0119 wykona\u0142 3 kol\u0119dy: \u201eMizerna cicha\u201d, \u201eGloria, Gloria\u201d, \u201d Gdy \u015aliczna Panna\u201d,w gor\u0105cym Big- beatowym wydaniu.<\/p>\n\n\n\n<figure class=\"wp-block-gallery has-nested-images columns-1 is-cropped wp-block-gallery-1 is-layout-flex wp-block-gallery-is-layout-flex\">\n<figure class=\"wp-block-image size-large\"><img fetchpriority=\"high\" decoding=\"async\" width=\"642\" height=\"960\" data-id=\"7483\" src=\"https:\/\/rotary.zamosc.pl\/wp-content\/uploads\/2026\/03\/Koleda-3.01-17.jpg\" alt=\"\" class=\"wp-image-7483\" srcset=\"https:\/\/rotary.zamosc.pl\/wp-content\/uploads\/2026\/03\/Koleda-3.01-17.jpg 642w, https:\/\/rotary.zamosc.pl\/wp-content\/uploads\/2026\/03\/Koleda-3.01-17-201x300.jpg 201w\" sizes=\"(max-width: 642px) 100vw, 642px\" \/><\/figure>\n\n\n\n<figure class=\"wp-block-image size-large\"><img decoding=\"async\" width=\"700\" height=\"468\" data-id=\"7481\" src=\"https:\/\/rotary.zamosc.pl\/wp-content\/uploads\/2026\/03\/Koleda-3.01-15-700x468.jpg\" alt=\"\" class=\"wp-image-7481\" srcset=\"https:\/\/rotary.zamosc.pl\/wp-content\/uploads\/2026\/03\/Koleda-3.01-15-700x468.jpg 700w, https:\/\/rotary.zamosc.pl\/wp-content\/uploads\/2026\/03\/Koleda-3.01-15-300x201.jpg 300w, https:\/\/rotary.zamosc.pl\/wp-content\/uploads\/2026\/03\/Koleda-3.01-15-768x514.jpg 768w, https:\/\/rotary.zamosc.pl\/wp-content\/uploads\/2026\/03\/Koleda-3.01-15-800x535.jpg 800w, https:\/\/rotary.zamosc.pl\/wp-content\/uploads\/2026\/03\/Koleda-3.01-15-272x182.jpg 272w, https:\/\/rotary.zamosc.pl\/wp-content\/uploads\/2026\/03\/Koleda-3.01-15.jpg 960w\" sizes=\"(max-width: 700px) 100vw, 700px\" \/><\/figure>\n\n\n\n<figure class=\"wp-block-image size-large\"><img decoding=\"async\" width=\"700\" height=\"468\" data-id=\"7480\" src=\"https:\/\/rotary.zamosc.pl\/wp-content\/uploads\/2026\/03\/Koleda-3.01-14-700x468.jpg\" alt=\"\" class=\"wp-image-7480\" srcset=\"https:\/\/rotary.zamosc.pl\/wp-content\/uploads\/2026\/03\/Koleda-3.01-14-700x468.jpg 700w, https:\/\/rotary.zamosc.pl\/wp-content\/uploads\/2026\/03\/Koleda-3.01-14-300x201.jpg 300w, https:\/\/rotary.zamosc.pl\/wp-content\/uploads\/2026\/03\/Koleda-3.01-14-768x514.jpg 768w, https:\/\/rotary.zamosc.pl\/wp-content\/uploads\/2026\/03\/Koleda-3.01-14-800x535.jpg 800w, https:\/\/rotary.zamosc.pl\/wp-content\/uploads\/2026\/03\/Koleda-3.01-14-272x182.jpg 272w, https:\/\/rotary.zamosc.pl\/wp-content\/uploads\/2026\/03\/Koleda-3.01-14.jpg 960w\" sizes=\"(max-width: 700px) 100vw, 700px\" \/><\/figure>\n\n\n\n<figure class=\"wp-block-image size-large\"><img loading=\"lazy\" decoding=\"async\" width=\"700\" height=\"468\" data-id=\"7479\" src=\"https:\/\/rotary.zamosc.pl\/wp-content\/uploads\/2026\/03\/Koleda-3.01-13-700x468.jpg\" alt=\"\" class=\"wp-image-7479\" srcset=\"https:\/\/rotary.zamosc.pl\/wp-content\/uploads\/2026\/03\/Koleda-3.01-13-700x468.jpg 700w, https:\/\/rotary.zamosc.pl\/wp-content\/uploads\/2026\/03\/Koleda-3.01-13-300x201.jpg 300w, https:\/\/rotary.zamosc.pl\/wp-content\/uploads\/2026\/03\/Koleda-3.01-13-768x514.jpg 768w, https:\/\/rotary.zamosc.pl\/wp-content\/uploads\/2026\/03\/Koleda-3.01-13-800x535.jpg 800w, https:\/\/rotary.zamosc.pl\/wp-content\/uploads\/2026\/03\/Koleda-3.01-13-272x182.jpg 272w, https:\/\/rotary.zamosc.pl\/wp-content\/uploads\/2026\/03\/Koleda-3.01-13.jpg 960w\" sizes=\"(max-width: 700px) 100vw, 700px\" \/><\/figure>\n\n\n\n<figure class=\"wp-block-image size-large\"><img loading=\"lazy\" decoding=\"async\" width=\"642\" height=\"960\" data-id=\"7478\" src=\"https:\/\/rotary.zamosc.pl\/wp-content\/uploads\/2026\/03\/Koleda-3.01-12.jpg\" alt=\"\" class=\"wp-image-7478\" srcset=\"https:\/\/rotary.zamosc.pl\/wp-content\/uploads\/2026\/03\/Koleda-3.01-12.jpg 642w, https:\/\/rotary.zamosc.pl\/wp-content\/uploads\/2026\/03\/Koleda-3.01-12-201x300.jpg 201w\" sizes=\"(max-width: 642px) 100vw, 642px\" \/><\/figure>\n\n\n\n<figure class=\"wp-block-image size-large\"><img loading=\"lazy\" decoding=\"async\" width=\"700\" height=\"468\" data-id=\"7477\" src=\"https:\/\/rotary.zamosc.pl\/wp-content\/uploads\/2026\/03\/Koleda-3.01-11-700x468.jpg\" alt=\"\" class=\"wp-image-7477\" srcset=\"https:\/\/rotary.zamosc.pl\/wp-content\/uploads\/2026\/03\/Koleda-3.01-11-700x468.jpg 700w, https:\/\/rotary.zamosc.pl\/wp-content\/uploads\/2026\/03\/Koleda-3.01-11-300x201.jpg 300w, https:\/\/rotary.zamosc.pl\/wp-content\/uploads\/2026\/03\/Koleda-3.01-11-768x514.jpg 768w, https:\/\/rotary.zamosc.pl\/wp-content\/uploads\/2026\/03\/Koleda-3.01-11-800x535.jpg 800w, https:\/\/rotary.zamosc.pl\/wp-content\/uploads\/2026\/03\/Koleda-3.01-11-272x182.jpg 272w, https:\/\/rotary.zamosc.pl\/wp-content\/uploads\/2026\/03\/Koleda-3.01-11.jpg 960w\" sizes=\"(max-width: 700px) 100vw, 700px\" \/><\/figure>\n\n\n\n<figure class=\"wp-block-image size-large\"><img loading=\"lazy\" decoding=\"async\" width=\"700\" height=\"468\" data-id=\"7476\" src=\"https:\/\/rotary.zamosc.pl\/wp-content\/uploads\/2026\/03\/Koleda-3.01-10-700x468.jpg\" alt=\"\" class=\"wp-image-7476\" srcset=\"https:\/\/rotary.zamosc.pl\/wp-content\/uploads\/2026\/03\/Koleda-3.01-10-700x468.jpg 700w, https:\/\/rotary.zamosc.pl\/wp-content\/uploads\/2026\/03\/Koleda-3.01-10-300x201.jpg 300w, https:\/\/rotary.zamosc.pl\/wp-content\/uploads\/2026\/03\/Koleda-3.01-10-768x514.jpg 768w, https:\/\/rotary.zamosc.pl\/wp-content\/uploads\/2026\/03\/Koleda-3.01-10-800x535.jpg 800w, https:\/\/rotary.zamosc.pl\/wp-content\/uploads\/2026\/03\/Koleda-3.01-10-272x182.jpg 272w, https:\/\/rotary.zamosc.pl\/wp-content\/uploads\/2026\/03\/Koleda-3.01-10.jpg 960w\" sizes=\"(max-width: 700px) 100vw, 700px\" \/><\/figure>\n\n\n\n<figure class=\"wp-block-image size-large\"><img loading=\"lazy\" decoding=\"async\" width=\"700\" height=\"468\" data-id=\"7475\" src=\"https:\/\/rotary.zamosc.pl\/wp-content\/uploads\/2026\/03\/Koleda-3.01-9-700x468.jpg\" alt=\"\" class=\"wp-image-7475\" srcset=\"https:\/\/rotary.zamosc.pl\/wp-content\/uploads\/2026\/03\/Koleda-3.01-9-700x468.jpg 700w, https:\/\/rotary.zamosc.pl\/wp-content\/uploads\/2026\/03\/Koleda-3.01-9-300x201.jpg 300w, https:\/\/rotary.zamosc.pl\/wp-content\/uploads\/2026\/03\/Koleda-3.01-9-768x514.jpg 768w, https:\/\/rotary.zamosc.pl\/wp-content\/uploads\/2026\/03\/Koleda-3.01-9-800x535.jpg 800w, https:\/\/rotary.zamosc.pl\/wp-content\/uploads\/2026\/03\/Koleda-3.01-9-272x182.jpg 272w, https:\/\/rotary.zamosc.pl\/wp-content\/uploads\/2026\/03\/Koleda-3.01-9.jpg 960w\" sizes=\"(max-width: 700px) 100vw, 700px\" \/><\/figure>\n\n\n\n<figure class=\"wp-block-image size-large\"><img loading=\"lazy\" decoding=\"async\" width=\"642\" height=\"960\" data-id=\"7474\" src=\"https:\/\/rotary.zamosc.pl\/wp-content\/uploads\/2026\/03\/Koleda-3.01-8.jpg\" alt=\"\" class=\"wp-image-7474\" srcset=\"https:\/\/rotary.zamosc.pl\/wp-content\/uploads\/2026\/03\/Koleda-3.01-8.jpg 642w, https:\/\/rotary.zamosc.pl\/wp-content\/uploads\/2026\/03\/Koleda-3.01-8-201x300.jpg 201w\" sizes=\"(max-width: 642px) 100vw, 642px\" \/><\/figure>\n\n\n\n<figure class=\"wp-block-image size-large\"><img loading=\"lazy\" decoding=\"async\" width=\"642\" height=\"960\" data-id=\"7473\" src=\"https:\/\/rotary.zamosc.pl\/wp-content\/uploads\/2026\/03\/Koleda-3.01-7.jpg\" alt=\"\" class=\"wp-image-7473\" srcset=\"https:\/\/rotary.zamosc.pl\/wp-content\/uploads\/2026\/03\/Koleda-3.01-7.jpg 642w, https:\/\/rotary.zamosc.pl\/wp-content\/uploads\/2026\/03\/Koleda-3.01-7-201x300.jpg 201w\" sizes=\"(max-width: 642px) 100vw, 642px\" \/><\/figure>\n\n\n\n<figure class=\"wp-block-image size-large\"><img loading=\"lazy\" decoding=\"async\" width=\"700\" height=\"468\" data-id=\"7472\" src=\"https:\/\/rotary.zamosc.pl\/wp-content\/uploads\/2026\/03\/Koleda-3.01-6-700x468.jpg\" alt=\"\" class=\"wp-image-7472\" srcset=\"https:\/\/rotary.zamosc.pl\/wp-content\/uploads\/2026\/03\/Koleda-3.01-6-700x468.jpg 700w, https:\/\/rotary.zamosc.pl\/wp-content\/uploads\/2026\/03\/Koleda-3.01-6-300x201.jpg 300w, https:\/\/rotary.zamosc.pl\/wp-content\/uploads\/2026\/03\/Koleda-3.01-6-768x514.jpg 768w, https:\/\/rotary.zamosc.pl\/wp-content\/uploads\/2026\/03\/Koleda-3.01-6-800x535.jpg 800w, https:\/\/rotary.zamosc.pl\/wp-content\/uploads\/2026\/03\/Koleda-3.01-6-272x182.jpg 272w, https:\/\/rotary.zamosc.pl\/wp-content\/uploads\/2026\/03\/Koleda-3.01-6.jpg 960w\" sizes=\"(max-width: 700px) 100vw, 700px\" \/><\/figure>\n\n\n\n<figure class=\"wp-block-image size-large\"><img loading=\"lazy\" decoding=\"async\" width=\"700\" height=\"468\" data-id=\"7471\" src=\"https:\/\/rotary.zamosc.pl\/wp-content\/uploads\/2026\/03\/Koleda-3.01-5-700x468.jpg\" alt=\"\" class=\"wp-image-7471\" srcset=\"https:\/\/rotary.zamosc.pl\/wp-content\/uploads\/2026\/03\/Koleda-3.01-5-700x468.jpg 700w, https:\/\/rotary.zamosc.pl\/wp-content\/uploads\/2026\/03\/Koleda-3.01-5-300x201.jpg 300w, https:\/\/rotary.zamosc.pl\/wp-content\/uploads\/2026\/03\/Koleda-3.01-5-768x514.jpg 768w, https:\/\/rotary.zamosc.pl\/wp-content\/uploads\/2026\/03\/Koleda-3.01-5-800x535.jpg 800w, https:\/\/rotary.zamosc.pl\/wp-content\/uploads\/2026\/03\/Koleda-3.01-5-272x182.jpg 272w, https:\/\/rotary.zamosc.pl\/wp-content\/uploads\/2026\/03\/Koleda-3.01-5.jpg 960w\" sizes=\"(max-width: 700px) 100vw, 700px\" \/><\/figure>\n\n\n\n<figure class=\"wp-block-image size-large\"><img loading=\"lazy\" decoding=\"async\" width=\"642\" height=\"960\" data-id=\"7470\" src=\"https:\/\/rotary.zamosc.pl\/wp-content\/uploads\/2026\/03\/Koleda-3.01-4.jpg\" alt=\"\" class=\"wp-image-7470\" srcset=\"https:\/\/rotary.zamosc.pl\/wp-content\/uploads\/2026\/03\/Koleda-3.01-4.jpg 642w, https:\/\/rotary.zamosc.pl\/wp-content\/uploads\/2026\/03\/Koleda-3.01-4-201x300.jpg 201w\" sizes=\"(max-width: 642px) 100vw, 642px\" \/><\/figure>\n\n\n\n<figure class=\"wp-block-image size-large\"><img loading=\"lazy\" decoding=\"async\" width=\"700\" height=\"468\" data-id=\"7469\" src=\"https:\/\/rotary.zamosc.pl\/wp-content\/uploads\/2026\/03\/Koleda-3.01-3-700x468.jpg\" alt=\"\" class=\"wp-image-7469\" srcset=\"https:\/\/rotary.zamosc.pl\/wp-content\/uploads\/2026\/03\/Koleda-3.01-3-700x468.jpg 700w, https:\/\/rotary.zamosc.pl\/wp-content\/uploads\/2026\/03\/Koleda-3.01-3-300x201.jpg 300w, https:\/\/rotary.zamosc.pl\/wp-content\/uploads\/2026\/03\/Koleda-3.01-3-768x514.jpg 768w, https:\/\/rotary.zamosc.pl\/wp-content\/uploads\/2026\/03\/Koleda-3.01-3-800x535.jpg 800w, https:\/\/rotary.zamosc.pl\/wp-content\/uploads\/2026\/03\/Koleda-3.01-3-272x182.jpg 272w, https:\/\/rotary.zamosc.pl\/wp-content\/uploads\/2026\/03\/Koleda-3.01-3.jpg 960w\" sizes=\"(max-width: 700px) 100vw, 700px\" \/><\/figure>\n\n\n\n<figure class=\"wp-block-image size-large\"><img loading=\"lazy\" decoding=\"async\" width=\"642\" height=\"960\" data-id=\"7468\" src=\"https:\/\/rotary.zamosc.pl\/wp-content\/uploads\/2026\/03\/Koleda-3.01-2.jpg\" alt=\"\" class=\"wp-image-7468\" srcset=\"https:\/\/rotary.zamosc.pl\/wp-content\/uploads\/2026\/03\/Koleda-3.01-2.jpg 642w, https:\/\/rotary.zamosc.pl\/wp-content\/uploads\/2026\/03\/Koleda-3.01-2-201x300.jpg 201w\" sizes=\"(max-width: 642px) 100vw, 642px\" \/><\/figure>\n\n\n\n<figure class=\"wp-block-image size-large\"><img loading=\"lazy\" decoding=\"async\" width=\"642\" height=\"960\" data-id=\"7467\" src=\"https:\/\/rotary.zamosc.pl\/wp-content\/uploads\/2026\/03\/Koleda-3.01-1.jpg\" alt=\"\" class=\"wp-image-7467\" srcset=\"https:\/\/rotary.zamosc.pl\/wp-content\/uploads\/2026\/03\/Koleda-3.01-1.jpg 642w, https:\/\/rotary.zamosc.pl\/wp-content\/uploads\/2026\/03\/Koleda-3.01-1-201x300.jpg 201w\" sizes=\"(max-width: 642px) 100vw, 642px\" \/><\/figure>\n<\/figure>\n","protected":false},"excerpt":{"rendered":"<p>3 stycznia 2016 roku na Rynku Wielkim w Zamo\u015bciu odby\u0142o si\u0119 Kol\u0119dowanie Zamojskie. Organizatorem imprezy by\u0142 Zamojski Dom Kultury we wsp\u00f3\u0142pracy z Zarz\u0105dem Okr\u0119gowym Polskiego Zwi\u0105zku \u0141owieckiego oraz Muzeum Zamojskim. We wsp\u00f3lnym kol\u0119dowaniu wzi\u0119\u0142o udzia\u0142 16 roz\u015bpiewanych zespo\u0142\u00f3w i solist\u00f3w : Niepubliczne Przedszkole \u201eS\u0142oneczko\u201d, Ala Potarska, Iza Herbin i Bartek G\u00f3ra ze Szk\u00f3\u0142ki Wokalnej Zamojskiego&#8230;<\/p>\n","protected":false},"author":1,"featured_media":7481,"comment_status":"open","ping_status":"open","sticky":false,"template":"","format":"standard","meta":{"footnotes":""},"categories":[26],"tags":[],"class_list":["post-7466","post","type-post","status-publish","format-standard","has-post-thumbnail","hentry","category-26"],"rttpg_featured_image_url":{"full":["https:\/\/rotary.zamosc.pl\/wp-content\/uploads\/2026\/03\/Koleda-3.01-15.jpg",960,642,false],"landscape":["https:\/\/rotary.zamosc.pl\/wp-content\/uploads\/2026\/03\/Koleda-3.01-15.jpg",960,642,false],"portraits":["https:\/\/rotary.zamosc.pl\/wp-content\/uploads\/2026\/03\/Koleda-3.01-15.jpg",960,642,false],"thumbnail":["https:\/\/rotary.zamosc.pl\/wp-content\/uploads\/2026\/03\/Koleda-3.01-15-150x150.jpg",150,150,true],"medium":["https:\/\/rotary.zamosc.pl\/wp-content\/uploads\/2026\/03\/Koleda-3.01-15-300x201.jpg",300,201,true],"large":["https:\/\/rotary.zamosc.pl\/wp-content\/uploads\/2026\/03\/Koleda-3.01-15-700x468.jpg",700,468,true],"1536x1536":["https:\/\/rotary.zamosc.pl\/wp-content\/uploads\/2026\/03\/Koleda-3.01-15.jpg",960,642,false],"2048x2048":["https:\/\/rotary.zamosc.pl\/wp-content\/uploads\/2026\/03\/Koleda-3.01-15.jpg",960,642,false],"post-thumbnail":["https:\/\/rotary.zamosc.pl\/wp-content\/uploads\/2026\/03\/Koleda-3.01-15-800x535.jpg",800,535,true],"graphy-post-thumbnail-large":["https:\/\/rotary.zamosc.pl\/wp-content\/uploads\/2026\/03\/Koleda-3.01-15-960x600.jpg",960,600,true],"graphy-post-thumbnail-medium":["https:\/\/rotary.zamosc.pl\/wp-content\/uploads\/2026\/03\/Koleda-3.01-15-482x300.jpg",482,300,true],"graphy-post-thumbnail-small":["https:\/\/rotary.zamosc.pl\/wp-content\/uploads\/2026\/03\/Koleda-3.01-15-80x60.jpg",80,60,true],"graphy-page-thumbnail":["https:\/\/rotary.zamosc.pl\/wp-content\/uploads\/2026\/03\/Koleda-3.01-15-960x350.jpg",960,350,true],"sow-carousel-default":["https:\/\/rotary.zamosc.pl\/wp-content\/uploads\/2026\/03\/Koleda-3.01-15-272x182.jpg",272,182,true]},"rttpg_author":{"display_name":"rotaryzamosc","author_link":"https:\/\/rotary.zamosc.pl\/index.php\/author\/rotaryzamosc\/"},"rttpg_comment":0,"rttpg_category":"<a href=\"https:\/\/rotary.zamosc.pl\/index.php\/category\/2016\/\" rel=\"category tag\">2016<\/a>","rttpg_excerpt":"3 stycznia 2016 roku na Rynku Wielkim w Zamo\u015bciu odby\u0142o si\u0119 Kol\u0119dowanie Zamojskie. Organizatorem imprezy by\u0142 Zamojski Dom Kultury we wsp\u00f3\u0142pracy z Zarz\u0105dem Okr\u0119gowym Polskiego Zwi\u0105zku \u0141owieckiego oraz Muzeum Zamojskim. We wsp\u00f3lnym kol\u0119dowaniu wzi\u0119\u0142o udzia\u0142 16 roz\u015bpiewanych zespo\u0142\u00f3w i solist\u00f3w : Niepubliczne Przedszkole \u201eS\u0142oneczko\u201d, Ala Potarska, Iza Herbin i Bartek G\u00f3ra ze Szk\u00f3\u0142ki Wokalnej Zamojskiego...","_links":{"self":[{"href":"https:\/\/rotary.zamosc.pl\/index.php\/wp-json\/wp\/v2\/posts\/7466","targetHints":{"allow":["GET"]}}],"collection":[{"href":"https:\/\/rotary.zamosc.pl\/index.php\/wp-json\/wp\/v2\/posts"}],"about":[{"href":"https:\/\/rotary.zamosc.pl\/index.php\/wp-json\/wp\/v2\/types\/post"}],"author":[{"embeddable":true,"href":"https:\/\/rotary.zamosc.pl\/index.php\/wp-json\/wp\/v2\/users\/1"}],"replies":[{"embeddable":true,"href":"https:\/\/rotary.zamosc.pl\/index.php\/wp-json\/wp\/v2\/comments?post=7466"}],"version-history":[{"count":1,"href":"https:\/\/rotary.zamosc.pl\/index.php\/wp-json\/wp\/v2\/posts\/7466\/revisions"}],"predecessor-version":[{"id":7484,"href":"https:\/\/rotary.zamosc.pl\/index.php\/wp-json\/wp\/v2\/posts\/7466\/revisions\/7484"}],"wp:featuredmedia":[{"embeddable":true,"href":"https:\/\/rotary.zamosc.pl\/index.php\/wp-json\/wp\/v2\/media\/7481"}],"wp:attachment":[{"href":"https:\/\/rotary.zamosc.pl\/index.php\/wp-json\/wp\/v2\/media?parent=7466"}],"wp:term":[{"taxonomy":"category","embeddable":true,"href":"https:\/\/rotary.zamosc.pl\/index.php\/wp-json\/wp\/v2\/categories?post=7466"},{"taxonomy":"post_tag","embeddable":true,"href":"https:\/\/rotary.zamosc.pl\/index.php\/wp-json\/wp\/v2\/tags?post=7466"}],"curies":[{"name":"wp","href":"https:\/\/api.w.org\/{rel}","templated":true}]}}