{"id":7506,"date":"2015-12-05T11:11:00","date_gmt":"2015-12-05T10:11:00","guid":{"rendered":"https:\/\/rotary.zamosc.pl\/?p=7506"},"modified":"2026-03-25T11:13:10","modified_gmt":"2026-03-25T10:13:10","slug":"dla-choinki-2015","status":"publish","type":"post","link":"https:\/\/rotary.zamosc.pl\/index.php\/2015\/12\/05\/dla-choinki-2015\/","title":{"rendered":"Dla Choinki 2015"},"content":{"rendered":"\n<p class=\"wp-block-paragraph\">\u2026ju\u017c 5 raz spotkali\u015bmy si\u0119 na Piaskowni w Mokrem pod Zamo\u015bciem by zmaga\u0107 si\u0119 z pieknie przygotowanym terenem, w tym roku ca\u0142o\u015b\u0107 dochodu uzbieranego podczas\u201d Choinki\u201d przeznaczona b\u0119dzie dla dzieciak\u00f3w z Domu Dziecka w Zamo\u015bciu. Organizatorem tegorocznej Choinki by\u0142: <a href=\"http:\/\/zamosc4x4.pl\/\"><strong><em>www.zamo\u015b\u01074\u00d74.pl<\/em><\/strong><\/a>, <a href=\"http:\/\/low-range.pl\/\"><strong><em>Low Range 4\u00d74 Team<\/em><\/strong><\/a>, <a href=\"http:\/\/drzewiasty.pl\/\"><strong><em>Drzewiasty.pl<\/em><\/strong><\/a> Jednym ze sponsor\u00f3w wydarzenia by\u0142 Rotary Club Zamo\u015b\u0107. \u201eChoinka\u201d z aut 4\u00d74 utworzona na Starym Mie\u015bcie w Zamo\u015bciu zako\u0144czy\u0142a tegoroczn\u0105 edycje w kt\u00f3rej ponad setka auta bra\u0142a udzia\u0142\u2026\u2026DO ZOBACZENIA ZA ROK<\/p>\n\n\n\n<figure class=\"wp-block-gallery has-nested-images columns-1 is-cropped wp-block-gallery-1 is-layout-flex wp-block-gallery-is-layout-flex\">\n<figure class=\"wp-block-image size-large\"><img fetchpriority=\"high\" decoding=\"async\" width=\"642\" height=\"960\" data-id=\"7515\" src=\"https:\/\/rotary.zamosc.pl\/wp-content\/uploads\/2026\/03\/Dla-Choinki-2015-9.jpg\" alt=\"\" class=\"wp-image-7515\" srcset=\"https:\/\/rotary.zamosc.pl\/wp-content\/uploads\/2026\/03\/Dla-Choinki-2015-9.jpg 642w, https:\/\/rotary.zamosc.pl\/wp-content\/uploads\/2026\/03\/Dla-Choinki-2015-9-201x300.jpg 201w\" sizes=\"(max-width: 642px) 100vw, 642px\" \/><\/figure>\n\n\n\n<figure class=\"wp-block-image size-large\"><img decoding=\"async\" width=\"700\" height=\"468\" data-id=\"7514\" src=\"https:\/\/rotary.zamosc.pl\/wp-content\/uploads\/2026\/03\/Dla-Choinki-2015-8-700x468.jpg\" alt=\"\" class=\"wp-image-7514\" srcset=\"https:\/\/rotary.zamosc.pl\/wp-content\/uploads\/2026\/03\/Dla-Choinki-2015-8-700x468.jpg 700w, https:\/\/rotary.zamosc.pl\/wp-content\/uploads\/2026\/03\/Dla-Choinki-2015-8-300x201.jpg 300w, https:\/\/rotary.zamosc.pl\/wp-content\/uploads\/2026\/03\/Dla-Choinki-2015-8-768x513.jpg 768w, https:\/\/rotary.zamosc.pl\/wp-content\/uploads\/2026\/03\/Dla-Choinki-2015-8-800x535.jpg 800w, https:\/\/rotary.zamosc.pl\/wp-content\/uploads\/2026\/03\/Dla-Choinki-2015-8-272x182.jpg 272w, https:\/\/rotary.zamosc.pl\/wp-content\/uploads\/2026\/03\/Dla-Choinki-2015-8.jpg 1200w\" sizes=\"(max-width: 700px) 100vw, 700px\" \/><\/figure>\n\n\n\n<figure class=\"wp-block-image size-large\"><img decoding=\"async\" width=\"700\" height=\"468\" data-id=\"7513\" src=\"https:\/\/rotary.zamosc.pl\/wp-content\/uploads\/2026\/03\/Dla-Choinki-2015-7-700x468.jpg\" alt=\"\" class=\"wp-image-7513\" srcset=\"https:\/\/rotary.zamosc.pl\/wp-content\/uploads\/2026\/03\/Dla-Choinki-2015-7-700x468.jpg 700w, https:\/\/rotary.zamosc.pl\/wp-content\/uploads\/2026\/03\/Dla-Choinki-2015-7-300x201.jpg 300w, https:\/\/rotary.zamosc.pl\/wp-content\/uploads\/2026\/03\/Dla-Choinki-2015-7-768x513.jpg 768w, https:\/\/rotary.zamosc.pl\/wp-content\/uploads\/2026\/03\/Dla-Choinki-2015-7-800x535.jpg 800w, https:\/\/rotary.zamosc.pl\/wp-content\/uploads\/2026\/03\/Dla-Choinki-2015-7-272x182.jpg 272w, https:\/\/rotary.zamosc.pl\/wp-content\/uploads\/2026\/03\/Dla-Choinki-2015-7.jpg 1200w\" sizes=\"(max-width: 700px) 100vw, 700px\" \/><\/figure>\n\n\n\n<figure class=\"wp-block-image size-large\"><img loading=\"lazy\" decoding=\"async\" width=\"700\" height=\"468\" data-id=\"7512\" src=\"https:\/\/rotary.zamosc.pl\/wp-content\/uploads\/2026\/03\/Dla-Choinki-2015-6-700x468.jpg\" alt=\"\" class=\"wp-image-7512\" srcset=\"https:\/\/rotary.zamosc.pl\/wp-content\/uploads\/2026\/03\/Dla-Choinki-2015-6-700x468.jpg 700w, https:\/\/rotary.zamosc.pl\/wp-content\/uploads\/2026\/03\/Dla-Choinki-2015-6-300x201.jpg 300w, https:\/\/rotary.zamosc.pl\/wp-content\/uploads\/2026\/03\/Dla-Choinki-2015-6-768x513.jpg 768w, https:\/\/rotary.zamosc.pl\/wp-content\/uploads\/2026\/03\/Dla-Choinki-2015-6-800x535.jpg 800w, https:\/\/rotary.zamosc.pl\/wp-content\/uploads\/2026\/03\/Dla-Choinki-2015-6-272x182.jpg 272w, https:\/\/rotary.zamosc.pl\/wp-content\/uploads\/2026\/03\/Dla-Choinki-2015-6.jpg 1200w\" sizes=\"(max-width: 700px) 100vw, 700px\" \/><\/figure>\n\n\n\n<figure class=\"wp-block-image size-large\"><img loading=\"lazy\" decoding=\"async\" width=\"700\" height=\"468\" data-id=\"7511\" src=\"https:\/\/rotary.zamosc.pl\/wp-content\/uploads\/2026\/03\/Dla-Choinki-2015-5-700x468.jpg\" alt=\"\" class=\"wp-image-7511\" srcset=\"https:\/\/rotary.zamosc.pl\/wp-content\/uploads\/2026\/03\/Dla-Choinki-2015-5-700x468.jpg 700w, https:\/\/rotary.zamosc.pl\/wp-content\/uploads\/2026\/03\/Dla-Choinki-2015-5-300x201.jpg 300w, https:\/\/rotary.zamosc.pl\/wp-content\/uploads\/2026\/03\/Dla-Choinki-2015-5-768x513.jpg 768w, https:\/\/rotary.zamosc.pl\/wp-content\/uploads\/2026\/03\/Dla-Choinki-2015-5-800x535.jpg 800w, https:\/\/rotary.zamosc.pl\/wp-content\/uploads\/2026\/03\/Dla-Choinki-2015-5-272x182.jpg 272w, https:\/\/rotary.zamosc.pl\/wp-content\/uploads\/2026\/03\/Dla-Choinki-2015-5.jpg 1200w\" sizes=\"(max-width: 700px) 100vw, 700px\" \/><\/figure>\n\n\n\n<figure class=\"wp-block-image size-large\"><img loading=\"lazy\" decoding=\"async\" width=\"700\" height=\"468\" data-id=\"7510\" src=\"https:\/\/rotary.zamosc.pl\/wp-content\/uploads\/2026\/03\/Dla-Choinki-2015-4-700x468.jpg\" alt=\"\" class=\"wp-image-7510\" srcset=\"https:\/\/rotary.zamosc.pl\/wp-content\/uploads\/2026\/03\/Dla-Choinki-2015-4-700x468.jpg 700w, https:\/\/rotary.zamosc.pl\/wp-content\/uploads\/2026\/03\/Dla-Choinki-2015-4-300x201.jpg 300w, https:\/\/rotary.zamosc.pl\/wp-content\/uploads\/2026\/03\/Dla-Choinki-2015-4-768x513.jpg 768w, https:\/\/rotary.zamosc.pl\/wp-content\/uploads\/2026\/03\/Dla-Choinki-2015-4-800x535.jpg 800w, https:\/\/rotary.zamosc.pl\/wp-content\/uploads\/2026\/03\/Dla-Choinki-2015-4-272x182.jpg 272w, https:\/\/rotary.zamosc.pl\/wp-content\/uploads\/2026\/03\/Dla-Choinki-2015-4.jpg 1200w\" sizes=\"(max-width: 700px) 100vw, 700px\" \/><\/figure>\n\n\n\n<figure class=\"wp-block-image size-large\"><img loading=\"lazy\" decoding=\"async\" width=\"700\" height=\"468\" data-id=\"7509\" src=\"https:\/\/rotary.zamosc.pl\/wp-content\/uploads\/2026\/03\/Dla-Choinki-2015-3-700x468.jpg\" alt=\"\" class=\"wp-image-7509\" srcset=\"https:\/\/rotary.zamosc.pl\/wp-content\/uploads\/2026\/03\/Dla-Choinki-2015-3-700x468.jpg 700w, https:\/\/rotary.zamosc.pl\/wp-content\/uploads\/2026\/03\/Dla-Choinki-2015-3-300x201.jpg 300w, https:\/\/rotary.zamosc.pl\/wp-content\/uploads\/2026\/03\/Dla-Choinki-2015-3-768x513.jpg 768w, https:\/\/rotary.zamosc.pl\/wp-content\/uploads\/2026\/03\/Dla-Choinki-2015-3-800x535.jpg 800w, https:\/\/rotary.zamosc.pl\/wp-content\/uploads\/2026\/03\/Dla-Choinki-2015-3-272x182.jpg 272w, https:\/\/rotary.zamosc.pl\/wp-content\/uploads\/2026\/03\/Dla-Choinki-2015-3.jpg 1200w\" sizes=\"(max-width: 700px) 100vw, 700px\" \/><\/figure>\n\n\n\n<figure class=\"wp-block-image size-large\"><img loading=\"lazy\" decoding=\"async\" width=\"700\" height=\"468\" data-id=\"7508\" src=\"https:\/\/rotary.zamosc.pl\/wp-content\/uploads\/2026\/03\/Dla-Choinki-2015-2-700x468.jpg\" alt=\"\" class=\"wp-image-7508\" srcset=\"https:\/\/rotary.zamosc.pl\/wp-content\/uploads\/2026\/03\/Dla-Choinki-2015-2-700x468.jpg 700w, https:\/\/rotary.zamosc.pl\/wp-content\/uploads\/2026\/03\/Dla-Choinki-2015-2-300x201.jpg 300w, https:\/\/rotary.zamosc.pl\/wp-content\/uploads\/2026\/03\/Dla-Choinki-2015-2-768x513.jpg 768w, https:\/\/rotary.zamosc.pl\/wp-content\/uploads\/2026\/03\/Dla-Choinki-2015-2-800x535.jpg 800w, https:\/\/rotary.zamosc.pl\/wp-content\/uploads\/2026\/03\/Dla-Choinki-2015-2-272x182.jpg 272w, https:\/\/rotary.zamosc.pl\/wp-content\/uploads\/2026\/03\/Dla-Choinki-2015-2.jpg 1200w\" sizes=\"(max-width: 700px) 100vw, 700px\" \/><\/figure>\n\n\n\n<figure class=\"wp-block-image size-large\"><img loading=\"lazy\" decoding=\"async\" width=\"700\" height=\"468\" data-id=\"7507\" src=\"https:\/\/rotary.zamosc.pl\/wp-content\/uploads\/2026\/03\/Dla-Choinki-2015-1-700x468.jpg\" alt=\"\" class=\"wp-image-7507\" srcset=\"https:\/\/rotary.zamosc.pl\/wp-content\/uploads\/2026\/03\/Dla-Choinki-2015-1-700x468.jpg 700w, https:\/\/rotary.zamosc.pl\/wp-content\/uploads\/2026\/03\/Dla-Choinki-2015-1-300x201.jpg 300w, https:\/\/rotary.zamosc.pl\/wp-content\/uploads\/2026\/03\/Dla-Choinki-2015-1-768x513.jpg 768w, https:\/\/rotary.zamosc.pl\/wp-content\/uploads\/2026\/03\/Dla-Choinki-2015-1-800x535.jpg 800w, https:\/\/rotary.zamosc.pl\/wp-content\/uploads\/2026\/03\/Dla-Choinki-2015-1-272x182.jpg 272w, https:\/\/rotary.zamosc.pl\/wp-content\/uploads\/2026\/03\/Dla-Choinki-2015-1.jpg 1200w\" sizes=\"(max-width: 700px) 100vw, 700px\" \/><\/figure>\n<\/figure>\n","protected":false},"excerpt":{"rendered":"<p>\u2026ju\u017c 5 raz spotkali\u015bmy si\u0119 na Piaskowni w Mokrem pod Zamo\u015bciem by zmaga\u0107 si\u0119 z pieknie przygotowanym terenem, w tym roku ca\u0142o\u015b\u0107 dochodu uzbieranego podczas\u201d Choinki\u201d przeznaczona b\u0119dzie dla dzieciak\u00f3w z Domu Dziecka w Zamo\u015bciu. Organizatorem tegorocznej Choinki by\u0142: www.zamo\u015b\u01074\u00d74.pl, Low Range 4\u00d74 Team, Drzewiasty.pl Jednym ze sponsor\u00f3w wydarzenia by\u0142 Rotary Club Zamo\u015b\u0107. \u201eChoinka\u201d z&#8230;<\/p>\n","protected":false},"author":1,"featured_media":7516,"comment_status":"open","ping_status":"open","sticky":false,"template":"","format":"standard","meta":{"footnotes":""},"categories":[27],"tags":[],"class_list":["post-7506","post","type-post","status-publish","format-standard","has-post-thumbnail","hentry","category-27"],"rttpg_featured_image_url":{"full":["https:\/\/rotary.zamosc.pl\/wp-content\/uploads\/2026\/03\/Dla-Choinki-2015-10.jpg",1200,802,false],"landscape":["https:\/\/rotary.zamosc.pl\/wp-content\/uploads\/2026\/03\/Dla-Choinki-2015-10.jpg",1200,802,false],"portraits":["https:\/\/rotary.zamosc.pl\/wp-content\/uploads\/2026\/03\/Dla-Choinki-2015-10.jpg",1200,802,false],"thumbnail":["https:\/\/rotary.zamosc.pl\/wp-content\/uploads\/2026\/03\/Dla-Choinki-2015-10-150x150.jpg",150,150,true],"medium":["https:\/\/rotary.zamosc.pl\/wp-content\/uploads\/2026\/03\/Dla-Choinki-2015-10-300x201.jpg",300,201,true],"large":["https:\/\/rotary.zamosc.pl\/wp-content\/uploads\/2026\/03\/Dla-Choinki-2015-10-700x468.jpg",700,468,true],"1536x1536":["https:\/\/rotary.zamosc.pl\/wp-content\/uploads\/2026\/03\/Dla-Choinki-2015-10.jpg",1200,802,false],"2048x2048":["https:\/\/rotary.zamosc.pl\/wp-content\/uploads\/2026\/03\/Dla-Choinki-2015-10.jpg",1200,802,false],"post-thumbnail":["https:\/\/rotary.zamosc.pl\/wp-content\/uploads\/2026\/03\/Dla-Choinki-2015-10-800x535.jpg",800,535,true],"graphy-post-thumbnail-large":["https:\/\/rotary.zamosc.pl\/wp-content\/uploads\/2026\/03\/Dla-Choinki-2015-10-1080x600.jpg",1080,600,true],"graphy-post-thumbnail-medium":["https:\/\/rotary.zamosc.pl\/wp-content\/uploads\/2026\/03\/Dla-Choinki-2015-10-482x300.jpg",482,300,true],"graphy-post-thumbnail-small":["https:\/\/rotary.zamosc.pl\/wp-content\/uploads\/2026\/03\/Dla-Choinki-2015-10-80x60.jpg",80,60,true],"graphy-page-thumbnail":["https:\/\/rotary.zamosc.pl\/wp-content\/uploads\/2026\/03\/Dla-Choinki-2015-10-1200x350.jpg",1200,350,true],"sow-carousel-default":["https:\/\/rotary.zamosc.pl\/wp-content\/uploads\/2026\/03\/Dla-Choinki-2015-10-272x182.jpg",272,182,true]},"rttpg_author":{"display_name":"rotaryzamosc","author_link":"https:\/\/rotary.zamosc.pl\/index.php\/author\/rotaryzamosc\/"},"rttpg_comment":0,"rttpg_category":"<a href=\"https:\/\/rotary.zamosc.pl\/index.php\/category\/2015\/\" rel=\"category tag\">2015<\/a>","rttpg_excerpt":"\u2026ju\u017c 5 raz spotkali\u015bmy si\u0119 na Piaskowni w Mokrem pod Zamo\u015bciem by zmaga\u0107 si\u0119 z pieknie przygotowanym terenem, w tym roku ca\u0142o\u015b\u0107 dochodu uzbieranego podczas\u201d Choinki\u201d przeznaczona b\u0119dzie dla dzieciak\u00f3w z Domu Dziecka w Zamo\u015bciu. Organizatorem tegorocznej Choinki by\u0142: www.zamo\u015b\u01074\u00d74.pl, Low Range 4\u00d74 Team, Drzewiasty.pl Jednym ze sponsor\u00f3w wydarzenia by\u0142 Rotary Club Zamo\u015b\u0107. \u201eChoinka\u201d z...","_links":{"self":[{"href":"https:\/\/rotary.zamosc.pl\/index.php\/wp-json\/wp\/v2\/posts\/7506","targetHints":{"allow":["GET"]}}],"collection":[{"href":"https:\/\/rotary.zamosc.pl\/index.php\/wp-json\/wp\/v2\/posts"}],"about":[{"href":"https:\/\/rotary.zamosc.pl\/index.php\/wp-json\/wp\/v2\/types\/post"}],"author":[{"embeddable":true,"href":"https:\/\/rotary.zamosc.pl\/index.php\/wp-json\/wp\/v2\/users\/1"}],"replies":[{"embeddable":true,"href":"https:\/\/rotary.zamosc.pl\/index.php\/wp-json\/wp\/v2\/comments?post=7506"}],"version-history":[{"count":1,"href":"https:\/\/rotary.zamosc.pl\/index.php\/wp-json\/wp\/v2\/posts\/7506\/revisions"}],"predecessor-version":[{"id":7517,"href":"https:\/\/rotary.zamosc.pl\/index.php\/wp-json\/wp\/v2\/posts\/7506\/revisions\/7517"}],"wp:featuredmedia":[{"embeddable":true,"href":"https:\/\/rotary.zamosc.pl\/index.php\/wp-json\/wp\/v2\/media\/7516"}],"wp:attachment":[{"href":"https:\/\/rotary.zamosc.pl\/index.php\/wp-json\/wp\/v2\/media?parent=7506"}],"wp:term":[{"taxonomy":"category","embeddable":true,"href":"https:\/\/rotary.zamosc.pl\/index.php\/wp-json\/wp\/v2\/categories?post=7506"},{"taxonomy":"post_tag","embeddable":true,"href":"https:\/\/rotary.zamosc.pl\/index.php\/wp-json\/wp\/v2\/tags?post=7506"}],"curies":[{"name":"wp","href":"https:\/\/api.w.org\/{rel}","templated":true}]}}