{"id":7518,"date":"2015-11-21T11:13:00","date_gmt":"2015-11-21T10:13:00","guid":{"rendered":"https:\/\/rotary.zamosc.pl\/?p=7518"},"modified":"2026-03-25T11:15:00","modified_gmt":"2026-03-25T10:15:00","slug":"andrzejki-2015","status":"publish","type":"post","link":"https:\/\/rotary.zamosc.pl\/index.php\/2015\/11\/21\/andrzejki-2015\/","title":{"rendered":"Andrzejki 2015"},"content":{"rendered":"\n<p class=\"wp-block-paragraph\">21.11.2015 w hotelu Artis odby\u0142 si\u0119 kolejny 18-sty ju\u017c Andrzejkowy Rotaria\u0144ski Bal Charytatywny, w kt\u00f3rym wzi\u0119\u0142o udzia\u0142 ponad 43 pary Rotarian i zaproszonych go\u015bci. Podczas Nocy Andrzejkowej odby\u0142 sie: wyst\u0119p m\u0142odej uzdolnionej flecistki Stypendystki RC Zamo\u015b\u0107 Klaudii Kolano z Pa\u0144stwowej Szko\u0142y Muzycznej im. karola Szymanowskiego w Zamo\u015bciu, przy kompaniamencie fortepianu za kt\u00f3rego klawiatur\u0105 zasiad\u0142 Pan Dyrektor Szko\u0142y Muzycznej, graj\u0105c po wyst\u0119pie flecistki walce Chopina, po pi\u0119knym wprowadzeniu w \u015bwiat akord\u00f3w Chopinowskich nast\u0105pi\u0142 recital pt. \u201eJeisenne mg\u0142y\u201d na gitarze klasycznej Waldek kondraciuk \u2013 \u015bpiew Barbara Rabiega \u2013 pi\u0119kne liryczne ballady podkre\u015blij zesp\u00f3\u0142 m\u0142odych muzyk\u00f3w graj\u0105c rockowe kawa\u0142ki i tym samym wprowadzaj\u0105c uczestnik\u00f3w do balu. <\/p>\n\n\n\n<p class=\"wp-block-paragraph\">Podczas Balu odby\u0142a si\u0119 licytacja prac dzieci ze Szko\u0142y Plastycznej w Zamo\u015bciu, kt\u00f3r\u0105 przeprowadzi\u0142 niesamowity Sylwester nasz Kolega z RC Zamo\u015b\u0107 podbijaj\u0105c ceny za licytowane przedmioty niczym zawodowy aukcjonier. Uzbierane datki pos\u0142u\u017c\u0105 RC Zamo\u015b\u0107 do przeprowadzenia akcji charytatywnych<\/p>\n\n\n\n<figure class=\"wp-block-gallery has-nested-images columns-1 is-cropped wp-block-gallery-1 is-layout-flex wp-block-gallery-is-layout-flex\">\n<figure class=\"wp-block-image size-large\"><img fetchpriority=\"high\" decoding=\"async\" width=\"700\" height=\"468\" data-id=\"7527\" src=\"https:\/\/rotary.zamosc.pl\/wp-content\/uploads\/2026\/03\/Andrzejki-2015-9-700x468.jpg\" alt=\"\" class=\"wp-image-7527\" srcset=\"https:\/\/rotary.zamosc.pl\/wp-content\/uploads\/2026\/03\/Andrzejki-2015-9-700x468.jpg 700w, https:\/\/rotary.zamosc.pl\/wp-content\/uploads\/2026\/03\/Andrzejki-2015-9-300x201.jpg 300w, https:\/\/rotary.zamosc.pl\/wp-content\/uploads\/2026\/03\/Andrzejki-2015-9-768x513.jpg 768w, https:\/\/rotary.zamosc.pl\/wp-content\/uploads\/2026\/03\/Andrzejki-2015-9-800x535.jpg 800w, https:\/\/rotary.zamosc.pl\/wp-content\/uploads\/2026\/03\/Andrzejki-2015-9-272x182.jpg 272w, https:\/\/rotary.zamosc.pl\/wp-content\/uploads\/2026\/03\/Andrzejki-2015-9.jpg 1200w\" sizes=\"(max-width: 700px) 100vw, 700px\" \/><\/figure>\n\n\n\n<figure class=\"wp-block-image size-large\"><img decoding=\"async\" width=\"642\" height=\"960\" data-id=\"7526\" src=\"https:\/\/rotary.zamosc.pl\/wp-content\/uploads\/2026\/03\/Andrzejki-2015-8.jpg\" alt=\"\" class=\"wp-image-7526\" srcset=\"https:\/\/rotary.zamosc.pl\/wp-content\/uploads\/2026\/03\/Andrzejki-2015-8.jpg 642w, https:\/\/rotary.zamosc.pl\/wp-content\/uploads\/2026\/03\/Andrzejki-2015-8-201x300.jpg 201w\" sizes=\"(max-width: 642px) 100vw, 642px\" \/><\/figure>\n\n\n\n<figure class=\"wp-block-image size-large\"><img decoding=\"async\" width=\"642\" height=\"960\" data-id=\"7525\" src=\"https:\/\/rotary.zamosc.pl\/wp-content\/uploads\/2026\/03\/Andrzejki-2015-7.jpg\" alt=\"\" class=\"wp-image-7525\" srcset=\"https:\/\/rotary.zamosc.pl\/wp-content\/uploads\/2026\/03\/Andrzejki-2015-7.jpg 642w, https:\/\/rotary.zamosc.pl\/wp-content\/uploads\/2026\/03\/Andrzejki-2015-7-201x300.jpg 201w\" sizes=\"(max-width: 642px) 100vw, 642px\" \/><\/figure>\n\n\n\n<figure class=\"wp-block-image size-large\"><img loading=\"lazy\" decoding=\"async\" width=\"642\" height=\"960\" data-id=\"7524\" src=\"https:\/\/rotary.zamosc.pl\/wp-content\/uploads\/2026\/03\/Andrzejki-2015-6.jpg\" alt=\"\" class=\"wp-image-7524\" srcset=\"https:\/\/rotary.zamosc.pl\/wp-content\/uploads\/2026\/03\/Andrzejki-2015-6.jpg 642w, https:\/\/rotary.zamosc.pl\/wp-content\/uploads\/2026\/03\/Andrzejki-2015-6-201x300.jpg 201w\" sizes=\"(max-width: 642px) 100vw, 642px\" \/><\/figure>\n\n\n\n<figure class=\"wp-block-image size-large\"><img loading=\"lazy\" decoding=\"async\" width=\"642\" height=\"960\" data-id=\"7523\" src=\"https:\/\/rotary.zamosc.pl\/wp-content\/uploads\/2026\/03\/Andrzejki-2015-5.jpg\" alt=\"\" class=\"wp-image-7523\" srcset=\"https:\/\/rotary.zamosc.pl\/wp-content\/uploads\/2026\/03\/Andrzejki-2015-5.jpg 642w, https:\/\/rotary.zamosc.pl\/wp-content\/uploads\/2026\/03\/Andrzejki-2015-5-201x300.jpg 201w\" sizes=\"(max-width: 642px) 100vw, 642px\" \/><\/figure>\n\n\n\n<figure class=\"wp-block-image size-large\"><img loading=\"lazy\" decoding=\"async\" width=\"642\" height=\"960\" data-id=\"7522\" src=\"https:\/\/rotary.zamosc.pl\/wp-content\/uploads\/2026\/03\/Andrzejki-2015-4.jpg\" alt=\"\" class=\"wp-image-7522\" srcset=\"https:\/\/rotary.zamosc.pl\/wp-content\/uploads\/2026\/03\/Andrzejki-2015-4.jpg 642w, https:\/\/rotary.zamosc.pl\/wp-content\/uploads\/2026\/03\/Andrzejki-2015-4-201x300.jpg 201w\" sizes=\"(max-width: 642px) 100vw, 642px\" \/><\/figure>\n\n\n\n<figure class=\"wp-block-image size-large\"><img loading=\"lazy\" decoding=\"async\" width=\"700\" height=\"468\" data-id=\"7521\" src=\"https:\/\/rotary.zamosc.pl\/wp-content\/uploads\/2026\/03\/Andrzejki-2015-3-700x468.jpg\" alt=\"\" class=\"wp-image-7521\" srcset=\"https:\/\/rotary.zamosc.pl\/wp-content\/uploads\/2026\/03\/Andrzejki-2015-3-700x468.jpg 700w, https:\/\/rotary.zamosc.pl\/wp-content\/uploads\/2026\/03\/Andrzejki-2015-3-300x201.jpg 300w, https:\/\/rotary.zamosc.pl\/wp-content\/uploads\/2026\/03\/Andrzejki-2015-3-768x513.jpg 768w, https:\/\/rotary.zamosc.pl\/wp-content\/uploads\/2026\/03\/Andrzejki-2015-3-800x535.jpg 800w, https:\/\/rotary.zamosc.pl\/wp-content\/uploads\/2026\/03\/Andrzejki-2015-3-272x182.jpg 272w, https:\/\/rotary.zamosc.pl\/wp-content\/uploads\/2026\/03\/Andrzejki-2015-3.jpg 1200w\" sizes=\"(max-width: 700px) 100vw, 700px\" \/><\/figure>\n\n\n\n<figure class=\"wp-block-image size-large\"><img loading=\"lazy\" decoding=\"async\" width=\"700\" height=\"468\" data-id=\"7520\" src=\"https:\/\/rotary.zamosc.pl\/wp-content\/uploads\/2026\/03\/Andrzejki-2015-2-700x468.jpg\" alt=\"\" class=\"wp-image-7520\" srcset=\"https:\/\/rotary.zamosc.pl\/wp-content\/uploads\/2026\/03\/Andrzejki-2015-2-700x468.jpg 700w, https:\/\/rotary.zamosc.pl\/wp-content\/uploads\/2026\/03\/Andrzejki-2015-2-300x201.jpg 300w, https:\/\/rotary.zamosc.pl\/wp-content\/uploads\/2026\/03\/Andrzejki-2015-2-768x513.jpg 768w, https:\/\/rotary.zamosc.pl\/wp-content\/uploads\/2026\/03\/Andrzejki-2015-2-800x535.jpg 800w, https:\/\/rotary.zamosc.pl\/wp-content\/uploads\/2026\/03\/Andrzejki-2015-2-272x182.jpg 272w, https:\/\/rotary.zamosc.pl\/wp-content\/uploads\/2026\/03\/Andrzejki-2015-2.jpg 1200w\" sizes=\"(max-width: 700px) 100vw, 700px\" \/><\/figure>\n\n\n\n<figure class=\"wp-block-image size-large\"><img loading=\"lazy\" decoding=\"async\" width=\"700\" height=\"468\" data-id=\"7519\" src=\"https:\/\/rotary.zamosc.pl\/wp-content\/uploads\/2026\/03\/Andrzejki-2015-1-700x468.jpg\" alt=\"\" class=\"wp-image-7519\" srcset=\"https:\/\/rotary.zamosc.pl\/wp-content\/uploads\/2026\/03\/Andrzejki-2015-1-700x468.jpg 700w, https:\/\/rotary.zamosc.pl\/wp-content\/uploads\/2026\/03\/Andrzejki-2015-1-300x201.jpg 300w, https:\/\/rotary.zamosc.pl\/wp-content\/uploads\/2026\/03\/Andrzejki-2015-1-768x513.jpg 768w, https:\/\/rotary.zamosc.pl\/wp-content\/uploads\/2026\/03\/Andrzejki-2015-1-800x535.jpg 800w, https:\/\/rotary.zamosc.pl\/wp-content\/uploads\/2026\/03\/Andrzejki-2015-1-272x182.jpg 272w, https:\/\/rotary.zamosc.pl\/wp-content\/uploads\/2026\/03\/Andrzejki-2015-1.jpg 1200w\" sizes=\"(max-width: 700px) 100vw, 700px\" \/><\/figure>\n<\/figure>\n","protected":false},"excerpt":{"rendered":"<p>21.11.2015 w hotelu Artis odby\u0142 si\u0119 kolejny 18-sty ju\u017c Andrzejkowy Rotaria\u0144ski Bal Charytatywny, w kt\u00f3rym wzi\u0119\u0142o udzia\u0142 ponad 43 pary Rotarian i zaproszonych go\u015bci. Podczas Nocy Andrzejkowej odby\u0142 sie: wyst\u0119p m\u0142odej uzdolnionej flecistki Stypendystki RC Zamo\u015b\u0107 Klaudii Kolano z Pa\u0144stwowej Szko\u0142y Muzycznej im. karola Szymanowskiego w Zamo\u015bciu, przy kompaniamencie fortepianu za kt\u00f3rego klawiatur\u0105 zasiad\u0142 Pan&#8230;<\/p>\n","protected":false},"author":1,"featured_media":7528,"comment_status":"open","ping_status":"open","sticky":false,"template":"","format":"standard","meta":{"footnotes":""},"categories":[27],"tags":[],"class_list":["post-7518","post","type-post","status-publish","format-standard","has-post-thumbnail","hentry","category-27"],"rttpg_featured_image_url":{"full":["https:\/\/rotary.zamosc.pl\/wp-content\/uploads\/2026\/03\/Andrzejki-2015-10.jpg",1200,802,false],"landscape":["https:\/\/rotary.zamosc.pl\/wp-content\/uploads\/2026\/03\/Andrzejki-2015-10.jpg",1200,802,false],"portraits":["https:\/\/rotary.zamosc.pl\/wp-content\/uploads\/2026\/03\/Andrzejki-2015-10.jpg",1200,802,false],"thumbnail":["https:\/\/rotary.zamosc.pl\/wp-content\/uploads\/2026\/03\/Andrzejki-2015-10-150x150.jpg",150,150,true],"medium":["https:\/\/rotary.zamosc.pl\/wp-content\/uploads\/2026\/03\/Andrzejki-2015-10-300x201.jpg",300,201,true],"large":["https:\/\/rotary.zamosc.pl\/wp-content\/uploads\/2026\/03\/Andrzejki-2015-10-700x468.jpg",700,468,true],"1536x1536":["https:\/\/rotary.zamosc.pl\/wp-content\/uploads\/2026\/03\/Andrzejki-2015-10.jpg",1200,802,false],"2048x2048":["https:\/\/rotary.zamosc.pl\/wp-content\/uploads\/2026\/03\/Andrzejki-2015-10.jpg",1200,802,false],"post-thumbnail":["https:\/\/rotary.zamosc.pl\/wp-content\/uploads\/2026\/03\/Andrzejki-2015-10-800x535.jpg",800,535,true],"graphy-post-thumbnail-large":["https:\/\/rotary.zamosc.pl\/wp-content\/uploads\/2026\/03\/Andrzejki-2015-10-1080x600.jpg",1080,600,true],"graphy-post-thumbnail-medium":["https:\/\/rotary.zamosc.pl\/wp-content\/uploads\/2026\/03\/Andrzejki-2015-10-482x300.jpg",482,300,true],"graphy-post-thumbnail-small":["https:\/\/rotary.zamosc.pl\/wp-content\/uploads\/2026\/03\/Andrzejki-2015-10-80x60.jpg",80,60,true],"graphy-page-thumbnail":["https:\/\/rotary.zamosc.pl\/wp-content\/uploads\/2026\/03\/Andrzejki-2015-10-1200x350.jpg",1200,350,true],"sow-carousel-default":["https:\/\/rotary.zamosc.pl\/wp-content\/uploads\/2026\/03\/Andrzejki-2015-10-272x182.jpg",272,182,true]},"rttpg_author":{"display_name":"rotaryzamosc","author_link":"https:\/\/rotary.zamosc.pl\/index.php\/author\/rotaryzamosc\/"},"rttpg_comment":0,"rttpg_category":"<a href=\"https:\/\/rotary.zamosc.pl\/index.php\/category\/2015\/\" rel=\"category tag\">2015<\/a>","rttpg_excerpt":"21.11.2015 w hotelu Artis odby\u0142 si\u0119 kolejny 18-sty ju\u017c Andrzejkowy Rotaria\u0144ski Bal Charytatywny, w kt\u00f3rym wzi\u0119\u0142o udzia\u0142 ponad 43 pary Rotarian i zaproszonych go\u015bci. Podczas Nocy Andrzejkowej odby\u0142 sie: wyst\u0119p m\u0142odej uzdolnionej flecistki Stypendystki RC Zamo\u015b\u0107 Klaudii Kolano z Pa\u0144stwowej Szko\u0142y Muzycznej im. karola Szymanowskiego w Zamo\u015bciu, przy kompaniamencie fortepianu za kt\u00f3rego klawiatur\u0105 zasiad\u0142 Pan...","_links":{"self":[{"href":"https:\/\/rotary.zamosc.pl\/index.php\/wp-json\/wp\/v2\/posts\/7518","targetHints":{"allow":["GET"]}}],"collection":[{"href":"https:\/\/rotary.zamosc.pl\/index.php\/wp-json\/wp\/v2\/posts"}],"about":[{"href":"https:\/\/rotary.zamosc.pl\/index.php\/wp-json\/wp\/v2\/types\/post"}],"author":[{"embeddable":true,"href":"https:\/\/rotary.zamosc.pl\/index.php\/wp-json\/wp\/v2\/users\/1"}],"replies":[{"embeddable":true,"href":"https:\/\/rotary.zamosc.pl\/index.php\/wp-json\/wp\/v2\/comments?post=7518"}],"version-history":[{"count":1,"href":"https:\/\/rotary.zamosc.pl\/index.php\/wp-json\/wp\/v2\/posts\/7518\/revisions"}],"predecessor-version":[{"id":7529,"href":"https:\/\/rotary.zamosc.pl\/index.php\/wp-json\/wp\/v2\/posts\/7518\/revisions\/7529"}],"wp:featuredmedia":[{"embeddable":true,"href":"https:\/\/rotary.zamosc.pl\/index.php\/wp-json\/wp\/v2\/media\/7528"}],"wp:attachment":[{"href":"https:\/\/rotary.zamosc.pl\/index.php\/wp-json\/wp\/v2\/media?parent=7518"}],"wp:term":[{"taxonomy":"category","embeddable":true,"href":"https:\/\/rotary.zamosc.pl\/index.php\/wp-json\/wp\/v2\/categories?post=7518"},{"taxonomy":"post_tag","embeddable":true,"href":"https:\/\/rotary.zamosc.pl\/index.php\/wp-json\/wp\/v2\/tags?post=7518"}],"curies":[{"name":"wp","href":"https:\/\/api.w.org\/{rel}","templated":true}]}}