{"id":7554,"date":"2015-09-19T11:19:00","date_gmt":"2015-09-19T09:19:00","guid":{"rendered":"https:\/\/rotary.zamosc.pl\/?p=7554"},"modified":"2026-03-25T11:21:38","modified_gmt":"2026-03-25T10:21:38","slug":"xiii-miedzynarodowy-konkurs-mlodych-skrzypkow-19-09-2015","status":"publish","type":"post","link":"https:\/\/rotary.zamosc.pl\/index.php\/2015\/09\/19\/xiii-miedzynarodowy-konkurs-mlodych-skrzypkow-19-09-2015\/","title":{"rendered":"XIII Mi\u0119dzynarodowy Konkurs M\u0142odych Skrzypk\u00f3w 19.09.2015"},"content":{"rendered":"\n<p class=\"wp-block-paragraph\">w Sali Malarstwa Polskiego odby\u0142 si\u0119 fina\u0142owy koncert XIII Mi\u0119dzynarodowego Konkursu M\u0142odych Skrzypk\u00f3w i wr\u0119czenie Nagrody im.Marcelego Stefa\u0144skiego, ufundowanej przez Kluby Rotaria\u0144skie Lubelszczyzny i zaprzyja\u017anione z RC Lublin Centrum Kluby z Francji. Finansowe wyr\u00f3\u017cnienia otrzyma\u0142o dwoje laureat\u00f3w grupy starszej skrzypk\u00f3w i najm\u0142odsza uczestniczka konkursu. Z raminia RC Zamo\u015b\u0107 udzia\u0142 w Uroczysto\u015bciach wzi\u0119li: Jerzy Liberadzki- Prezydent RC Zamo\u015b\u0107 Bogdan Szyma\u0144ski \u2013 Sekretarz RC Zamo\u015b\u0107<\/p>\n\n\n\n<figure class=\"wp-block-gallery has-nested-images columns-1 is-cropped wp-block-gallery-1 is-layout-flex wp-block-gallery-is-layout-flex\">\n<figure class=\"wp-block-image size-large\"><img fetchpriority=\"high\" decoding=\"async\" width=\"700\" height=\"394\" data-id=\"7561\" src=\"https:\/\/rotary.zamosc.pl\/wp-content\/uploads\/2026\/03\/XIII-Miedzynarodowy-Konkurs-Mlodych-Skrzypkow-19.09-7-700x394.jpg\" alt=\"\" class=\"wp-image-7561\" srcset=\"https:\/\/rotary.zamosc.pl\/wp-content\/uploads\/2026\/03\/XIII-Miedzynarodowy-Konkurs-Mlodych-Skrzypkow-19.09-7-700x394.jpg 700w, https:\/\/rotary.zamosc.pl\/wp-content\/uploads\/2026\/03\/XIII-Miedzynarodowy-Konkurs-Mlodych-Skrzypkow-19.09-7-300x169.jpg 300w, https:\/\/rotary.zamosc.pl\/wp-content\/uploads\/2026\/03\/XIII-Miedzynarodowy-Konkurs-Mlodych-Skrzypkow-19.09-7-768x432.jpg 768w, https:\/\/rotary.zamosc.pl\/wp-content\/uploads\/2026\/03\/XIII-Miedzynarodowy-Konkurs-Mlodych-Skrzypkow-19.09-7-800x450.jpg 800w, https:\/\/rotary.zamosc.pl\/wp-content\/uploads\/2026\/03\/XIII-Miedzynarodowy-Konkurs-Mlodych-Skrzypkow-19.09-7.jpg 1200w\" sizes=\"(max-width: 700px) 100vw, 700px\" \/><\/figure>\n\n\n\n<figure class=\"wp-block-image size-large\"><img decoding=\"async\" width=\"700\" height=\"394\" data-id=\"7560\" src=\"https:\/\/rotary.zamosc.pl\/wp-content\/uploads\/2026\/03\/XIII-Miedzynarodowy-Konkurs-Mlodych-Skrzypkow-19.09-6-700x394.jpg\" alt=\"\" class=\"wp-image-7560\" srcset=\"https:\/\/rotary.zamosc.pl\/wp-content\/uploads\/2026\/03\/XIII-Miedzynarodowy-Konkurs-Mlodych-Skrzypkow-19.09-6-700x394.jpg 700w, https:\/\/rotary.zamosc.pl\/wp-content\/uploads\/2026\/03\/XIII-Miedzynarodowy-Konkurs-Mlodych-Skrzypkow-19.09-6-300x169.jpg 300w, https:\/\/rotary.zamosc.pl\/wp-content\/uploads\/2026\/03\/XIII-Miedzynarodowy-Konkurs-Mlodych-Skrzypkow-19.09-6-768x432.jpg 768w, https:\/\/rotary.zamosc.pl\/wp-content\/uploads\/2026\/03\/XIII-Miedzynarodowy-Konkurs-Mlodych-Skrzypkow-19.09-6-800x450.jpg 800w, https:\/\/rotary.zamosc.pl\/wp-content\/uploads\/2026\/03\/XIII-Miedzynarodowy-Konkurs-Mlodych-Skrzypkow-19.09-6.jpg 1200w\" sizes=\"(max-width: 700px) 100vw, 700px\" \/><\/figure>\n\n\n\n<figure class=\"wp-block-image size-large\"><img decoding=\"async\" width=\"700\" height=\"394\" data-id=\"7559\" src=\"https:\/\/rotary.zamosc.pl\/wp-content\/uploads\/2026\/03\/XIII-Miedzynarodowy-Konkurs-Mlodych-Skrzypkow-19.09-5-700x394.jpg\" alt=\"\" class=\"wp-image-7559\" srcset=\"https:\/\/rotary.zamosc.pl\/wp-content\/uploads\/2026\/03\/XIII-Miedzynarodowy-Konkurs-Mlodych-Skrzypkow-19.09-5-700x394.jpg 700w, https:\/\/rotary.zamosc.pl\/wp-content\/uploads\/2026\/03\/XIII-Miedzynarodowy-Konkurs-Mlodych-Skrzypkow-19.09-5-300x169.jpg 300w, https:\/\/rotary.zamosc.pl\/wp-content\/uploads\/2026\/03\/XIII-Miedzynarodowy-Konkurs-Mlodych-Skrzypkow-19.09-5-768x432.jpg 768w, https:\/\/rotary.zamosc.pl\/wp-content\/uploads\/2026\/03\/XIII-Miedzynarodowy-Konkurs-Mlodych-Skrzypkow-19.09-5-800x450.jpg 800w, https:\/\/rotary.zamosc.pl\/wp-content\/uploads\/2026\/03\/XIII-Miedzynarodowy-Konkurs-Mlodych-Skrzypkow-19.09-5.jpg 1200w\" sizes=\"(max-width: 700px) 100vw, 700px\" \/><\/figure>\n\n\n\n<figure class=\"wp-block-image size-large\"><img loading=\"lazy\" decoding=\"async\" width=\"590\" height=\"960\" data-id=\"7557\" src=\"https:\/\/rotary.zamosc.pl\/wp-content\/uploads\/2026\/03\/XIII-Miedzynarodowy-Konkurs-Mlodych-Skrzypkow-19.09-3.jpg\" alt=\"\" class=\"wp-image-7557\" srcset=\"https:\/\/rotary.zamosc.pl\/wp-content\/uploads\/2026\/03\/XIII-Miedzynarodowy-Konkurs-Mlodych-Skrzypkow-19.09-3.jpg 590w, https:\/\/rotary.zamosc.pl\/wp-content\/uploads\/2026\/03\/XIII-Miedzynarodowy-Konkurs-Mlodych-Skrzypkow-19.09-3-184x300.jpg 184w\" sizes=\"(max-width: 590px) 100vw, 590px\" \/><\/figure>\n\n\n\n<figure class=\"wp-block-image size-large\"><img loading=\"lazy\" decoding=\"async\" width=\"700\" height=\"390\" data-id=\"7556\" src=\"https:\/\/rotary.zamosc.pl\/wp-content\/uploads\/2026\/03\/XIII-Miedzynarodowy-Konkurs-Mlodych-Skrzypkow-19.09-2-700x390.jpg\" alt=\"\" class=\"wp-image-7556\" srcset=\"https:\/\/rotary.zamosc.pl\/wp-content\/uploads\/2026\/03\/XIII-Miedzynarodowy-Konkurs-Mlodych-Skrzypkow-19.09-2-700x390.jpg 700w, https:\/\/rotary.zamosc.pl\/wp-content\/uploads\/2026\/03\/XIII-Miedzynarodowy-Konkurs-Mlodych-Skrzypkow-19.09-2-300x167.jpg 300w, https:\/\/rotary.zamosc.pl\/wp-content\/uploads\/2026\/03\/XIII-Miedzynarodowy-Konkurs-Mlodych-Skrzypkow-19.09-2-768x428.jpg 768w, https:\/\/rotary.zamosc.pl\/wp-content\/uploads\/2026\/03\/XIII-Miedzynarodowy-Konkurs-Mlodych-Skrzypkow-19.09-2-800x445.jpg 800w, https:\/\/rotary.zamosc.pl\/wp-content\/uploads\/2026\/03\/XIII-Miedzynarodowy-Konkurs-Mlodych-Skrzypkow-19.09-2-1080x600.jpg 1080w, https:\/\/rotary.zamosc.pl\/wp-content\/uploads\/2026\/03\/XIII-Miedzynarodowy-Konkurs-Mlodych-Skrzypkow-19.09-2.jpg 1200w\" sizes=\"(max-width: 700px) 100vw, 700px\" \/><\/figure>\n\n\n\n<figure class=\"wp-block-image size-large\"><img loading=\"lazy\" decoding=\"async\" width=\"700\" height=\"394\" data-id=\"7555\" src=\"https:\/\/rotary.zamosc.pl\/wp-content\/uploads\/2026\/03\/XIII-Miedzynarodowy-Konkurs-Mlodych-Skrzypkow-19.09-1-700x394.jpg\" alt=\"\" class=\"wp-image-7555\" srcset=\"https:\/\/rotary.zamosc.pl\/wp-content\/uploads\/2026\/03\/XIII-Miedzynarodowy-Konkurs-Mlodych-Skrzypkow-19.09-1-700x394.jpg 700w, https:\/\/rotary.zamosc.pl\/wp-content\/uploads\/2026\/03\/XIII-Miedzynarodowy-Konkurs-Mlodych-Skrzypkow-19.09-1-300x169.jpg 300w, https:\/\/rotary.zamosc.pl\/wp-content\/uploads\/2026\/03\/XIII-Miedzynarodowy-Konkurs-Mlodych-Skrzypkow-19.09-1-768x432.jpg 768w, https:\/\/rotary.zamosc.pl\/wp-content\/uploads\/2026\/03\/XIII-Miedzynarodowy-Konkurs-Mlodych-Skrzypkow-19.09-1-800x450.jpg 800w, https:\/\/rotary.zamosc.pl\/wp-content\/uploads\/2026\/03\/XIII-Miedzynarodowy-Konkurs-Mlodych-Skrzypkow-19.09-1.jpg 1200w\" sizes=\"(max-width: 700px) 100vw, 700px\" \/><\/figure>\n<\/figure>\n","protected":false},"excerpt":{"rendered":"<p>w Sali Malarstwa Polskiego odby\u0142 si\u0119 fina\u0142owy koncert XIII Mi\u0119dzynarodowego Konkursu M\u0142odych Skrzypk\u00f3w i wr\u0119czenie Nagrody im.Marcelego Stefa\u0144skiego, ufundowanej przez Kluby Rotaria\u0144skie Lubelszczyzny i zaprzyja\u017anione z RC Lublin Centrum Kluby z Francji. Finansowe wyr\u00f3\u017cnienia otrzyma\u0142o dwoje laureat\u00f3w grupy starszej skrzypk\u00f3w i najm\u0142odsza uczestniczka konkursu. Z raminia RC Zamo\u015b\u0107 udzia\u0142 w Uroczysto\u015bciach wzi\u0119li: Jerzy Liberadzki- Prezydent&#8230;<\/p>\n","protected":false},"author":1,"featured_media":7558,"comment_status":"open","ping_status":"open","sticky":false,"template":"","format":"standard","meta":{"footnotes":""},"categories":[27],"tags":[],"class_list":["post-7554","post","type-post","status-publish","format-standard","has-post-thumbnail","hentry","category-27"],"rttpg_featured_image_url":{"full":["https:\/\/rotary.zamosc.pl\/wp-content\/uploads\/2026\/03\/XIII-Miedzynarodowy-Konkurs-Mlodych-Skrzypkow-19.09-4.jpg",1200,675,false],"landscape":["https:\/\/rotary.zamosc.pl\/wp-content\/uploads\/2026\/03\/XIII-Miedzynarodowy-Konkurs-Mlodych-Skrzypkow-19.09-4.jpg",1200,675,false],"portraits":["https:\/\/rotary.zamosc.pl\/wp-content\/uploads\/2026\/03\/XIII-Miedzynarodowy-Konkurs-Mlodych-Skrzypkow-19.09-4.jpg",1200,675,false],"thumbnail":["https:\/\/rotary.zamosc.pl\/wp-content\/uploads\/2026\/03\/XIII-Miedzynarodowy-Konkurs-Mlodych-Skrzypkow-19.09-4-150x150.jpg",150,150,true],"medium":["https:\/\/rotary.zamosc.pl\/wp-content\/uploads\/2026\/03\/XIII-Miedzynarodowy-Konkurs-Mlodych-Skrzypkow-19.09-4-300x169.jpg",300,169,true],"large":["https:\/\/rotary.zamosc.pl\/wp-content\/uploads\/2026\/03\/XIII-Miedzynarodowy-Konkurs-Mlodych-Skrzypkow-19.09-4-700x394.jpg",700,394,true],"1536x1536":["https:\/\/rotary.zamosc.pl\/wp-content\/uploads\/2026\/03\/XIII-Miedzynarodowy-Konkurs-Mlodych-Skrzypkow-19.09-4.jpg",1200,675,false],"2048x2048":["https:\/\/rotary.zamosc.pl\/wp-content\/uploads\/2026\/03\/XIII-Miedzynarodowy-Konkurs-Mlodych-Skrzypkow-19.09-4.jpg",1200,675,false],"post-thumbnail":["https:\/\/rotary.zamosc.pl\/wp-content\/uploads\/2026\/03\/XIII-Miedzynarodowy-Konkurs-Mlodych-Skrzypkow-19.09-4-800x450.jpg",800,450,true],"graphy-post-thumbnail-large":["https:\/\/rotary.zamosc.pl\/wp-content\/uploads\/2026\/03\/XIII-Miedzynarodowy-Konkurs-Mlodych-Skrzypkow-19.09-4-1080x600.jpg",1080,600,true],"graphy-post-thumbnail-medium":["https:\/\/rotary.zamosc.pl\/wp-content\/uploads\/2026\/03\/XIII-Miedzynarodowy-Konkurs-Mlodych-Skrzypkow-19.09-4-482x300.jpg",482,300,true],"graphy-post-thumbnail-small":["https:\/\/rotary.zamosc.pl\/wp-content\/uploads\/2026\/03\/XIII-Miedzynarodowy-Konkurs-Mlodych-Skrzypkow-19.09-4-80x60.jpg",80,60,true],"graphy-page-thumbnail":["https:\/\/rotary.zamosc.pl\/wp-content\/uploads\/2026\/03\/XIII-Miedzynarodowy-Konkurs-Mlodych-Skrzypkow-19.09-4-1200x350.jpg",1200,350,true],"sow-carousel-default":["https:\/\/rotary.zamosc.pl\/wp-content\/uploads\/2026\/03\/XIII-Miedzynarodowy-Konkurs-Mlodych-Skrzypkow-19.09-4-272x182.jpg",272,182,true]},"rttpg_author":{"display_name":"rotaryzamosc","author_link":"https:\/\/rotary.zamosc.pl\/index.php\/author\/rotaryzamosc\/"},"rttpg_comment":0,"rttpg_category":"<a href=\"https:\/\/rotary.zamosc.pl\/index.php\/category\/2015\/\" rel=\"category tag\">2015<\/a>","rttpg_excerpt":"w Sali Malarstwa Polskiego odby\u0142 si\u0119 fina\u0142owy koncert XIII Mi\u0119dzynarodowego Konkursu M\u0142odych Skrzypk\u00f3w i wr\u0119czenie Nagrody im.Marcelego Stefa\u0144skiego, ufundowanej przez Kluby Rotaria\u0144skie Lubelszczyzny i zaprzyja\u017anione z RC Lublin Centrum Kluby z Francji. Finansowe wyr\u00f3\u017cnienia otrzyma\u0142o dwoje laureat\u00f3w grupy starszej skrzypk\u00f3w i najm\u0142odsza uczestniczka konkursu. Z raminia RC Zamo\u015b\u0107 udzia\u0142 w Uroczysto\u015bciach wzi\u0119li: Jerzy Liberadzki- Prezydent...","_links":{"self":[{"href":"https:\/\/rotary.zamosc.pl\/index.php\/wp-json\/wp\/v2\/posts\/7554","targetHints":{"allow":["GET"]}}],"collection":[{"href":"https:\/\/rotary.zamosc.pl\/index.php\/wp-json\/wp\/v2\/posts"}],"about":[{"href":"https:\/\/rotary.zamosc.pl\/index.php\/wp-json\/wp\/v2\/types\/post"}],"author":[{"embeddable":true,"href":"https:\/\/rotary.zamosc.pl\/index.php\/wp-json\/wp\/v2\/users\/1"}],"replies":[{"embeddable":true,"href":"https:\/\/rotary.zamosc.pl\/index.php\/wp-json\/wp\/v2\/comments?post=7554"}],"version-history":[{"count":1,"href":"https:\/\/rotary.zamosc.pl\/index.php\/wp-json\/wp\/v2\/posts\/7554\/revisions"}],"predecessor-version":[{"id":7562,"href":"https:\/\/rotary.zamosc.pl\/index.php\/wp-json\/wp\/v2\/posts\/7554\/revisions\/7562"}],"wp:featuredmedia":[{"embeddable":true,"href":"https:\/\/rotary.zamosc.pl\/index.php\/wp-json\/wp\/v2\/media\/7558"}],"wp:attachment":[{"href":"https:\/\/rotary.zamosc.pl\/index.php\/wp-json\/wp\/v2\/media?parent=7554"}],"wp:term":[{"taxonomy":"category","embeddable":true,"href":"https:\/\/rotary.zamosc.pl\/index.php\/wp-json\/wp\/v2\/categories?post=7554"},{"taxonomy":"post_tag","embeddable":true,"href":"https:\/\/rotary.zamosc.pl\/index.php\/wp-json\/wp\/v2\/tags?post=7554"}],"curies":[{"name":"wp","href":"https:\/\/api.w.org\/{rel}","templated":true}]}}