{"id":7585,"date":"2015-09-04T11:24:00","date_gmt":"2015-09-04T09:24:00","guid":{"rendered":"https:\/\/rotary.zamosc.pl\/?p=7585"},"modified":"2026-03-25T11:25:51","modified_gmt":"2026-03-25T10:25:51","slug":"gubernator-dystryktu-barbara-pawlisz-4-09-2015-r","status":"publish","type":"post","link":"https:\/\/rotary.zamosc.pl\/index.php\/2015\/09\/04\/gubernator-dystryktu-barbara-pawlisz-4-09-2015-r\/","title":{"rendered":"Gubernator Dystryktu Barbara Pawlisz 4.09.2015 r"},"content":{"rendered":"\n<p class=\"wp-block-paragraph\">W pi\u0105tek 4.09.2015 r. odby\u0142o si\u0119 wyj\u0105tkowe spotkanie RC Zamo\u015b\u0107. Klub odwiedzi\u0142a Gubernator Dystryktu Barbara Pawlisz.\u00a0Spotkanie po\u015bwi\u0119cone by\u0142o najbli\u017cszym planom i dalszym zamierzeniom. Pani Gubernator poinformowa\u0142a nas o zmianach w redagowaniu naszego rotaria\u0144skiego pisma, o maj\u0105cym si\u0119 odby\u0107 konkursie krasom\u00f3wczym dla m\u0142odzie\u017cy,\u00a0 planach szkole\u0144 i innych spotka\u0144 w Dystrykcie.\u00a0<\/p>\n\n\n\n<p class=\"wp-block-paragraph\">Zapowiedzia\u0142a te\u017c wizyt\u0119 Prezydenta RI\u00a0 Mr. K.R. Ravindran. Zaproszenie zosta\u0142o wcze\u015bniej przyj\u0119te i, je\u015bli nic nie pokrzy\u017cuje plan\u00f3w, b\u0119dziemy mieli wyj\u0105tkowe \u015bwi\u0119to w Dystrykcie.\u00a0Wielk\u0105 przyjemno\u015b\u0107 sprawi\u0142o nam odczytanie listu Aleksieja Kozhenkina wspominaj\u0105cego w\u0142a\u015bnie odbyte kolonie dla dzieci z Ukrainy. Wielk\u0105 tym bardziej, \u017ce to na nasz klub, w szczeg\u00f3lno\u015bci na Przewodnicz\u0105cego Komitetu Polska \u2013 Ukrainy Ryszarda \u0141uczyna, spad\u0142o wi\u0119kszo\u015b\u0107 obowi\u0105zk\u00f3w\u00a0 zwi\u0105zanych z organizacj\u0105 pobytu dzieci.\u00a0<\/p>\n\n\n\n<p class=\"wp-block-paragraph\">Nie zabrak\u0142o wa\u017cnych s\u0142\u00f3w o szczepieniach przeciw polio, o konieczno\u015bci dalszego gromadzenia \u015brodk\u00f3w na ten cel, tym bardziej \u017ce zupe\u0142nie niespodziewanie dwa nowe przypadki zachorowa\u0144 pojawi\u0142y si\u0119 na Zachodniej Ukrainie.\u00a0Wizyta Pani Gubernator by\u0142a wa\u017cna, potrzebna bo zach\u0119caj\u0105ca i motywuj\u0105ca do jeszcze bardziej energicznych dzia\u0142a\u0144 by has\u0142o Prezydenta RI\u00a0 \u201eBE A GIFT TO THE WORLD\u201d sta\u0142o si\u0119 faktem.<\/p>\n","protected":false},"excerpt":{"rendered":"<p>W pi\u0105tek 4.09.2015 r. odby\u0142o si\u0119 wyj\u0105tkowe spotkanie RC Zamo\u015b\u0107. Klub odwiedzi\u0142a Gubernator Dystryktu Barbara Pawlisz.\u00a0Spotkanie po\u015bwi\u0119cone by\u0142o najbli\u017cszym planom i dalszym zamierzeniom. Pani Gubernator poinformowa\u0142a nas o zmianach w redagowaniu naszego rotaria\u0144skiego pisma, o maj\u0105cym si\u0119 odby\u0107 konkursie krasom\u00f3wczym dla m\u0142odzie\u017cy,\u00a0 planach szkole\u0144 i innych spotka\u0144 w Dystrykcie.\u00a0 Zapowiedzia\u0142a te\u017c wizyt\u0119 Prezydenta RI\u00a0 Mr&#8230;.<\/p>\n","protected":false},"author":1,"featured_media":6119,"comment_status":"open","ping_status":"open","sticky":false,"template":"","format":"standard","meta":{"footnotes":""},"categories":[27],"tags":[],"class_list":["post-7585","post","type-post","status-publish","format-standard","has-post-thumbnail","hentry","category-27"],"rttpg_featured_image_url":{"full":["https:\/\/rotary.zamosc.pl\/wp-content\/uploads\/2025\/12\/rotary-logos.png",900,442,false],"landscape":["https:\/\/rotary.zamosc.pl\/wp-content\/uploads\/2025\/12\/rotary-logos.png",900,442,false],"portraits":["https:\/\/rotary.zamosc.pl\/wp-content\/uploads\/2025\/12\/rotary-logos.png",900,442,false],"thumbnail":["https:\/\/rotary.zamosc.pl\/wp-content\/uploads\/2025\/12\/rotary-logos-150x150.png",150,150,true],"medium":["https:\/\/rotary.zamosc.pl\/wp-content\/uploads\/2025\/12\/rotary-logos-300x147.png",300,147,true],"large":["https:\/\/rotary.zamosc.pl\/wp-content\/uploads\/2025\/12\/rotary-logos-700x344.png",700,344,true],"1536x1536":["https:\/\/rotary.zamosc.pl\/wp-content\/uploads\/2025\/12\/rotary-logos.png",900,442,false],"2048x2048":["https:\/\/rotary.zamosc.pl\/wp-content\/uploads\/2025\/12\/rotary-logos.png",900,442,false],"post-thumbnail":["https:\/\/rotary.zamosc.pl\/wp-content\/uploads\/2025\/12\/rotary-logos-800x393.png",800,393,true],"graphy-post-thumbnail-large":["https:\/\/rotary.zamosc.pl\/wp-content\/uploads\/2025\/12\/rotary-logos.png",900,442,false],"graphy-post-thumbnail-medium":["https:\/\/rotary.zamosc.pl\/wp-content\/uploads\/2025\/12\/rotary-logos-482x300.png",482,300,true],"graphy-post-thumbnail-small":["https:\/\/rotary.zamosc.pl\/wp-content\/uploads\/2025\/12\/rotary-logos-80x60.png",80,60,true],"graphy-page-thumbnail":["https:\/\/rotary.zamosc.pl\/wp-content\/uploads\/2025\/12\/rotary-logos-900x350.png",900,350,true],"sow-carousel-default":["https:\/\/rotary.zamosc.pl\/wp-content\/uploads\/2025\/12\/rotary-logos-272x182.png",272,182,true]},"rttpg_author":{"display_name":"rotaryzamosc","author_link":"https:\/\/rotary.zamosc.pl\/index.php\/author\/rotaryzamosc\/"},"rttpg_comment":0,"rttpg_category":"<a href=\"https:\/\/rotary.zamosc.pl\/index.php\/category\/2015\/\" rel=\"category tag\">2015<\/a>","rttpg_excerpt":"W pi\u0105tek 4.09.2015 r. odby\u0142o si\u0119 wyj\u0105tkowe spotkanie RC Zamo\u015b\u0107. Klub odwiedzi\u0142a Gubernator Dystryktu Barbara Pawlisz.\u00a0Spotkanie po\u015bwi\u0119cone by\u0142o najbli\u017cszym planom i dalszym zamierzeniom. Pani Gubernator poinformowa\u0142a nas o zmianach w redagowaniu naszego rotaria\u0144skiego pisma, o maj\u0105cym si\u0119 odby\u0107 konkursie krasom\u00f3wczym dla m\u0142odzie\u017cy,\u00a0 planach szkole\u0144 i innych spotka\u0144 w Dystrykcie.\u00a0 Zapowiedzia\u0142a te\u017c wizyt\u0119 Prezydenta RI\u00a0 Mr....","_links":{"self":[{"href":"https:\/\/rotary.zamosc.pl\/index.php\/wp-json\/wp\/v2\/posts\/7585","targetHints":{"allow":["GET"]}}],"collection":[{"href":"https:\/\/rotary.zamosc.pl\/index.php\/wp-json\/wp\/v2\/posts"}],"about":[{"href":"https:\/\/rotary.zamosc.pl\/index.php\/wp-json\/wp\/v2\/types\/post"}],"author":[{"embeddable":true,"href":"https:\/\/rotary.zamosc.pl\/index.php\/wp-json\/wp\/v2\/users\/1"}],"replies":[{"embeddable":true,"href":"https:\/\/rotary.zamosc.pl\/index.php\/wp-json\/wp\/v2\/comments?post=7585"}],"version-history":[{"count":1,"href":"https:\/\/rotary.zamosc.pl\/index.php\/wp-json\/wp\/v2\/posts\/7585\/revisions"}],"predecessor-version":[{"id":7586,"href":"https:\/\/rotary.zamosc.pl\/index.php\/wp-json\/wp\/v2\/posts\/7585\/revisions\/7586"}],"wp:featuredmedia":[{"embeddable":true,"href":"https:\/\/rotary.zamosc.pl\/index.php\/wp-json\/wp\/v2\/media\/6119"}],"wp:attachment":[{"href":"https:\/\/rotary.zamosc.pl\/index.php\/wp-json\/wp\/v2\/media?parent=7585"}],"wp:term":[{"taxonomy":"category","embeddable":true,"href":"https:\/\/rotary.zamosc.pl\/index.php\/wp-json\/wp\/v2\/categories?post=7585"},{"taxonomy":"post_tag","embeddable":true,"href":"https:\/\/rotary.zamosc.pl\/index.php\/wp-json\/wp\/v2\/tags?post=7585"}],"curies":[{"name":"wp","href":"https:\/\/api.w.org\/{rel}","templated":true}]}}