{"id":7603,"date":"2015-08-04T11:28:00","date_gmt":"2015-08-04T09:28:00","guid":{"rendered":"https:\/\/rotary.zamosc.pl\/?p=7603"},"modified":"2026-03-25T11:30:30","modified_gmt":"2026-03-25T10:30:30","slug":"nowa-czlonkini-rc-zamosc-elzbieta-szymanska","status":"publish","type":"post","link":"https:\/\/rotary.zamosc.pl\/index.php\/2015\/08\/04\/nowa-czlonkini-rc-zamosc-elzbieta-szymanska\/","title":{"rendered":"Nowa cz\u0142onkini RC Zamo\u015b\u0107 \u2013 El\u017cbieta Szyma\u0144ska"},"content":{"rendered":"\n<p class=\"wp-block-paragraph\">W dniu 04.08.2015 r. podczas spotkania inauguracyjnego Roku Rotaria\u0144skiego 2015-2016 Prezydent Jerzy Liberadzki wr\u0119czy\u0142 odznak\u0119 klubow\u0105 nowej cz\u0142onkini RC Zamo\u015b\u0107 kol. El\u017cbiecie Szyma\u0144skiej.<\/p>\n\n\n\n<figure class=\"wp-block-gallery has-nested-images columns-1 is-cropped wp-block-gallery-1 is-layout-flex wp-block-gallery-is-layout-flex\">\n<figure class=\"wp-block-image size-large\"><img fetchpriority=\"high\" decoding=\"async\" width=\"700\" height=\"467\" data-id=\"7607\" src=\"https:\/\/rotary.zamosc.pl\/wp-content\/uploads\/2026\/03\/Nowa-czlonkini-RC-Zamosc-\u2013-Elzbieta-Szymanska-4-700x467.jpg\" alt=\"\" class=\"wp-image-7607\" srcset=\"https:\/\/rotary.zamosc.pl\/wp-content\/uploads\/2026\/03\/Nowa-czlonkini-RC-Zamosc-\u2013-Elzbieta-Szymanska-4-700x467.jpg 700w, https:\/\/rotary.zamosc.pl\/wp-content\/uploads\/2026\/03\/Nowa-czlonkini-RC-Zamosc-\u2013-Elzbieta-Szymanska-4-300x200.jpg 300w, https:\/\/rotary.zamosc.pl\/wp-content\/uploads\/2026\/03\/Nowa-czlonkini-RC-Zamosc-\u2013-Elzbieta-Szymanska-4-768x512.jpg 768w, https:\/\/rotary.zamosc.pl\/wp-content\/uploads\/2026\/03\/Nowa-czlonkini-RC-Zamosc-\u2013-Elzbieta-Szymanska-4-800x533.jpg 800w, https:\/\/rotary.zamosc.pl\/wp-content\/uploads\/2026\/03\/Nowa-czlonkini-RC-Zamosc-\u2013-Elzbieta-Szymanska-4-272x182.jpg 272w, https:\/\/rotary.zamosc.pl\/wp-content\/uploads\/2026\/03\/Nowa-czlonkini-RC-Zamosc-\u2013-Elzbieta-Szymanska-4.jpg 1200w\" sizes=\"(max-width: 700px) 100vw, 700px\" \/><\/figure>\n\n\n\n<figure class=\"wp-block-image size-large\"><img decoding=\"async\" width=\"700\" height=\"467\" data-id=\"7606\" src=\"https:\/\/rotary.zamosc.pl\/wp-content\/uploads\/2026\/03\/Nowa-czlonkini-RC-Zamosc-\u2013-Elzbieta-Szymanska-3-700x467.jpg\" alt=\"\" class=\"wp-image-7606\" srcset=\"https:\/\/rotary.zamosc.pl\/wp-content\/uploads\/2026\/03\/Nowa-czlonkini-RC-Zamosc-\u2013-Elzbieta-Szymanska-3-700x467.jpg 700w, https:\/\/rotary.zamosc.pl\/wp-content\/uploads\/2026\/03\/Nowa-czlonkini-RC-Zamosc-\u2013-Elzbieta-Szymanska-3-300x200.jpg 300w, https:\/\/rotary.zamosc.pl\/wp-content\/uploads\/2026\/03\/Nowa-czlonkini-RC-Zamosc-\u2013-Elzbieta-Szymanska-3-768x512.jpg 768w, https:\/\/rotary.zamosc.pl\/wp-content\/uploads\/2026\/03\/Nowa-czlonkini-RC-Zamosc-\u2013-Elzbieta-Szymanska-3-800x533.jpg 800w, https:\/\/rotary.zamosc.pl\/wp-content\/uploads\/2026\/03\/Nowa-czlonkini-RC-Zamosc-\u2013-Elzbieta-Szymanska-3-272x182.jpg 272w, https:\/\/rotary.zamosc.pl\/wp-content\/uploads\/2026\/03\/Nowa-czlonkini-RC-Zamosc-\u2013-Elzbieta-Szymanska-3.jpg 1200w\" sizes=\"(max-width: 700px) 100vw, 700px\" \/><\/figure>\n\n\n\n<figure class=\"wp-block-image size-large\"><img decoding=\"async\" width=\"700\" height=\"467\" data-id=\"7605\" src=\"https:\/\/rotary.zamosc.pl\/wp-content\/uploads\/2026\/03\/Nowa-czlonkini-RC-Zamosc-\u2013-Elzbieta-Szymanska-2-700x467.jpg\" alt=\"\" class=\"wp-image-7605\" srcset=\"https:\/\/rotary.zamosc.pl\/wp-content\/uploads\/2026\/03\/Nowa-czlonkini-RC-Zamosc-\u2013-Elzbieta-Szymanska-2-700x467.jpg 700w, https:\/\/rotary.zamosc.pl\/wp-content\/uploads\/2026\/03\/Nowa-czlonkini-RC-Zamosc-\u2013-Elzbieta-Szymanska-2-300x200.jpg 300w, https:\/\/rotary.zamosc.pl\/wp-content\/uploads\/2026\/03\/Nowa-czlonkini-RC-Zamosc-\u2013-Elzbieta-Szymanska-2-768x512.jpg 768w, https:\/\/rotary.zamosc.pl\/wp-content\/uploads\/2026\/03\/Nowa-czlonkini-RC-Zamosc-\u2013-Elzbieta-Szymanska-2-800x533.jpg 800w, https:\/\/rotary.zamosc.pl\/wp-content\/uploads\/2026\/03\/Nowa-czlonkini-RC-Zamosc-\u2013-Elzbieta-Szymanska-2-272x182.jpg 272w, https:\/\/rotary.zamosc.pl\/wp-content\/uploads\/2026\/03\/Nowa-czlonkini-RC-Zamosc-\u2013-Elzbieta-Szymanska-2.jpg 1200w\" sizes=\"(max-width: 700px) 100vw, 700px\" \/><\/figure>\n<\/figure>\n","protected":false},"excerpt":{"rendered":"<p>W dniu 04.08.2015 r. podczas spotkania inauguracyjnego Roku Rotaria\u0144skiego 2015-2016 Prezydent Jerzy Liberadzki wr\u0119czy\u0142 odznak\u0119 klubow\u0105 nowej cz\u0142onkini RC Zamo\u015b\u0107 kol. El\u017cbiecie Szyma\u0144skiej.<\/p>\n","protected":false},"author":1,"featured_media":7604,"comment_status":"open","ping_status":"open","sticky":false,"template":"","format":"standard","meta":{"footnotes":""},"categories":[27],"tags":[],"class_list":["post-7603","post","type-post","status-publish","format-standard","has-post-thumbnail","hentry","category-27"],"rttpg_featured_image_url":{"full":["https:\/\/rotary.zamosc.pl\/wp-content\/uploads\/2026\/03\/Nowa-czlonkini-RC-Zamosc-\u2013-Elzbieta-Szymanska-1.jpg",1200,800,false],"landscape":["https:\/\/rotary.zamosc.pl\/wp-content\/uploads\/2026\/03\/Nowa-czlonkini-RC-Zamosc-\u2013-Elzbieta-Szymanska-1.jpg",1200,800,false],"portraits":["https:\/\/rotary.zamosc.pl\/wp-content\/uploads\/2026\/03\/Nowa-czlonkini-RC-Zamosc-\u2013-Elzbieta-Szymanska-1.jpg",1200,800,false],"thumbnail":["https:\/\/rotary.zamosc.pl\/wp-content\/uploads\/2026\/03\/Nowa-czlonkini-RC-Zamosc-\u2013-Elzbieta-Szymanska-1-150x150.jpg",150,150,true],"medium":["https:\/\/rotary.zamosc.pl\/wp-content\/uploads\/2026\/03\/Nowa-czlonkini-RC-Zamosc-\u2013-Elzbieta-Szymanska-1-300x200.jpg",300,200,true],"large":["https:\/\/rotary.zamosc.pl\/wp-content\/uploads\/2026\/03\/Nowa-czlonkini-RC-Zamosc-\u2013-Elzbieta-Szymanska-1-700x467.jpg",700,467,true],"1536x1536":["https:\/\/rotary.zamosc.pl\/wp-content\/uploads\/2026\/03\/Nowa-czlonkini-RC-Zamosc-\u2013-Elzbieta-Szymanska-1.jpg",1200,800,false],"2048x2048":["https:\/\/rotary.zamosc.pl\/wp-content\/uploads\/2026\/03\/Nowa-czlonkini-RC-Zamosc-\u2013-Elzbieta-Szymanska-1.jpg",1200,800,false],"post-thumbnail":["https:\/\/rotary.zamosc.pl\/wp-content\/uploads\/2026\/03\/Nowa-czlonkini-RC-Zamosc-\u2013-Elzbieta-Szymanska-1-800x533.jpg",800,533,true],"graphy-post-thumbnail-large":["https:\/\/rotary.zamosc.pl\/wp-content\/uploads\/2026\/03\/Nowa-czlonkini-RC-Zamosc-\u2013-Elzbieta-Szymanska-1-1080x600.jpg",1080,600,true],"graphy-post-thumbnail-medium":["https:\/\/rotary.zamosc.pl\/wp-content\/uploads\/2026\/03\/Nowa-czlonkini-RC-Zamosc-\u2013-Elzbieta-Szymanska-1-482x300.jpg",482,300,true],"graphy-post-thumbnail-small":["https:\/\/rotary.zamosc.pl\/wp-content\/uploads\/2026\/03\/Nowa-czlonkini-RC-Zamosc-\u2013-Elzbieta-Szymanska-1-80x60.jpg",80,60,true],"graphy-page-thumbnail":["https:\/\/rotary.zamosc.pl\/wp-content\/uploads\/2026\/03\/Nowa-czlonkini-RC-Zamosc-\u2013-Elzbieta-Szymanska-1-1200x350.jpg",1200,350,true],"sow-carousel-default":["https:\/\/rotary.zamosc.pl\/wp-content\/uploads\/2026\/03\/Nowa-czlonkini-RC-Zamosc-\u2013-Elzbieta-Szymanska-1-272x182.jpg",272,182,true]},"rttpg_author":{"display_name":"rotaryzamosc","author_link":"https:\/\/rotary.zamosc.pl\/index.php\/author\/rotaryzamosc\/"},"rttpg_comment":0,"rttpg_category":"<a href=\"https:\/\/rotary.zamosc.pl\/index.php\/category\/2015\/\" rel=\"category tag\">2015<\/a>","rttpg_excerpt":"W dniu 04.08.2015 r. podczas spotkania inauguracyjnego Roku Rotaria\u0144skiego 2015-2016 Prezydent Jerzy Liberadzki wr\u0119czy\u0142 odznak\u0119 klubow\u0105 nowej cz\u0142onkini RC Zamo\u015b\u0107 kol. El\u017cbiecie Szyma\u0144skiej.","_links":{"self":[{"href":"https:\/\/rotary.zamosc.pl\/index.php\/wp-json\/wp\/v2\/posts\/7603","targetHints":{"allow":["GET"]}}],"collection":[{"href":"https:\/\/rotary.zamosc.pl\/index.php\/wp-json\/wp\/v2\/posts"}],"about":[{"href":"https:\/\/rotary.zamosc.pl\/index.php\/wp-json\/wp\/v2\/types\/post"}],"author":[{"embeddable":true,"href":"https:\/\/rotary.zamosc.pl\/index.php\/wp-json\/wp\/v2\/users\/1"}],"replies":[{"embeddable":true,"href":"https:\/\/rotary.zamosc.pl\/index.php\/wp-json\/wp\/v2\/comments?post=7603"}],"version-history":[{"count":1,"href":"https:\/\/rotary.zamosc.pl\/index.php\/wp-json\/wp\/v2\/posts\/7603\/revisions"}],"predecessor-version":[{"id":7608,"href":"https:\/\/rotary.zamosc.pl\/index.php\/wp-json\/wp\/v2\/posts\/7603\/revisions\/7608"}],"wp:featuredmedia":[{"embeddable":true,"href":"https:\/\/rotary.zamosc.pl\/index.php\/wp-json\/wp\/v2\/media\/7604"}],"wp:attachment":[{"href":"https:\/\/rotary.zamosc.pl\/index.php\/wp-json\/wp\/v2\/media?parent=7603"}],"wp:term":[{"taxonomy":"category","embeddable":true,"href":"https:\/\/rotary.zamosc.pl\/index.php\/wp-json\/wp\/v2\/categories?post=7603"},{"taxonomy":"post_tag","embeddable":true,"href":"https:\/\/rotary.zamosc.pl\/index.php\/wp-json\/wp\/v2\/tags?post=7603"}],"curies":[{"name":"wp","href":"https:\/\/api.w.org\/{rel}","templated":true}]}}