{"id":7609,"date":"2015-06-30T11:30:00","date_gmt":"2015-06-30T09:30:00","guid":{"rendered":"https:\/\/rotary.zamosc.pl\/?p=7609"},"modified":"2026-03-25T11:32:33","modified_gmt":"2026-03-25T10:32:33","slug":"przekazanie-wladzy-nowy-prezydent-jerzy-liberadzki-30-06-2015","status":"publish","type":"post","link":"https:\/\/rotary.zamosc.pl\/index.php\/2015\/06\/30\/przekazanie-wladzy-nowy-prezydent-jerzy-liberadzki-30-06-2015\/","title":{"rendered":"Przekazanie w\u0142adzy \u2013 nowy Prezydent Jerzy Liberadzki 30.06.2015"},"content":{"rendered":"\n<p class=\"wp-block-paragraph\">W dniu 30.06.2015 roku w siedzibie klubu Rotary Zamo\u015b\u0107 w Corner Pub odby\u0142o si\u0119 Uroczyste przekazanie insygni\u00f3w S\u0142u\u017cby w obecno\u015bci Cz\u0142onk\u00f3w Rotary Klub i zaproszonych Go\u015bci, ust\u0119puj\u0105cy Prezydent Ryszard \u0141uczyn podzi\u0119kowa\u0142 wszystkim Rotarianom za wsp\u00f3\u0142prac\u0119 w latach 2014-2015 po czym przekaza\u0142 insygnia Prezydenckie nowemu Prezydentowi Jerzemu Liberadzkiemu.<\/p>\n\n\n\n<p class=\"wp-block-paragraph\">Nowy Prezydent przedstawi\u0142 sk\u0142ad nowego Prezydium na lata 2015-2016 i sk\u0142ady komisji, V-ce Przewodnicz\u0105cy zamojskiego Klubu Rotary Miros\u0142aw Piwkowski wydeklamowa\u0142 s\u0142owa hymnu Rotaria\u0144skiego napisanego przez Moola po czym nast\u0105pi\u0142a cz\u0119\u015b\u0107 nieoficjalna gdzie w kuluarach Corner Pub rozmawiano o perspektywach i przysz\u0142o\u015bci Klubu. <\/p>\n\n\n\n<p class=\"wp-block-paragraph\">Tego dnia r\u00f3wnie\u017c uhonorowali\u015bmy szefa Inter Country Committees Poland-Ukraine kolege Ryszard \u0141uczyn<\/p>\n\n\n\n<figure class=\"wp-block-gallery has-nested-images columns-1 is-cropped wp-block-gallery-1 is-layout-flex wp-block-gallery-is-layout-flex\">\n<figure class=\"wp-block-image size-large\"><img fetchpriority=\"high\" decoding=\"async\" width=\"700\" height=\"525\" data-id=\"7614\" src=\"https:\/\/rotary.zamosc.pl\/wp-content\/uploads\/2026\/03\/Przekazanie-wladzy-\u2013-nowy-Prezydent-Jerzy-Liberadzki-30.06.2015-5-700x525.jpg\" alt=\"\" class=\"wp-image-7614\" srcset=\"https:\/\/rotary.zamosc.pl\/wp-content\/uploads\/2026\/03\/Przekazanie-wladzy-\u2013-nowy-Prezydent-Jerzy-Liberadzki-30.06.2015-5-700x525.jpg 700w, https:\/\/rotary.zamosc.pl\/wp-content\/uploads\/2026\/03\/Przekazanie-wladzy-\u2013-nowy-Prezydent-Jerzy-Liberadzki-30.06.2015-5-300x225.jpg 300w, https:\/\/rotary.zamosc.pl\/wp-content\/uploads\/2026\/03\/Przekazanie-wladzy-\u2013-nowy-Prezydent-Jerzy-Liberadzki-30.06.2015-5-768x576.jpg 768w, https:\/\/rotary.zamosc.pl\/wp-content\/uploads\/2026\/03\/Przekazanie-wladzy-\u2013-nowy-Prezydent-Jerzy-Liberadzki-30.06.2015-5-800x600.jpg 800w, https:\/\/rotary.zamosc.pl\/wp-content\/uploads\/2026\/03\/Przekazanie-wladzy-\u2013-nowy-Prezydent-Jerzy-Liberadzki-30.06.2015-5-80x60.jpg 80w, https:\/\/rotary.zamosc.pl\/wp-content\/uploads\/2026\/03\/Przekazanie-wladzy-\u2013-nowy-Prezydent-Jerzy-Liberadzki-30.06.2015-5.jpg 1200w\" sizes=\"(max-width: 700px) 100vw, 700px\" \/><\/figure>\n\n\n\n<figure class=\"wp-block-image size-large\"><img decoding=\"async\" width=\"700\" height=\"525\" data-id=\"7613\" src=\"https:\/\/rotary.zamosc.pl\/wp-content\/uploads\/2026\/03\/Przekazanie-wladzy-\u2013-nowy-Prezydent-Jerzy-Liberadzki-30.06.2015-4-700x525.jpg\" alt=\"\" class=\"wp-image-7613\" srcset=\"https:\/\/rotary.zamosc.pl\/wp-content\/uploads\/2026\/03\/Przekazanie-wladzy-\u2013-nowy-Prezydent-Jerzy-Liberadzki-30.06.2015-4-700x525.jpg 700w, https:\/\/rotary.zamosc.pl\/wp-content\/uploads\/2026\/03\/Przekazanie-wladzy-\u2013-nowy-Prezydent-Jerzy-Liberadzki-30.06.2015-4-300x225.jpg 300w, https:\/\/rotary.zamosc.pl\/wp-content\/uploads\/2026\/03\/Przekazanie-wladzy-\u2013-nowy-Prezydent-Jerzy-Liberadzki-30.06.2015-4-768x576.jpg 768w, https:\/\/rotary.zamosc.pl\/wp-content\/uploads\/2026\/03\/Przekazanie-wladzy-\u2013-nowy-Prezydent-Jerzy-Liberadzki-30.06.2015-4-800x600.jpg 800w, https:\/\/rotary.zamosc.pl\/wp-content\/uploads\/2026\/03\/Przekazanie-wladzy-\u2013-nowy-Prezydent-Jerzy-Liberadzki-30.06.2015-4-80x60.jpg 80w, https:\/\/rotary.zamosc.pl\/wp-content\/uploads\/2026\/03\/Przekazanie-wladzy-\u2013-nowy-Prezydent-Jerzy-Liberadzki-30.06.2015-4.jpg 1200w\" sizes=\"(max-width: 700px) 100vw, 700px\" \/><\/figure>\n\n\n\n<figure class=\"wp-block-image size-large\"><img decoding=\"async\" width=\"700\" height=\"933\" data-id=\"7611\" src=\"https:\/\/rotary.zamosc.pl\/wp-content\/uploads\/2026\/03\/Przekazanie-wladzy-\u2013-nowy-Prezydent-Jerzy-Liberadzki-30.06.2015-2-700x933.jpg\" alt=\"\" class=\"wp-image-7611\" srcset=\"https:\/\/rotary.zamosc.pl\/wp-content\/uploads\/2026\/03\/Przekazanie-wladzy-\u2013-nowy-Prezydent-Jerzy-Liberadzki-30.06.2015-2-700x933.jpg 700w, https:\/\/rotary.zamosc.pl\/wp-content\/uploads\/2026\/03\/Przekazanie-wladzy-\u2013-nowy-Prezydent-Jerzy-Liberadzki-30.06.2015-2-225x300.jpg 225w, https:\/\/rotary.zamosc.pl\/wp-content\/uploads\/2026\/03\/Przekazanie-wladzy-\u2013-nowy-Prezydent-Jerzy-Liberadzki-30.06.2015-2.jpg 720w\" sizes=\"(max-width: 700px) 100vw, 700px\" \/><\/figure>\n\n\n\n<figure class=\"wp-block-image size-large\"><img loading=\"lazy\" decoding=\"async\" width=\"700\" height=\"933\" data-id=\"7610\" src=\"https:\/\/rotary.zamosc.pl\/wp-content\/uploads\/2026\/03\/Przekazanie-wladzy-\u2013-nowy-Prezydent-Jerzy-Liberadzki-30.06.2015-1-700x933.jpg\" alt=\"\" class=\"wp-image-7610\" srcset=\"https:\/\/rotary.zamosc.pl\/wp-content\/uploads\/2026\/03\/Przekazanie-wladzy-\u2013-nowy-Prezydent-Jerzy-Liberadzki-30.06.2015-1-700x933.jpg 700w, https:\/\/rotary.zamosc.pl\/wp-content\/uploads\/2026\/03\/Przekazanie-wladzy-\u2013-nowy-Prezydent-Jerzy-Liberadzki-30.06.2015-1-225x300.jpg 225w, https:\/\/rotary.zamosc.pl\/wp-content\/uploads\/2026\/03\/Przekazanie-wladzy-\u2013-nowy-Prezydent-Jerzy-Liberadzki-30.06.2015-1.jpg 720w\" sizes=\"(max-width: 700px) 100vw, 700px\" \/><\/figure>\n<\/figure>\n","protected":false},"excerpt":{"rendered":"<p>W dniu 30.06.2015 roku w siedzibie klubu Rotary Zamo\u015b\u0107 w Corner Pub odby\u0142o si\u0119 Uroczyste przekazanie insygni\u00f3w S\u0142u\u017cby w obecno\u015bci Cz\u0142onk\u00f3w Rotary Klub i zaproszonych Go\u015bci, ust\u0119puj\u0105cy Prezydent Ryszard \u0141uczyn podzi\u0119kowa\u0142 wszystkim Rotarianom za wsp\u00f3\u0142prac\u0119 w latach 2014-2015 po czym przekaza\u0142 insygnia Prezydenckie nowemu Prezydentowi Jerzemu Liberadzkiemu. Nowy Prezydent przedstawi\u0142 sk\u0142ad nowego Prezydium na lata&#8230;<\/p>\n","protected":false},"author":1,"featured_media":7612,"comment_status":"open","ping_status":"open","sticky":false,"template":"","format":"standard","meta":{"footnotes":""},"categories":[27,21],"tags":[],"class_list":["post-7609","post","type-post","status-publish","format-standard","has-post-thumbnail","hentry","category-27","category-przekazania-wladzy"],"rttpg_featured_image_url":{"full":["https:\/\/rotary.zamosc.pl\/wp-content\/uploads\/2026\/03\/Przekazanie-wladzy-\u2013-nowy-Prezydent-Jerzy-Liberadzki-30.06.2015-3.jpg",720,960,false],"landscape":["https:\/\/rotary.zamosc.pl\/wp-content\/uploads\/2026\/03\/Przekazanie-wladzy-\u2013-nowy-Prezydent-Jerzy-Liberadzki-30.06.2015-3.jpg",720,960,false],"portraits":["https:\/\/rotary.zamosc.pl\/wp-content\/uploads\/2026\/03\/Przekazanie-wladzy-\u2013-nowy-Prezydent-Jerzy-Liberadzki-30.06.2015-3.jpg",720,960,false],"thumbnail":["https:\/\/rotary.zamosc.pl\/wp-content\/uploads\/2026\/03\/Przekazanie-wladzy-\u2013-nowy-Prezydent-Jerzy-Liberadzki-30.06.2015-3-150x150.jpg",150,150,true],"medium":["https:\/\/rotary.zamosc.pl\/wp-content\/uploads\/2026\/03\/Przekazanie-wladzy-\u2013-nowy-Prezydent-Jerzy-Liberadzki-30.06.2015-3-225x300.jpg",225,300,true],"large":["https:\/\/rotary.zamosc.pl\/wp-content\/uploads\/2026\/03\/Przekazanie-wladzy-\u2013-nowy-Prezydent-Jerzy-Liberadzki-30.06.2015-3-700x933.jpg",700,933,true],"1536x1536":["https:\/\/rotary.zamosc.pl\/wp-content\/uploads\/2026\/03\/Przekazanie-wladzy-\u2013-nowy-Prezydent-Jerzy-Liberadzki-30.06.2015-3.jpg",720,960,false],"2048x2048":["https:\/\/rotary.zamosc.pl\/wp-content\/uploads\/2026\/03\/Przekazanie-wladzy-\u2013-nowy-Prezydent-Jerzy-Liberadzki-30.06.2015-3.jpg",720,960,false],"post-thumbnail":["https:\/\/rotary.zamosc.pl\/wp-content\/uploads\/2026\/03\/Przekazanie-wladzy-\u2013-nowy-Prezydent-Jerzy-Liberadzki-30.06.2015-3.jpg",720,960,false],"graphy-post-thumbnail-large":["https:\/\/rotary.zamosc.pl\/wp-content\/uploads\/2026\/03\/Przekazanie-wladzy-\u2013-nowy-Prezydent-Jerzy-Liberadzki-30.06.2015-3-720x600.jpg",720,600,true],"graphy-post-thumbnail-medium":["https:\/\/rotary.zamosc.pl\/wp-content\/uploads\/2026\/03\/Przekazanie-wladzy-\u2013-nowy-Prezydent-Jerzy-Liberadzki-30.06.2015-3-482x300.jpg",482,300,true],"graphy-post-thumbnail-small":["https:\/\/rotary.zamosc.pl\/wp-content\/uploads\/2026\/03\/Przekazanie-wladzy-\u2013-nowy-Prezydent-Jerzy-Liberadzki-30.06.2015-3-80x60.jpg",80,60,true],"graphy-page-thumbnail":["https:\/\/rotary.zamosc.pl\/wp-content\/uploads\/2026\/03\/Przekazanie-wladzy-\u2013-nowy-Prezydent-Jerzy-Liberadzki-30.06.2015-3-720x350.jpg",720,350,true],"sow-carousel-default":["https:\/\/rotary.zamosc.pl\/wp-content\/uploads\/2026\/03\/Przekazanie-wladzy-\u2013-nowy-Prezydent-Jerzy-Liberadzki-30.06.2015-3-272x182.jpg",272,182,true]},"rttpg_author":{"display_name":"rotaryzamosc","author_link":"https:\/\/rotary.zamosc.pl\/index.php\/author\/rotaryzamosc\/"},"rttpg_comment":0,"rttpg_category":"<a href=\"https:\/\/rotary.zamosc.pl\/index.php\/category\/2015\/\" rel=\"category tag\">2015<\/a> <a href=\"https:\/\/rotary.zamosc.pl\/index.php\/category\/przekazania-wladzy\/\" rel=\"category tag\">Przekazania w\u0142adzy<\/a>","rttpg_excerpt":"W dniu 30.06.2015 roku w siedzibie klubu Rotary Zamo\u015b\u0107 w Corner Pub odby\u0142o si\u0119 Uroczyste przekazanie insygni\u00f3w S\u0142u\u017cby w obecno\u015bci Cz\u0142onk\u00f3w Rotary Klub i zaproszonych Go\u015bci, ust\u0119puj\u0105cy Prezydent Ryszard \u0141uczyn podzi\u0119kowa\u0142 wszystkim Rotarianom za wsp\u00f3\u0142prac\u0119 w latach 2014-2015 po czym przekaza\u0142 insygnia Prezydenckie nowemu Prezydentowi Jerzemu Liberadzkiemu. Nowy Prezydent przedstawi\u0142 sk\u0142ad nowego Prezydium na lata...","_links":{"self":[{"href":"https:\/\/rotary.zamosc.pl\/index.php\/wp-json\/wp\/v2\/posts\/7609","targetHints":{"allow":["GET"]}}],"collection":[{"href":"https:\/\/rotary.zamosc.pl\/index.php\/wp-json\/wp\/v2\/posts"}],"about":[{"href":"https:\/\/rotary.zamosc.pl\/index.php\/wp-json\/wp\/v2\/types\/post"}],"author":[{"embeddable":true,"href":"https:\/\/rotary.zamosc.pl\/index.php\/wp-json\/wp\/v2\/users\/1"}],"replies":[{"embeddable":true,"href":"https:\/\/rotary.zamosc.pl\/index.php\/wp-json\/wp\/v2\/comments?post=7609"}],"version-history":[{"count":1,"href":"https:\/\/rotary.zamosc.pl\/index.php\/wp-json\/wp\/v2\/posts\/7609\/revisions"}],"predecessor-version":[{"id":7615,"href":"https:\/\/rotary.zamosc.pl\/index.php\/wp-json\/wp\/v2\/posts\/7609\/revisions\/7615"}],"wp:featuredmedia":[{"embeddable":true,"href":"https:\/\/rotary.zamosc.pl\/index.php\/wp-json\/wp\/v2\/media\/7612"}],"wp:attachment":[{"href":"https:\/\/rotary.zamosc.pl\/index.php\/wp-json\/wp\/v2\/media?parent=7609"}],"wp:term":[{"taxonomy":"category","embeddable":true,"href":"https:\/\/rotary.zamosc.pl\/index.php\/wp-json\/wp\/v2\/categories?post=7609"},{"taxonomy":"post_tag","embeddable":true,"href":"https:\/\/rotary.zamosc.pl\/index.php\/wp-json\/wp\/v2\/tags?post=7609"}],"curies":[{"name":"wp","href":"https:\/\/api.w.org\/{rel}","templated":true}]}}