{"id":7635,"date":"2015-06-12T11:37:00","date_gmt":"2015-06-12T09:37:00","guid":{"rendered":"https:\/\/rotary.zamosc.pl\/?p=7635"},"modified":"2026-03-25T11:39:25","modified_gmt":"2026-03-25T10:39:25","slug":"xv-lecie-rc-jaroslaw-12-06-2015","status":"publish","type":"post","link":"https:\/\/rotary.zamosc.pl\/index.php\/2015\/06\/12\/xv-lecie-rc-jaroslaw-12-06-2015\/","title":{"rendered":"XV lecie RC Jaros\u0142aw 12.06.2015"},"content":{"rendered":"\n<p class=\"wp-block-paragraph\">W dniu 12.06.2015 r. odby\u0142a si\u0119 uroczysto\u015b\u0107 XV lecie RC Jaros\u0142aw. Spotkanie odby\u0142o si\u0119 w Pa\u0142acu w O\u017ca\u0144sku. Klub RC Zamo\u015b\u0107 reprezentowa\u0142 Jerzy Liberadzki, Mirek Piwkowski, Bogdan Szyma\u0144ski.<\/p>\n\n\n\n<figure class=\"wp-block-gallery has-nested-images columns-1 is-cropped wp-block-gallery-1 is-layout-flex wp-block-gallery-is-layout-flex\">\n<figure class=\"wp-block-image size-large\"><img fetchpriority=\"high\" decoding=\"async\" width=\"700\" height=\"525\" data-id=\"7640\" src=\"https:\/\/rotary.zamosc.pl\/wp-content\/uploads\/2026\/03\/XV-lecie-RC-Jaroslaw-12.06-5-700x525.jpg\" alt=\"\" class=\"wp-image-7640\" srcset=\"https:\/\/rotary.zamosc.pl\/wp-content\/uploads\/2026\/03\/XV-lecie-RC-Jaroslaw-12.06-5-700x525.jpg 700w, https:\/\/rotary.zamosc.pl\/wp-content\/uploads\/2026\/03\/XV-lecie-RC-Jaroslaw-12.06-5-300x225.jpg 300w, https:\/\/rotary.zamosc.pl\/wp-content\/uploads\/2026\/03\/XV-lecie-RC-Jaroslaw-12.06-5-768x576.jpg 768w, https:\/\/rotary.zamosc.pl\/wp-content\/uploads\/2026\/03\/XV-lecie-RC-Jaroslaw-12.06-5-800x600.jpg 800w, https:\/\/rotary.zamosc.pl\/wp-content\/uploads\/2026\/03\/XV-lecie-RC-Jaroslaw-12.06-5-80x60.jpg 80w, https:\/\/rotary.zamosc.pl\/wp-content\/uploads\/2026\/03\/XV-lecie-RC-Jaroslaw-12.06-5.jpg 1200w\" sizes=\"(max-width: 700px) 100vw, 700px\" \/><\/figure>\n\n\n\n<figure class=\"wp-block-image size-large\"><img decoding=\"async\" width=\"700\" height=\"525\" data-id=\"7639\" src=\"https:\/\/rotary.zamosc.pl\/wp-content\/uploads\/2026\/03\/XV-lecie-RC-Jaroslaw-12.06-4-700x525.jpg\" alt=\"\" class=\"wp-image-7639\" srcset=\"https:\/\/rotary.zamosc.pl\/wp-content\/uploads\/2026\/03\/XV-lecie-RC-Jaroslaw-12.06-4-700x525.jpg 700w, https:\/\/rotary.zamosc.pl\/wp-content\/uploads\/2026\/03\/XV-lecie-RC-Jaroslaw-12.06-4-300x225.jpg 300w, https:\/\/rotary.zamosc.pl\/wp-content\/uploads\/2026\/03\/XV-lecie-RC-Jaroslaw-12.06-4-768x576.jpg 768w, https:\/\/rotary.zamosc.pl\/wp-content\/uploads\/2026\/03\/XV-lecie-RC-Jaroslaw-12.06-4-800x600.jpg 800w, https:\/\/rotary.zamosc.pl\/wp-content\/uploads\/2026\/03\/XV-lecie-RC-Jaroslaw-12.06-4-80x60.jpg 80w, https:\/\/rotary.zamosc.pl\/wp-content\/uploads\/2026\/03\/XV-lecie-RC-Jaroslaw-12.06-4.jpg 1200w\" sizes=\"(max-width: 700px) 100vw, 700px\" \/><\/figure>\n\n\n\n<figure class=\"wp-block-image size-large\"><img decoding=\"async\" width=\"700\" height=\"525\" data-id=\"7638\" src=\"https:\/\/rotary.zamosc.pl\/wp-content\/uploads\/2026\/03\/XV-lecie-RC-Jaroslaw-12.06-3-700x525.jpg\" alt=\"\" class=\"wp-image-7638\" srcset=\"https:\/\/rotary.zamosc.pl\/wp-content\/uploads\/2026\/03\/XV-lecie-RC-Jaroslaw-12.06-3-700x525.jpg 700w, https:\/\/rotary.zamosc.pl\/wp-content\/uploads\/2026\/03\/XV-lecie-RC-Jaroslaw-12.06-3-300x225.jpg 300w, https:\/\/rotary.zamosc.pl\/wp-content\/uploads\/2026\/03\/XV-lecie-RC-Jaroslaw-12.06-3-768x576.jpg 768w, https:\/\/rotary.zamosc.pl\/wp-content\/uploads\/2026\/03\/XV-lecie-RC-Jaroslaw-12.06-3-800x600.jpg 800w, https:\/\/rotary.zamosc.pl\/wp-content\/uploads\/2026\/03\/XV-lecie-RC-Jaroslaw-12.06-3-80x60.jpg 80w, https:\/\/rotary.zamosc.pl\/wp-content\/uploads\/2026\/03\/XV-lecie-RC-Jaroslaw-12.06-3.jpg 1200w\" sizes=\"(max-width: 700px) 100vw, 700px\" \/><\/figure>\n\n\n\n<figure class=\"wp-block-image size-large\"><img loading=\"lazy\" decoding=\"async\" width=\"700\" height=\"525\" data-id=\"7637\" src=\"https:\/\/rotary.zamosc.pl\/wp-content\/uploads\/2026\/03\/XV-lecie-RC-Jaroslaw-12.06-2-700x525.jpg\" alt=\"\" class=\"wp-image-7637\" srcset=\"https:\/\/rotary.zamosc.pl\/wp-content\/uploads\/2026\/03\/XV-lecie-RC-Jaroslaw-12.06-2-700x525.jpg 700w, https:\/\/rotary.zamosc.pl\/wp-content\/uploads\/2026\/03\/XV-lecie-RC-Jaroslaw-12.06-2-300x225.jpg 300w, https:\/\/rotary.zamosc.pl\/wp-content\/uploads\/2026\/03\/XV-lecie-RC-Jaroslaw-12.06-2-768x576.jpg 768w, https:\/\/rotary.zamosc.pl\/wp-content\/uploads\/2026\/03\/XV-lecie-RC-Jaroslaw-12.06-2-800x600.jpg 800w, https:\/\/rotary.zamosc.pl\/wp-content\/uploads\/2026\/03\/XV-lecie-RC-Jaroslaw-12.06-2-80x60.jpg 80w, https:\/\/rotary.zamosc.pl\/wp-content\/uploads\/2026\/03\/XV-lecie-RC-Jaroslaw-12.06-2.jpg 1200w\" sizes=\"(max-width: 700px) 100vw, 700px\" \/><\/figure>\n<\/figure>\n","protected":false},"excerpt":{"rendered":"<p>W dniu 12.06.2015 r. odby\u0142a si\u0119 uroczysto\u015b\u0107 XV lecie RC Jaros\u0142aw. Spotkanie odby\u0142o si\u0119 w Pa\u0142acu w O\u017ca\u0144sku. Klub RC Zamo\u015b\u0107 reprezentowa\u0142 Jerzy Liberadzki, Mirek Piwkowski, Bogdan Szyma\u0144ski.<\/p>\n","protected":false},"author":1,"featured_media":7636,"comment_status":"open","ping_status":"open","sticky":false,"template":"","format":"standard","meta":{"footnotes":""},"categories":[27],"tags":[],"class_list":["post-7635","post","type-post","status-publish","format-standard","has-post-thumbnail","hentry","category-27"],"rttpg_featured_image_url":{"full":["https:\/\/rotary.zamosc.pl\/wp-content\/uploads\/2026\/03\/XV-lecie-RC-Jaroslaw-12.06-1.jpg",1200,900,false],"landscape":["https:\/\/rotary.zamosc.pl\/wp-content\/uploads\/2026\/03\/XV-lecie-RC-Jaroslaw-12.06-1.jpg",1200,900,false],"portraits":["https:\/\/rotary.zamosc.pl\/wp-content\/uploads\/2026\/03\/XV-lecie-RC-Jaroslaw-12.06-1.jpg",1200,900,false],"thumbnail":["https:\/\/rotary.zamosc.pl\/wp-content\/uploads\/2026\/03\/XV-lecie-RC-Jaroslaw-12.06-1-150x150.jpg",150,150,true],"medium":["https:\/\/rotary.zamosc.pl\/wp-content\/uploads\/2026\/03\/XV-lecie-RC-Jaroslaw-12.06-1-300x225.jpg",300,225,true],"large":["https:\/\/rotary.zamosc.pl\/wp-content\/uploads\/2026\/03\/XV-lecie-RC-Jaroslaw-12.06-1-700x525.jpg",700,525,true],"1536x1536":["https:\/\/rotary.zamosc.pl\/wp-content\/uploads\/2026\/03\/XV-lecie-RC-Jaroslaw-12.06-1.jpg",1200,900,false],"2048x2048":["https:\/\/rotary.zamosc.pl\/wp-content\/uploads\/2026\/03\/XV-lecie-RC-Jaroslaw-12.06-1.jpg",1200,900,false],"post-thumbnail":["https:\/\/rotary.zamosc.pl\/wp-content\/uploads\/2026\/03\/XV-lecie-RC-Jaroslaw-12.06-1-800x600.jpg",800,600,true],"graphy-post-thumbnail-large":["https:\/\/rotary.zamosc.pl\/wp-content\/uploads\/2026\/03\/XV-lecie-RC-Jaroslaw-12.06-1-1080x600.jpg",1080,600,true],"graphy-post-thumbnail-medium":["https:\/\/rotary.zamosc.pl\/wp-content\/uploads\/2026\/03\/XV-lecie-RC-Jaroslaw-12.06-1-482x300.jpg",482,300,true],"graphy-post-thumbnail-small":["https:\/\/rotary.zamosc.pl\/wp-content\/uploads\/2026\/03\/XV-lecie-RC-Jaroslaw-12.06-1-80x60.jpg",80,60,true],"graphy-page-thumbnail":["https:\/\/rotary.zamosc.pl\/wp-content\/uploads\/2026\/03\/XV-lecie-RC-Jaroslaw-12.06-1-1200x350.jpg",1200,350,true],"sow-carousel-default":["https:\/\/rotary.zamosc.pl\/wp-content\/uploads\/2026\/03\/XV-lecie-RC-Jaroslaw-12.06-1-272x182.jpg",272,182,true]},"rttpg_author":{"display_name":"rotaryzamosc","author_link":"https:\/\/rotary.zamosc.pl\/index.php\/author\/rotaryzamosc\/"},"rttpg_comment":0,"rttpg_category":"<a href=\"https:\/\/rotary.zamosc.pl\/index.php\/category\/2015\/\" rel=\"category tag\">2015<\/a>","rttpg_excerpt":"W dniu 12.06.2015 r. odby\u0142a si\u0119 uroczysto\u015b\u0107 XV lecie RC Jaros\u0142aw. Spotkanie odby\u0142o si\u0119 w Pa\u0142acu w O\u017ca\u0144sku. Klub RC Zamo\u015b\u0107 reprezentowa\u0142 Jerzy Liberadzki, Mirek Piwkowski, Bogdan Szyma\u0144ski.","_links":{"self":[{"href":"https:\/\/rotary.zamosc.pl\/index.php\/wp-json\/wp\/v2\/posts\/7635","targetHints":{"allow":["GET"]}}],"collection":[{"href":"https:\/\/rotary.zamosc.pl\/index.php\/wp-json\/wp\/v2\/posts"}],"about":[{"href":"https:\/\/rotary.zamosc.pl\/index.php\/wp-json\/wp\/v2\/types\/post"}],"author":[{"embeddable":true,"href":"https:\/\/rotary.zamosc.pl\/index.php\/wp-json\/wp\/v2\/users\/1"}],"replies":[{"embeddable":true,"href":"https:\/\/rotary.zamosc.pl\/index.php\/wp-json\/wp\/v2\/comments?post=7635"}],"version-history":[{"count":1,"href":"https:\/\/rotary.zamosc.pl\/index.php\/wp-json\/wp\/v2\/posts\/7635\/revisions"}],"predecessor-version":[{"id":7641,"href":"https:\/\/rotary.zamosc.pl\/index.php\/wp-json\/wp\/v2\/posts\/7635\/revisions\/7641"}],"wp:featuredmedia":[{"embeddable":true,"href":"https:\/\/rotary.zamosc.pl\/index.php\/wp-json\/wp\/v2\/media\/7636"}],"wp:attachment":[{"href":"https:\/\/rotary.zamosc.pl\/index.php\/wp-json\/wp\/v2\/media?parent=7635"}],"wp:term":[{"taxonomy":"category","embeddable":true,"href":"https:\/\/rotary.zamosc.pl\/index.php\/wp-json\/wp\/v2\/categories?post=7635"},{"taxonomy":"post_tag","embeddable":true,"href":"https:\/\/rotary.zamosc.pl\/index.php\/wp-json\/wp\/v2\/tags?post=7635"}],"curies":[{"name":"wp","href":"https:\/\/api.w.org\/{rel}","templated":true}]}}