{"id":7670,"date":"2011-04-30T11:50:00","date_gmt":"2011-04-30T09:50:00","guid":{"rendered":"https:\/\/rotary.zamosc.pl\/?p=7670"},"modified":"2026-03-25T11:52:00","modified_gmt":"2026-03-25T10:52:00","slug":"ekslibris-2011","status":"publish","type":"post","link":"https:\/\/rotary.zamosc.pl\/index.php\/2011\/04\/30\/ekslibris-2011\/","title":{"rendered":"Ekslibris 2011"},"content":{"rendered":"\n<p class=\"wp-block-paragraph\">Ekslibris z motywem zamojskim to tytu\u0142 wystawy w Ksi\u0105\u017cnicy Zamojskiej im. St. Kostki Zamoyskiego w Zamo\u015bciu. Ekspozycja prezentuje ponad 160 znak\u00f3w w\u0142asno\u015bciowych, kt\u00f3rych wsp\u00f3ln\u0105 cech\u0105 jest motyw zamojski. Ekslibrisy pochodz\u0105 z prywatnych zbior\u00f3w zamojskich kolekcjoner\u00f3w: Stanis\u0142awa Rudego i Krzysztofa Wr\u00f3blewskiego \u2013 past prezydenta 2009\/2010, cz\u0142onka RC Zamo\u015b\u0107. \u201eSzczeg\u00f3lny rozw\u00f3j tej formy znaku ksi\u0105\u017ckowego nast\u0105pi\u0142 w okresie nowo\u017cytnym, a zw\u0142aszcza w kulturze baroku, lubuj\u0105cego si\u0119 w literaturze i sztuce emblematycznej. <\/p>\n\n\n\n<p class=\"wp-block-paragraph\">Forma oznaczania ksi\u0119gozbioru ekslibrisem spopularyzowana zosta\u0142a w XIX w. i na pocz\u0105tku ubieg\u0142ego stuleci\u201d- m\u00f3wi Krzysztof Wr\u00f3blewski. Obecnie funkcja ekslibrisu uleg\u0142a zmianie. Coraz rzadziej jest faktycznym znakiem ksi\u0105\u017ckowym, staj\u0105c si\u0119 uznan\u0105 form\u0105 tw\u00f3rczo\u015bci artystyczne i przedmiotem kolekcjonerskiego zainteresowania, przyj\u0105\u0142 rol\u0119 pomocnicz\u0105 w promocji okre\u015blonych os\u00f3b, miejsc, miast, zabytk\u00f3w, zdarze\u0144 czy atrakcji \u2013 dodaje Krzysztof, w\u0142a\u015bciciel jednej z najwi\u0119kszej w kraju kolekcji tych dzie\u0142 sztuki graficznej. <\/p>\n\n\n\n<p class=\"wp-block-paragraph\">W dzisiejszym zabieganym \u015bwiecie pos\u0142ugiwanie si\u0119 ekslibrisem jest uwa\u017cane za wyraz wysokiego szacunku i dba\u0142o\u015bci o ksi\u0105\u017cki, jak r\u00f3wnie\u017c wysokich potrzeb kulturalnych ich w\u0142a\u015bciciela. My\u015bl\u0119 r\u00f3wnie\u017c, \u017ce ekslibris wykonany w szlachetnej technice graficznej (drzeworyt, miedzioryt, akwaforta, litografia) podnosi walory artystyczne ksi\u0105\u017cki, warto\u015b\u0107 kolekcjonersk\u0105 danego egzemplarza, daj\u0105c jednocze\u015bnie \u015bwiadectwo bibliofilskiego do niej stosunku. Zbieranie ekslibris\u00f3w to dzisiaj jedna z dziedzin kolekcjonerstwa. <\/p>\n\n\n\n<p class=\"wp-block-paragraph\">We wsp\u00f3\u0142czesnym kolekcjonerstwie znak\u00f3w ksi\u0105\u017ckowych wyr\u00f3\u017cni\u0107 mo\u017cemy dwa nurty: \u2013 zbieractwo ekslibris\u00f3w jako znak\u00f3w w\u0142asno\u015bciowych ksi\u0105\u017cki, okre\u015blaj\u0105cy jej proweniencj\u0119 wg \u0142aci\u0144skiego powiedzenia: habent sua fata libelli \/\u201dmaj\u0105 swoje losy ksi\u0105\u017cki\u201d\/; \u2013 kolekcjonowanie ekslibris\u00f3w jako dzie\u0142 sztuki graficznej. W Polsce i na \u015bwiecie organizowane s\u0105 wystawy, po\u015bwi\u0119cone wy\u0142\u0105cznie tej tematyce jak ta zamojska na kt\u00f3rej obok ekslibris\u00f3w wsp\u00f3\u0142czesnych, mo\u017cna zobaczy\u0107 grafiki zabytkowe, m.in. miedzioryt z 1815 r. \u2013 ekslibris Biblioteki Ordynacji Zamojskiej.<\/p>\n\n\n\n<figure class=\"wp-block-gallery has-nested-images columns-1 is-cropped wp-block-gallery-1 is-layout-flex wp-block-gallery-is-layout-flex\">\n<figure class=\"wp-block-image size-large\"><img fetchpriority=\"high\" decoding=\"async\" width=\"514\" height=\"480\" data-id=\"7675\" src=\"https:\/\/rotary.zamosc.pl\/wp-content\/uploads\/2026\/03\/Ekslibris-2011-5.jpg\" alt=\"\" class=\"wp-image-7675\" srcset=\"https:\/\/rotary.zamosc.pl\/wp-content\/uploads\/2026\/03\/Ekslibris-2011-5.jpg 514w, https:\/\/rotary.zamosc.pl\/wp-content\/uploads\/2026\/03\/Ekslibris-2011-5-300x280.jpg 300w\" sizes=\"(max-width: 514px) 100vw, 514px\" \/><\/figure>\n\n\n\n<figure class=\"wp-block-image size-large\"><img decoding=\"async\" width=\"640\" height=\"480\" data-id=\"7674\" src=\"https:\/\/rotary.zamosc.pl\/wp-content\/uploads\/2026\/03\/Ekslibris-2011-4.jpg\" alt=\"\" class=\"wp-image-7674\" srcset=\"https:\/\/rotary.zamosc.pl\/wp-content\/uploads\/2026\/03\/Ekslibris-2011-4.jpg 640w, https:\/\/rotary.zamosc.pl\/wp-content\/uploads\/2026\/03\/Ekslibris-2011-4-300x225.jpg 300w, https:\/\/rotary.zamosc.pl\/wp-content\/uploads\/2026\/03\/Ekslibris-2011-4-80x60.jpg 80w\" sizes=\"(max-width: 640px) 100vw, 640px\" \/><\/figure>\n\n\n\n<figure class=\"wp-block-image size-large\"><img decoding=\"async\" width=\"480\" height=\"640\" data-id=\"7672\" src=\"https:\/\/rotary.zamosc.pl\/wp-content\/uploads\/2026\/03\/Ekslibris-2011-2.jpg\" alt=\"\" class=\"wp-image-7672\" srcset=\"https:\/\/rotary.zamosc.pl\/wp-content\/uploads\/2026\/03\/Ekslibris-2011-2.jpg 480w, https:\/\/rotary.zamosc.pl\/wp-content\/uploads\/2026\/03\/Ekslibris-2011-2-225x300.jpg 225w\" sizes=\"(max-width: 480px) 100vw, 480px\" \/><\/figure>\n\n\n\n<figure class=\"wp-block-image size-large\"><img loading=\"lazy\" decoding=\"async\" width=\"480\" height=\"640\" data-id=\"7671\" src=\"https:\/\/rotary.zamosc.pl\/wp-content\/uploads\/2026\/03\/Ekslibris-2011-1.jpg\" alt=\"\" class=\"wp-image-7671\" srcset=\"https:\/\/rotary.zamosc.pl\/wp-content\/uploads\/2026\/03\/Ekslibris-2011-1.jpg 480w, https:\/\/rotary.zamosc.pl\/wp-content\/uploads\/2026\/03\/Ekslibris-2011-1-225x300.jpg 225w\" sizes=\"(max-width: 480px) 100vw, 480px\" \/><\/figure>\n<\/figure>\n","protected":false},"excerpt":{"rendered":"<p>Ekslibris z motywem zamojskim to tytu\u0142 wystawy w Ksi\u0105\u017cnicy Zamojskiej im. St. Kostki Zamoyskiego w Zamo\u015bciu. Ekspozycja prezentuje ponad 160 znak\u00f3w w\u0142asno\u015bciowych, kt\u00f3rych wsp\u00f3ln\u0105 cech\u0105 jest motyw zamojski. Ekslibrisy pochodz\u0105 z prywatnych zbior\u00f3w zamojskich kolekcjoner\u00f3w: Stanis\u0142awa Rudego i Krzysztofa Wr\u00f3blewskiego \u2013 past prezydenta 2009\/2010, cz\u0142onka RC Zamo\u015b\u0107. \u201eSzczeg\u00f3lny rozw\u00f3j tej formy znaku ksi\u0105\u017ckowego nast\u0105pi\u0142 w&#8230;<\/p>\n","protected":false},"author":1,"featured_media":7673,"comment_status":"open","ping_status":"open","sticky":false,"template":"","format":"standard","meta":{"footnotes":""},"categories":[29],"tags":[],"class_list":["post-7670","post","type-post","status-publish","format-standard","has-post-thumbnail","hentry","category-29"],"rttpg_featured_image_url":{"full":["https:\/\/rotary.zamosc.pl\/wp-content\/uploads\/2026\/03\/Ekslibris-2011-3.jpg",640,480,false],"landscape":["https:\/\/rotary.zamosc.pl\/wp-content\/uploads\/2026\/03\/Ekslibris-2011-3.jpg",640,480,false],"portraits":["https:\/\/rotary.zamosc.pl\/wp-content\/uploads\/2026\/03\/Ekslibris-2011-3.jpg",640,480,false],"thumbnail":["https:\/\/rotary.zamosc.pl\/wp-content\/uploads\/2026\/03\/Ekslibris-2011-3-150x150.jpg",150,150,true],"medium":["https:\/\/rotary.zamosc.pl\/wp-content\/uploads\/2026\/03\/Ekslibris-2011-3-300x225.jpg",300,225,true],"large":["https:\/\/rotary.zamosc.pl\/wp-content\/uploads\/2026\/03\/Ekslibris-2011-3.jpg",640,480,false],"1536x1536":["https:\/\/rotary.zamosc.pl\/wp-content\/uploads\/2026\/03\/Ekslibris-2011-3.jpg",640,480,false],"2048x2048":["https:\/\/rotary.zamosc.pl\/wp-content\/uploads\/2026\/03\/Ekslibris-2011-3.jpg",640,480,false],"post-thumbnail":["https:\/\/rotary.zamosc.pl\/wp-content\/uploads\/2026\/03\/Ekslibris-2011-3.jpg",640,480,false],"graphy-post-thumbnail-large":["https:\/\/rotary.zamosc.pl\/wp-content\/uploads\/2026\/03\/Ekslibris-2011-3.jpg",640,480,false],"graphy-post-thumbnail-medium":["https:\/\/rotary.zamosc.pl\/wp-content\/uploads\/2026\/03\/Ekslibris-2011-3-482x300.jpg",482,300,true],"graphy-post-thumbnail-small":["https:\/\/rotary.zamosc.pl\/wp-content\/uploads\/2026\/03\/Ekslibris-2011-3-80x60.jpg",80,60,true],"graphy-page-thumbnail":["https:\/\/rotary.zamosc.pl\/wp-content\/uploads\/2026\/03\/Ekslibris-2011-3-640x350.jpg",640,350,true],"sow-carousel-default":["https:\/\/rotary.zamosc.pl\/wp-content\/uploads\/2026\/03\/Ekslibris-2011-3-272x182.jpg",272,182,true]},"rttpg_author":{"display_name":"rotaryzamosc","author_link":"https:\/\/rotary.zamosc.pl\/index.php\/author\/rotaryzamosc\/"},"rttpg_comment":0,"rttpg_category":"<a href=\"https:\/\/rotary.zamosc.pl\/index.php\/category\/2011\/\" rel=\"category tag\">2011<\/a>","rttpg_excerpt":"Ekslibris z motywem zamojskim to tytu\u0142 wystawy w Ksi\u0105\u017cnicy Zamojskiej im. St. Kostki Zamoyskiego w Zamo\u015bciu. Ekspozycja prezentuje ponad 160 znak\u00f3w w\u0142asno\u015bciowych, kt\u00f3rych wsp\u00f3ln\u0105 cech\u0105 jest motyw zamojski. Ekslibrisy pochodz\u0105 z prywatnych zbior\u00f3w zamojskich kolekcjoner\u00f3w: Stanis\u0142awa Rudego i Krzysztofa Wr\u00f3blewskiego \u2013 past prezydenta 2009\/2010, cz\u0142onka RC Zamo\u015b\u0107. \u201eSzczeg\u00f3lny rozw\u00f3j tej formy znaku ksi\u0105\u017ckowego nast\u0105pi\u0142 w...","_links":{"self":[{"href":"https:\/\/rotary.zamosc.pl\/index.php\/wp-json\/wp\/v2\/posts\/7670","targetHints":{"allow":["GET"]}}],"collection":[{"href":"https:\/\/rotary.zamosc.pl\/index.php\/wp-json\/wp\/v2\/posts"}],"about":[{"href":"https:\/\/rotary.zamosc.pl\/index.php\/wp-json\/wp\/v2\/types\/post"}],"author":[{"embeddable":true,"href":"https:\/\/rotary.zamosc.pl\/index.php\/wp-json\/wp\/v2\/users\/1"}],"replies":[{"embeddable":true,"href":"https:\/\/rotary.zamosc.pl\/index.php\/wp-json\/wp\/v2\/comments?post=7670"}],"version-history":[{"count":1,"href":"https:\/\/rotary.zamosc.pl\/index.php\/wp-json\/wp\/v2\/posts\/7670\/revisions"}],"predecessor-version":[{"id":7676,"href":"https:\/\/rotary.zamosc.pl\/index.php\/wp-json\/wp\/v2\/posts\/7670\/revisions\/7676"}],"wp:featuredmedia":[{"embeddable":true,"href":"https:\/\/rotary.zamosc.pl\/index.php\/wp-json\/wp\/v2\/media\/7673"}],"wp:attachment":[{"href":"https:\/\/rotary.zamosc.pl\/index.php\/wp-json\/wp\/v2\/media?parent=7670"}],"wp:term":[{"taxonomy":"category","embeddable":true,"href":"https:\/\/rotary.zamosc.pl\/index.php\/wp-json\/wp\/v2\/categories?post=7670"},{"taxonomy":"post_tag","embeddable":true,"href":"https:\/\/rotary.zamosc.pl\/index.php\/wp-json\/wp\/v2\/tags?post=7670"}],"curies":[{"name":"wp","href":"https:\/\/api.w.org\/{rel}","templated":true}]}}