{"id":7731,"date":"2009-11-07T12:19:00","date_gmt":"2009-11-07T11:19:00","guid":{"rendered":"https:\/\/rotary.zamosc.pl\/?p=7731"},"modified":"2026-03-25T12:22:24","modified_gmt":"2026-03-25T11:22:24","slug":"xv-lat-rotary-club-zamosc","status":"publish","type":"post","link":"https:\/\/rotary.zamosc.pl\/index.php\/2009\/11\/07\/xv-lat-rotary-club-zamosc\/","title":{"rendered":"XV LAT ROTARY CLUB ZAMO\u015a\u0106"},"content":{"rendered":"\n<p class=\"wp-block-paragraph\">Min\u0119\u0142o 15 lat od kiedy Rotary Club jest obecny w\u015br\u00f3d zamojskich filantrop\u00f3w. Jubileusz \u015bwi\u0119towali\u015bmy 28 listopada podczas uroczystego spotkania w Sali Consulatus zamojskiego Ratusza i Andrzejkowym Balu Charytatywnym w hotelu \u201eArtis\u201d. Uroczysto\u015bci jubileuszowe zaszczyci\u0142 swoj\u0105 obecno\u015bci\u0105 Gubernator RI Dystryktu 2230 Tadeusz Pluzi\u0144ski. <\/p>\n\n\n\n<p class=\"wp-block-paragraph\">W\u015br\u00f3d zacnych go\u015bci byli: Prezydent Zamo\u015bcia Marcin Zamoyski, przedstawiciele klub\u00f3w rotaria\u0144skich z Che\u0142ma, Jaros\u0142awia, Lublina, Lwowa, Pu\u0142aw, Wolsztyna i Wroc\u0142awia, dawni prezydenci RC Zamo\u015b\u0107, beneficjenci naszych dzia\u0142a\u0144 charytatywnych i obecni rotarianie z rodzinami. Podczas uroczysto\u015bci w zamojskim ratuszu nadali\u015bmy tytu\u0142y Honorowego Cz\u0142onka Rotary Club Zamo\u015b\u0107. Otrzymali je: <strong>Zbigniew GUMULI\u0143SKI<\/strong>, szef zamojskiej sp\u00f3\u0142ki INFO-TV-FM; <strong>El\u017cbieta HA\u0141ASA<\/strong>, plastyk ze Zwierzy\u0144ca: <strong>Marcel STEFA\u0143SKI<\/strong> i <strong>Edouard LEZON<\/strong>, rotarianie z Francji oraz <strong>Janusz LISIECKI<\/strong> z RC Wolsztyn. Wiecz\u00f3r sp\u0119dzili\u015bmy w gronie 130 przyjaci\u00f3\u0142 i go\u015bci podczas Andrzejkowego Balu Charytatywnego, kt\u00f3remu przy\u015bwieca\u0142 szczytny cel: doch\u00f3d zostanie przekazany na wsparcie materialne uzdolnionej m\u0142odzie\u017cy w ramach <strong>STUDENCKIEGO FORUM STYPENDIALNEGO ROTARY CLUB ZAMO\u015a\u0106<\/strong>. <\/p>\n\n\n\n<p class=\"wp-block-paragraph\">C\u00f3\u017c wi\u0119cej o balu \u2013 bal jest po to, by si\u0119 bawi\u0107. Ten XIII Bal Charytatywny by\u0142 jeszcze po to, by si\u0119 podzieli\u0107 jubileuszem zamojskiego Rotary z innymi. \u201eJak si\u0119 dzieli, to si\u0119 mno\u017cy\u201d \u2013 mawia m\u00f3j dobry znajomy! Dobrym podsumowaniem XV lecia RC Zamo\u015b\u0107 s\u0105 s\u0142owa Gubernatora RI Dystryktu 2230 Tadeusza Pluzi\u0144skiego, kt\u00f3ry w swoim Li\u015bcie Gubernatora Nr 5\/2009 do wszystkich rotarian dystryktu napisa\u0142: <\/p>\n\n\n\n<p class=\"wp-block-paragraph\"><strong>\u201eW kolejno\u015bci nale\u017ca\u0142oby wspomnie\u0107 o wspania\u0142ej uroczysto\u015bci XV lecia RC Zamo\u015b\u0107. Ten zas\u0142u\u017cony klub bardzo dobrze pracuje a cz\u0119\u015b\u0107 oficjaln\u0105 zaszczyci\u0142 sam Prezydent miasta Pan Marcin Zamoyski w prostej linii potomek za\u0142o\u017cyciela miasta. Podkre\u015bla\u0142o to ci\u0105g\u0142o\u015b\u0107 historii i dobr\u0105 wsp\u00f3\u0142prac\u0119 Rotarian z miejscow\u0105 w\u0142adz\u0105, co zawsze owocuje zwi\u0119kszonymi mo\u017cliwo\u015bciami w skutecznej pracy Rotary. W listopadzie mia\u0142a miejsce jeszcze jedna wa\u017cna akcja. Odpowiadaj\u0105c na g\u0142osy p\u0142yn\u0105ce z Ukrainy, zorganizowali\u015bmy akcj\u0119 zakupu masek i zbi\u00f3rki lek\u00f3w przeciwdzia\u0142aj\u0105cych grypie. Pierwsza partia masek i lek\u00f3w dzi\u0119ki uprzejmo\u015bci naszych koleg\u00f3w z Ukrainy zosta\u0142y przewiezione do Lwowa. Osobi\u015bcie dostarczy\u0142em je do Zamo\u015bcia a tam zosta\u0142y rozdysponowane do poszczeg\u00f3lnych samochod\u00f3w i pojecha\u0142y na wsch\u00f3d. Druga partia masek zostanie przes\u0142ana na Ukrain\u0119 w tym tygodniu. Otrzymaj\u0105 je m.in. szpital w Kamionce Buskiej (Strumi\u0142owej) i nasi rodacy, kt\u00f3rzy pozostali za wschodnia granic\u0105\u201d.<\/strong><\/p>\n\n\n\n<figure class=\"wp-block-gallery has-nested-images columns-1 is-cropped wp-block-gallery-1 is-layout-flex wp-block-gallery-is-layout-flex\">\n<figure class=\"wp-block-image size-large\"><img fetchpriority=\"high\" decoding=\"async\" width=\"436\" height=\"480\" data-id=\"7737\" src=\"https:\/\/rotary.zamosc.pl\/wp-content\/uploads\/2026\/03\/XV-LAT-ROTARY-CLUB-ZAMOSC-2009-1-1.jpg\" alt=\"\" class=\"wp-image-7737\" srcset=\"https:\/\/rotary.zamosc.pl\/wp-content\/uploads\/2026\/03\/XV-LAT-ROTARY-CLUB-ZAMOSC-2009-1-1.jpg 436w, https:\/\/rotary.zamosc.pl\/wp-content\/uploads\/2026\/03\/XV-LAT-ROTARY-CLUB-ZAMOSC-2009-1-1-273x300.jpg 273w\" sizes=\"(max-width: 436px) 100vw, 436px\" \/><\/figure>\n\n\n\n<figure class=\"wp-block-image size-large\"><img decoding=\"async\" width=\"480\" height=\"337\" data-id=\"7738\" src=\"https:\/\/rotary.zamosc.pl\/wp-content\/uploads\/2026\/03\/XV-LAT-ROTARY-CLUB-ZAMOSC-2009-2-1.jpg\" alt=\"\" class=\"wp-image-7738\" srcset=\"https:\/\/rotary.zamosc.pl\/wp-content\/uploads\/2026\/03\/XV-LAT-ROTARY-CLUB-ZAMOSC-2009-2-1.jpg 480w, https:\/\/rotary.zamosc.pl\/wp-content\/uploads\/2026\/03\/XV-LAT-ROTARY-CLUB-ZAMOSC-2009-2-1-300x211.jpg 300w\" sizes=\"(max-width: 480px) 100vw, 480px\" \/><\/figure>\n\n\n\n<figure class=\"wp-block-image size-large\"><img decoding=\"async\" width=\"292\" height=\"480\" data-id=\"7739\" src=\"https:\/\/rotary.zamosc.pl\/wp-content\/uploads\/2026\/03\/XV-LAT-ROTARY-CLUB-ZAMOSC-2009-4-1.jpg\" alt=\"\" class=\"wp-image-7739\" srcset=\"https:\/\/rotary.zamosc.pl\/wp-content\/uploads\/2026\/03\/XV-LAT-ROTARY-CLUB-ZAMOSC-2009-4-1.jpg 292w, https:\/\/rotary.zamosc.pl\/wp-content\/uploads\/2026\/03\/XV-LAT-ROTARY-CLUB-ZAMOSC-2009-4-1-183x300.jpg 183w\" sizes=\"(max-width: 292px) 100vw, 292px\" \/><\/figure>\n\n\n\n<figure class=\"wp-block-image size-large\"><img loading=\"lazy\" decoding=\"async\" width=\"700\" height=\"525\" data-id=\"7740\" src=\"https:\/\/rotary.zamosc.pl\/wp-content\/uploads\/2026\/03\/XV-LAT-ROTARY-CLUB-ZAMOSC-2009-5-1-700x525.jpg\" alt=\"\" class=\"wp-image-7740\" srcset=\"https:\/\/rotary.zamosc.pl\/wp-content\/uploads\/2026\/03\/XV-LAT-ROTARY-CLUB-ZAMOSC-2009-5-1-700x525.jpg 700w, https:\/\/rotary.zamosc.pl\/wp-content\/uploads\/2026\/03\/XV-LAT-ROTARY-CLUB-ZAMOSC-2009-5-1-300x225.jpg 300w, https:\/\/rotary.zamosc.pl\/wp-content\/uploads\/2026\/03\/XV-LAT-ROTARY-CLUB-ZAMOSC-2009-5-1-768x576.jpg 768w, https:\/\/rotary.zamosc.pl\/wp-content\/uploads\/2026\/03\/XV-LAT-ROTARY-CLUB-ZAMOSC-2009-5-1-800x600.jpg 800w, https:\/\/rotary.zamosc.pl\/wp-content\/uploads\/2026\/03\/XV-LAT-ROTARY-CLUB-ZAMOSC-2009-5-1-80x60.jpg 80w, https:\/\/rotary.zamosc.pl\/wp-content\/uploads\/2026\/03\/XV-LAT-ROTARY-CLUB-ZAMOSC-2009-5-1.jpg 1200w\" sizes=\"(max-width: 700px) 100vw, 700px\" \/><\/figure>\n<\/figure>\n","protected":false},"excerpt":{"rendered":"<p>Min\u0119\u0142o 15 lat od kiedy Rotary Club jest obecny w\u015br\u00f3d zamojskich filantrop\u00f3w. Jubileusz \u015bwi\u0119towali\u015bmy 28 listopada podczas uroczystego spotkania w Sali Consulatus zamojskiego Ratusza i Andrzejkowym Balu Charytatywnym w hotelu \u201eArtis\u201d. Uroczysto\u015bci jubileuszowe zaszczyci\u0142 swoj\u0105 obecno\u015bci\u0105 Gubernator RI Dystryktu 2230 Tadeusz Pluzi\u0144ski. W\u015br\u00f3d zacnych go\u015bci byli: Prezydent Zamo\u015bcia Marcin Zamoyski, przedstawiciele klub\u00f3w rotaria\u0144skich z Che\u0142ma,&#8230;<\/p>\n","protected":false},"author":1,"featured_media":7734,"comment_status":"open","ping_status":"open","sticky":false,"template":"","format":"standard","meta":{"footnotes":""},"categories":[31],"tags":[],"class_list":["post-7731","post","type-post","status-publish","format-standard","has-post-thumbnail","hentry","category-31"],"rttpg_featured_image_url":{"full":["https:\/\/rotary.zamosc.pl\/wp-content\/uploads\/2026\/03\/XV-LAT-ROTARY-CLUB-ZAMOSC-2009-3.jpg",360,480,false],"landscape":["https:\/\/rotary.zamosc.pl\/wp-content\/uploads\/2026\/03\/XV-LAT-ROTARY-CLUB-ZAMOSC-2009-3.jpg",360,480,false],"portraits":["https:\/\/rotary.zamosc.pl\/wp-content\/uploads\/2026\/03\/XV-LAT-ROTARY-CLUB-ZAMOSC-2009-3.jpg",360,480,false],"thumbnail":["https:\/\/rotary.zamosc.pl\/wp-content\/uploads\/2026\/03\/XV-LAT-ROTARY-CLUB-ZAMOSC-2009-3-150x150.jpg",150,150,true],"medium":["https:\/\/rotary.zamosc.pl\/wp-content\/uploads\/2026\/03\/XV-LAT-ROTARY-CLUB-ZAMOSC-2009-3-225x300.jpg",225,300,true],"large":["https:\/\/rotary.zamosc.pl\/wp-content\/uploads\/2026\/03\/XV-LAT-ROTARY-CLUB-ZAMOSC-2009-3.jpg",360,480,false],"1536x1536":["https:\/\/rotary.zamosc.pl\/wp-content\/uploads\/2026\/03\/XV-LAT-ROTARY-CLUB-ZAMOSC-2009-3.jpg",360,480,false],"2048x2048":["https:\/\/rotary.zamosc.pl\/wp-content\/uploads\/2026\/03\/XV-LAT-ROTARY-CLUB-ZAMOSC-2009-3.jpg",360,480,false],"post-thumbnail":["https:\/\/rotary.zamosc.pl\/wp-content\/uploads\/2026\/03\/XV-LAT-ROTARY-CLUB-ZAMOSC-2009-3.jpg",360,480,false],"graphy-post-thumbnail-large":["https:\/\/rotary.zamosc.pl\/wp-content\/uploads\/2026\/03\/XV-LAT-ROTARY-CLUB-ZAMOSC-2009-3.jpg",360,480,false],"graphy-post-thumbnail-medium":["https:\/\/rotary.zamosc.pl\/wp-content\/uploads\/2026\/03\/XV-LAT-ROTARY-CLUB-ZAMOSC-2009-3-360x300.jpg",360,300,true],"graphy-post-thumbnail-small":["https:\/\/rotary.zamosc.pl\/wp-content\/uploads\/2026\/03\/XV-LAT-ROTARY-CLUB-ZAMOSC-2009-3-80x60.jpg",80,60,true],"graphy-page-thumbnail":["https:\/\/rotary.zamosc.pl\/wp-content\/uploads\/2026\/03\/XV-LAT-ROTARY-CLUB-ZAMOSC-2009-3-360x350.jpg",360,350,true],"sow-carousel-default":["https:\/\/rotary.zamosc.pl\/wp-content\/uploads\/2026\/03\/XV-LAT-ROTARY-CLUB-ZAMOSC-2009-3-272x182.jpg",272,182,true]},"rttpg_author":{"display_name":"rotaryzamosc","author_link":"https:\/\/rotary.zamosc.pl\/index.php\/author\/rotaryzamosc\/"},"rttpg_comment":0,"rttpg_category":"<a href=\"https:\/\/rotary.zamosc.pl\/index.php\/category\/2009\/\" rel=\"category tag\">2009<\/a>","rttpg_excerpt":"Min\u0119\u0142o 15 lat od kiedy Rotary Club jest obecny w\u015br\u00f3d zamojskich filantrop\u00f3w. Jubileusz \u015bwi\u0119towali\u015bmy 28 listopada podczas uroczystego spotkania w Sali Consulatus zamojskiego Ratusza i Andrzejkowym Balu Charytatywnym w hotelu \u201eArtis\u201d. Uroczysto\u015bci jubileuszowe zaszczyci\u0142 swoj\u0105 obecno\u015bci\u0105 Gubernator RI Dystryktu 2230 Tadeusz Pluzi\u0144ski. W\u015br\u00f3d zacnych go\u015bci byli: Prezydent Zamo\u015bcia Marcin Zamoyski, przedstawiciele klub\u00f3w rotaria\u0144skich z Che\u0142ma,...","_links":{"self":[{"href":"https:\/\/rotary.zamosc.pl\/index.php\/wp-json\/wp\/v2\/posts\/7731","targetHints":{"allow":["GET"]}}],"collection":[{"href":"https:\/\/rotary.zamosc.pl\/index.php\/wp-json\/wp\/v2\/posts"}],"about":[{"href":"https:\/\/rotary.zamosc.pl\/index.php\/wp-json\/wp\/v2\/types\/post"}],"author":[{"embeddable":true,"href":"https:\/\/rotary.zamosc.pl\/index.php\/wp-json\/wp\/v2\/users\/1"}],"replies":[{"embeddable":true,"href":"https:\/\/rotary.zamosc.pl\/index.php\/wp-json\/wp\/v2\/comments?post=7731"}],"version-history":[{"count":1,"href":"https:\/\/rotary.zamosc.pl\/index.php\/wp-json\/wp\/v2\/posts\/7731\/revisions"}],"predecessor-version":[{"id":7741,"href":"https:\/\/rotary.zamosc.pl\/index.php\/wp-json\/wp\/v2\/posts\/7731\/revisions\/7741"}],"wp:featuredmedia":[{"embeddable":true,"href":"https:\/\/rotary.zamosc.pl\/index.php\/wp-json\/wp\/v2\/media\/7734"}],"wp:attachment":[{"href":"https:\/\/rotary.zamosc.pl\/index.php\/wp-json\/wp\/v2\/media?parent=7731"}],"wp:term":[{"taxonomy":"category","embeddable":true,"href":"https:\/\/rotary.zamosc.pl\/index.php\/wp-json\/wp\/v2\/categories?post=7731"},{"taxonomy":"post_tag","embeddable":true,"href":"https:\/\/rotary.zamosc.pl\/index.php\/wp-json\/wp\/v2\/tags?post=7731"}],"curies":[{"name":"wp","href":"https:\/\/api.w.org\/{rel}","templated":true}]}}