{"id":7761,"date":"2009-09-05T12:32:00","date_gmt":"2009-09-05T10:32:00","guid":{"rendered":"https:\/\/rotary.zamosc.pl\/?p=7761"},"modified":"2026-03-25T12:33:57","modified_gmt":"2026-03-25T11:33:57","slug":"v-mistrzostwa-rotary-international-dystryktu-2230","status":"publish","type":"post","link":"https:\/\/rotary.zamosc.pl\/index.php\/2009\/09\/05\/v-mistrzostwa-rotary-international-dystryktu-2230\/","title":{"rendered":"V MISTRZOSTWA ROTARY INTERNATIONAL DYSTRYKTU 2230"},"content":{"rendered":"\n<p class=\"wp-block-paragraph\">Rotary Club Zamo\u015b\u0107 wsp\u00f3lnie z Klubem Strzelectwa Sportowego \u201eVIS\u201d z Zamo\u015bcia zorganizowa\u0142 05 wrze\u015bnia 2009 roku w Zamo\u015bciu V Mistrzostwa Dystryktu 2230 RI o puchar Gubernatora Dystryktu w strzelaniu z broni sportowej. Patronat nad imprez\u0105 obj\u0105\u0142 Gubernator Dystryktu Tadeusz P\u0142uzi\u0144ski i Prezydent Zamo\u015bcia Marcin Zamoyski. Niestety nie dopisa\u0142a pogoda. Strzelanie punktowane by\u0142o w trzech kategoriach : indywidualnie \u2013 pistolet sportowy, indywidualnie \u2013 karabin dowolny, dru\u017cynowo \u2013 punktacja \u0142\u0105czna. Nad mistrzostwami \u2013 organizacja, bezpiecze\u0144stwem i punktacj\u0105 czuwa\u0142a komisja s\u0119dziowska:<\/p>\n\n\n\n<ul class=\"wp-block-list\">\n<li>S\u0119dzia g\u0142\u00f3wny Pan Andrzej G\u0142az (s.kl.P);<\/li>\n\n\n\n<li>Przewodnicz\u0105cy Komisji Klasyfikacyjnej Pan Andrzej Fedorowski (s.kl.I );<\/li>\n\n\n\n<li>S\u0119dzia 50m Pan Ryszard Suchodolski (s.kl.I );<\/li>\n\n\n\n<li>S\u0119dzia 25m Pan S\u0142awomir G\u0142az (s.kl.I ).<\/li>\n<\/ul>\n\n\n\n<p class=\"wp-block-paragraph\">Wyniki konkurencji punktowanych.<br><strong>Pistolet sportowy:<\/strong><\/p>\n\n\n\n<ul class=\"wp-block-list\">\n<li>I miejsce Krzysztof Piotrowski \/RC Wolsztyn\/<\/li>\n\n\n\n<li>II miejsce Zbigniew Gumuli\u0144ski \/ poza konkurencj\u0105, przyjaciel RC Zamo\u015b\u0107\/<\/li>\n\n\n\n<li>III miejsce Piotr Koszel \/ poza konkurencj\u0105, przyjaciel RC Zamo\u015b\u0107\/<\/li>\n<\/ul>\n\n\n\n<p class=\"wp-block-paragraph\"><strong>Karabin dowolny:<\/strong><\/p>\n\n\n\n<ul class=\"wp-block-list\">\n<li>I miejsce Tadeusz Przyczyna \/RC Zamo\u015b\u0107\/<\/li>\n\n\n\n<li>II miejsce Zbigniew Gumuli\u0144ski \/ poza konkurencj\u0105, przyjaciel RC Zamo\u015b\u0107\/<\/li>\n\n\n\n<li>III miejsce Piotr Koszel \/poza konkurencj\u0105, przyjaciel RC Zamo\u015b\u0107\/<\/li>\n<\/ul>\n\n\n\n<p class=\"wp-block-paragraph\"><strong>Klasyfikacja dru\u017cynowa:<\/strong><\/p>\n\n\n\n<ul class=\"wp-block-list\">\n<li>I miejsce INFO-TV-F \/Miros\u0142aw Piwkowski, Zbigniew Gumuli\u0144ski, Piotr Koszel\/<\/li>\n\n\n\n<li>II miejsce RC Wolsztyn \/Krzysztof Piotrowski, Zygmunt Gucze, Abder El-Masri\/<\/li>\n\n\n\n<li>III miejsce RC Zamo\u015b\u0107 \/Sylwester Borkowski, Barbara Wypych, Cezary Zi\u00f3\u0142kowski\/<\/li>\n<\/ul>\n\n\n\n<p class=\"wp-block-paragraph\">Sportowa rywalizacja cho\u0107 zacna, stanowi\u0142a przede wszystkim pretekst do spotkania si\u0119 w gronie przyjaci\u00f3\u0142, podzielenia si\u0119 Rotary z innymi i wymiany do\u015bwiadcze\u0144 zawodowych. Fantastycznym uzupe\u0142nieniem rywalizacji by\u0142y dynamiczne i statyczne pokazy modelarskie cz\u0142onk\u00f3w klubu modelarskiego LOK Bi\u0142goraj nad kt\u00f3rym patronat obj\u0105\u0142 RC Zamo\u015b\u0107. Podsumowanie strzelania i wr\u0119czenie nagr\u00f3d dokona\u0142: Prezydent Zamo\u015bcia Marcin Zamoyski, asystent gubernatora Dariusz Matosiuk oraz prezydent RC Zamo\u015b\u0107 Krzysztof Wr\u00f3blewski. Wiecz\u00f3r sp\u0119dzili\u015bmy na Rynku Wielkim zamojskiej star\u00f3wki przy najwi\u0119kszych przebojach Marka Grechuty podczas z rozmachem zrealizowanym III Zamojskim Festiwalu Kultury im. Marka Grechuty.<\/p>\n","protected":false},"excerpt":{"rendered":"<p>Rotary Club Zamo\u015b\u0107 wsp\u00f3lnie z Klubem Strzelectwa Sportowego \u201eVIS\u201d z Zamo\u015bcia zorganizowa\u0142 05 wrze\u015bnia 2009 roku w Zamo\u015bciu V Mistrzostwa Dystryktu 2230 RI o puchar Gubernatora Dystryktu w strzelaniu z broni sportowej. Patronat nad imprez\u0105 obj\u0105\u0142 Gubernator Dystryktu Tadeusz P\u0142uzi\u0144ski i Prezydent Zamo\u015bcia Marcin Zamoyski. Niestety nie dopisa\u0142a pogoda. Strzelanie punktowane by\u0142o w trzech kategoriach&#8230;<\/p>\n","protected":false},"author":1,"featured_media":6119,"comment_status":"open","ping_status":"open","sticky":false,"template":"","format":"standard","meta":{"footnotes":""},"categories":[31],"tags":[],"class_list":["post-7761","post","type-post","status-publish","format-standard","has-post-thumbnail","hentry","category-31"],"rttpg_featured_image_url":{"full":["https:\/\/rotary.zamosc.pl\/wp-content\/uploads\/2025\/12\/rotary-logos.png",900,442,false],"landscape":["https:\/\/rotary.zamosc.pl\/wp-content\/uploads\/2025\/12\/rotary-logos.png",900,442,false],"portraits":["https:\/\/rotary.zamosc.pl\/wp-content\/uploads\/2025\/12\/rotary-logos.png",900,442,false],"thumbnail":["https:\/\/rotary.zamosc.pl\/wp-content\/uploads\/2025\/12\/rotary-logos-150x150.png",150,150,true],"medium":["https:\/\/rotary.zamosc.pl\/wp-content\/uploads\/2025\/12\/rotary-logos-300x147.png",300,147,true],"large":["https:\/\/rotary.zamosc.pl\/wp-content\/uploads\/2025\/12\/rotary-logos-700x344.png",700,344,true],"1536x1536":["https:\/\/rotary.zamosc.pl\/wp-content\/uploads\/2025\/12\/rotary-logos.png",900,442,false],"2048x2048":["https:\/\/rotary.zamosc.pl\/wp-content\/uploads\/2025\/12\/rotary-logos.png",900,442,false],"post-thumbnail":["https:\/\/rotary.zamosc.pl\/wp-content\/uploads\/2025\/12\/rotary-logos-800x393.png",800,393,true],"graphy-post-thumbnail-large":["https:\/\/rotary.zamosc.pl\/wp-content\/uploads\/2025\/12\/rotary-logos.png",900,442,false],"graphy-post-thumbnail-medium":["https:\/\/rotary.zamosc.pl\/wp-content\/uploads\/2025\/12\/rotary-logos-482x300.png",482,300,true],"graphy-post-thumbnail-small":["https:\/\/rotary.zamosc.pl\/wp-content\/uploads\/2025\/12\/rotary-logos-80x60.png",80,60,true],"graphy-page-thumbnail":["https:\/\/rotary.zamosc.pl\/wp-content\/uploads\/2025\/12\/rotary-logos-900x350.png",900,350,true],"sow-carousel-default":["https:\/\/rotary.zamosc.pl\/wp-content\/uploads\/2025\/12\/rotary-logos-272x182.png",272,182,true]},"rttpg_author":{"display_name":"rotaryzamosc","author_link":"https:\/\/rotary.zamosc.pl\/index.php\/author\/rotaryzamosc\/"},"rttpg_comment":0,"rttpg_category":"<a href=\"https:\/\/rotary.zamosc.pl\/index.php\/category\/2009\/\" rel=\"category tag\">2009<\/a>","rttpg_excerpt":"Rotary Club Zamo\u015b\u0107 wsp\u00f3lnie z Klubem Strzelectwa Sportowego \u201eVIS\u201d z Zamo\u015bcia zorganizowa\u0142 05 wrze\u015bnia 2009 roku w Zamo\u015bciu V Mistrzostwa Dystryktu 2230 RI o puchar Gubernatora Dystryktu w strzelaniu z broni sportowej. Patronat nad imprez\u0105 obj\u0105\u0142 Gubernator Dystryktu Tadeusz P\u0142uzi\u0144ski i Prezydent Zamo\u015bcia Marcin Zamoyski. Niestety nie dopisa\u0142a pogoda. Strzelanie punktowane by\u0142o w trzech kategoriach...","_links":{"self":[{"href":"https:\/\/rotary.zamosc.pl\/index.php\/wp-json\/wp\/v2\/posts\/7761","targetHints":{"allow":["GET"]}}],"collection":[{"href":"https:\/\/rotary.zamosc.pl\/index.php\/wp-json\/wp\/v2\/posts"}],"about":[{"href":"https:\/\/rotary.zamosc.pl\/index.php\/wp-json\/wp\/v2\/types\/post"}],"author":[{"embeddable":true,"href":"https:\/\/rotary.zamosc.pl\/index.php\/wp-json\/wp\/v2\/users\/1"}],"replies":[{"embeddable":true,"href":"https:\/\/rotary.zamosc.pl\/index.php\/wp-json\/wp\/v2\/comments?post=7761"}],"version-history":[{"count":1,"href":"https:\/\/rotary.zamosc.pl\/index.php\/wp-json\/wp\/v2\/posts\/7761\/revisions"}],"predecessor-version":[{"id":7762,"href":"https:\/\/rotary.zamosc.pl\/index.php\/wp-json\/wp\/v2\/posts\/7761\/revisions\/7762"}],"wp:featuredmedia":[{"embeddable":true,"href":"https:\/\/rotary.zamosc.pl\/index.php\/wp-json\/wp\/v2\/media\/6119"}],"wp:attachment":[{"href":"https:\/\/rotary.zamosc.pl\/index.php\/wp-json\/wp\/v2\/media?parent=7761"}],"wp:term":[{"taxonomy":"category","embeddable":true,"href":"https:\/\/rotary.zamosc.pl\/index.php\/wp-json\/wp\/v2\/categories?post=7761"},{"taxonomy":"post_tag","embeddable":true,"href":"https:\/\/rotary.zamosc.pl\/index.php\/wp-json\/wp\/v2\/tags?post=7761"}],"curies":[{"name":"wp","href":"https:\/\/api.w.org\/{rel}","templated":true}]}}