{"id":7789,"date":"2009-02-07T12:41:00","date_gmt":"2009-02-07T11:41:00","guid":{"rendered":"https:\/\/rotary.zamosc.pl\/?p=7789"},"modified":"2026-03-25T12:48:02","modified_gmt":"2026-03-25T11:48:02","slug":"list-i-wspomnienia-z-xv-balu-charytatywnego-rc-wolsztyn","status":"publish","type":"post","link":"https:\/\/rotary.zamosc.pl\/index.php\/2009\/02\/07\/list-i-wspomnienia-z-xv-balu-charytatywnego-rc-wolsztyn\/","title":{"rendered":"LIST I WSPOMNIENIA Z XV BALU CHARYTATYWNEGO RC WOLSZTYN"},"content":{"rendered":"\n<p class=\"wp-block-paragraph\">\u201eZ Zamo\u015bcia najbli\u017cej jest do Wolsztyna a z Wolsztyna do Zamo\u015bcia to zupe\u0142nie bliziutko\u201d t\u0105 z\u0142ota my\u015bl naszych partnerskich dzia\u0142a\u0144 klubowych zrealizowali W\u0142odek, Sylwek i Zbyszek z ma\u0142\u017conkami uczestnicz\u0105c w XV BALU CHARYTATYWNYM RC WOLSZTYN. Oficjalnie przekazuj\u0105c czek zostali\u015bmy beneficjentem projektu realizowanego przez RC Wolsztyn \u2013 \u201eStudnia w Kamerunie\u201d na terenie Misji Katolickiej w Ayos w Kamerunie. Akcenty zamojskie znalaz\u0142y si\u0119 w loterii fantowej i licytacji. Pyszna zabaw\u0119 kr\u0119ci\u0142a si\u0119 do bia\u0142ego rana.<\/p>\n\n\n\n<figure class=\"wp-block-gallery has-nested-images columns-1 is-cropped wp-block-gallery-1 is-layout-flex wp-block-gallery-is-layout-flex\">\n<figure class=\"wp-block-image size-large\"><img fetchpriority=\"high\" decoding=\"async\" width=\"640\" height=\"431\" data-id=\"7794\" src=\"https:\/\/rotary.zamosc.pl\/wp-content\/uploads\/2026\/03\/LIST-I-WSPOMNIENIA-Z-XV-BALU-CHARYTATYWNEGO-RC-WOLSZTYN-2009-5.jpg\" alt=\"\" class=\"wp-image-7794\" srcset=\"https:\/\/rotary.zamosc.pl\/wp-content\/uploads\/2026\/03\/LIST-I-WSPOMNIENIA-Z-XV-BALU-CHARYTATYWNEGO-RC-WOLSZTYN-2009-5.jpg 640w, https:\/\/rotary.zamosc.pl\/wp-content\/uploads\/2026\/03\/LIST-I-WSPOMNIENIA-Z-XV-BALU-CHARYTATYWNEGO-RC-WOLSZTYN-2009-5-300x202.jpg 300w, https:\/\/rotary.zamosc.pl\/wp-content\/uploads\/2026\/03\/LIST-I-WSPOMNIENIA-Z-XV-BALU-CHARYTATYWNEGO-RC-WOLSZTYN-2009-5-272x182.jpg 272w\" sizes=\"(max-width: 640px) 100vw, 640px\" \/><figcaption class=\"wp-element-caption\">Intel(R) JPEG Library, version [2.0.14.46]<\/figcaption><\/figure>\n\n\n\n<figure class=\"wp-block-image size-large\"><img decoding=\"async\" width=\"431\" height=\"640\" data-id=\"7793\" src=\"https:\/\/rotary.zamosc.pl\/wp-content\/uploads\/2026\/03\/LIST-I-WSPOMNIENIA-Z-XV-BALU-CHARYTATYWNEGO-RC-WOLSZTYN-2009-4.jpg\" alt=\"\" class=\"wp-image-7793\" srcset=\"https:\/\/rotary.zamosc.pl\/wp-content\/uploads\/2026\/03\/LIST-I-WSPOMNIENIA-Z-XV-BALU-CHARYTATYWNEGO-RC-WOLSZTYN-2009-4.jpg 431w, https:\/\/rotary.zamosc.pl\/wp-content\/uploads\/2026\/03\/LIST-I-WSPOMNIENIA-Z-XV-BALU-CHARYTATYWNEGO-RC-WOLSZTYN-2009-4-202x300.jpg 202w\" sizes=\"(max-width: 431px) 100vw, 431px\" \/><figcaption class=\"wp-element-caption\">Intel(R) JPEG Library, version [2.0.14.46]<\/figcaption><\/figure>\n\n\n\n<figure class=\"wp-block-image size-large\"><img decoding=\"async\" width=\"431\" height=\"640\" data-id=\"7792\" src=\"https:\/\/rotary.zamosc.pl\/wp-content\/uploads\/2026\/03\/LIST-I-WSPOMNIENIA-Z-XV-BALU-CHARYTATYWNEGO-RC-WOLSZTYN-2009-3.jpg\" alt=\"\" class=\"wp-image-7792\" srcset=\"https:\/\/rotary.zamosc.pl\/wp-content\/uploads\/2026\/03\/LIST-I-WSPOMNIENIA-Z-XV-BALU-CHARYTATYWNEGO-RC-WOLSZTYN-2009-3.jpg 431w, https:\/\/rotary.zamosc.pl\/wp-content\/uploads\/2026\/03\/LIST-I-WSPOMNIENIA-Z-XV-BALU-CHARYTATYWNEGO-RC-WOLSZTYN-2009-3-202x300.jpg 202w\" sizes=\"(max-width: 431px) 100vw, 431px\" \/><figcaption class=\"wp-element-caption\">Intel(R) JPEG Library, version [2.0.14.46]<\/figcaption><\/figure>\n\n\n\n<figure class=\"wp-block-image size-large\"><img loading=\"lazy\" decoding=\"async\" width=\"431\" height=\"640\" data-id=\"7790\" src=\"https:\/\/rotary.zamosc.pl\/wp-content\/uploads\/2026\/03\/LIST-I-WSPOMNIENIA-Z-XV-BALU-CHARYTATYWNEGO-RC-WOLSZTYN-2009-1.jpg\" alt=\"\" class=\"wp-image-7790\" srcset=\"https:\/\/rotary.zamosc.pl\/wp-content\/uploads\/2026\/03\/LIST-I-WSPOMNIENIA-Z-XV-BALU-CHARYTATYWNEGO-RC-WOLSZTYN-2009-1.jpg 431w, https:\/\/rotary.zamosc.pl\/wp-content\/uploads\/2026\/03\/LIST-I-WSPOMNIENIA-Z-XV-BALU-CHARYTATYWNEGO-RC-WOLSZTYN-2009-1-202x300.jpg 202w\" sizes=\"(max-width: 431px) 100vw, 431px\" \/><figcaption class=\"wp-element-caption\">Intel(R) JPEG Library, version [2.0.14.46]<\/figcaption><\/figure>\n<\/figure>\n","protected":false},"excerpt":{"rendered":"<p>\u201eZ Zamo\u015bcia najbli\u017cej jest do Wolsztyna a z Wolsztyna do Zamo\u015bcia to zupe\u0142nie bliziutko\u201d t\u0105 z\u0142ota my\u015bl naszych partnerskich dzia\u0142a\u0144 klubowych zrealizowali W\u0142odek, Sylwek i Zbyszek z ma\u0142\u017conkami uczestnicz\u0105c w XV BALU CHARYTATYWNYM RC WOLSZTYN. Oficjalnie przekazuj\u0105c czek zostali\u015bmy beneficjentem projektu realizowanego przez RC Wolsztyn \u2013 \u201eStudnia w Kamerunie\u201d na terenie Misji Katolickiej w Ayos&#8230;<\/p>\n","protected":false},"author":1,"featured_media":7791,"comment_status":"open","ping_status":"open","sticky":false,"template":"","format":"standard","meta":{"footnotes":""},"categories":[31],"tags":[],"class_list":["post-7789","post","type-post","status-publish","format-standard","has-post-thumbnail","hentry","category-31"],"rttpg_featured_image_url":{"full":["https:\/\/rotary.zamosc.pl\/wp-content\/uploads\/2026\/03\/LIST-I-WSPOMNIENIA-Z-XV-BALU-CHARYTATYWNEGO-RC-WOLSZTYN-2009-2.jpg",640,431,false],"landscape":["https:\/\/rotary.zamosc.pl\/wp-content\/uploads\/2026\/03\/LIST-I-WSPOMNIENIA-Z-XV-BALU-CHARYTATYWNEGO-RC-WOLSZTYN-2009-2.jpg",640,431,false],"portraits":["https:\/\/rotary.zamosc.pl\/wp-content\/uploads\/2026\/03\/LIST-I-WSPOMNIENIA-Z-XV-BALU-CHARYTATYWNEGO-RC-WOLSZTYN-2009-2.jpg",640,431,false],"thumbnail":["https:\/\/rotary.zamosc.pl\/wp-content\/uploads\/2026\/03\/LIST-I-WSPOMNIENIA-Z-XV-BALU-CHARYTATYWNEGO-RC-WOLSZTYN-2009-2-150x150.jpg",150,150,true],"medium":["https:\/\/rotary.zamosc.pl\/wp-content\/uploads\/2026\/03\/LIST-I-WSPOMNIENIA-Z-XV-BALU-CHARYTATYWNEGO-RC-WOLSZTYN-2009-2-300x202.jpg",300,202,true],"large":["https:\/\/rotary.zamosc.pl\/wp-content\/uploads\/2026\/03\/LIST-I-WSPOMNIENIA-Z-XV-BALU-CHARYTATYWNEGO-RC-WOLSZTYN-2009-2.jpg",640,431,false],"1536x1536":["https:\/\/rotary.zamosc.pl\/wp-content\/uploads\/2026\/03\/LIST-I-WSPOMNIENIA-Z-XV-BALU-CHARYTATYWNEGO-RC-WOLSZTYN-2009-2.jpg",640,431,false],"2048x2048":["https:\/\/rotary.zamosc.pl\/wp-content\/uploads\/2026\/03\/LIST-I-WSPOMNIENIA-Z-XV-BALU-CHARYTATYWNEGO-RC-WOLSZTYN-2009-2.jpg",640,431,false],"post-thumbnail":["https:\/\/rotary.zamosc.pl\/wp-content\/uploads\/2026\/03\/LIST-I-WSPOMNIENIA-Z-XV-BALU-CHARYTATYWNEGO-RC-WOLSZTYN-2009-2.jpg",640,431,false],"graphy-post-thumbnail-large":["https:\/\/rotary.zamosc.pl\/wp-content\/uploads\/2026\/03\/LIST-I-WSPOMNIENIA-Z-XV-BALU-CHARYTATYWNEGO-RC-WOLSZTYN-2009-2.jpg",640,431,false],"graphy-post-thumbnail-medium":["https:\/\/rotary.zamosc.pl\/wp-content\/uploads\/2026\/03\/LIST-I-WSPOMNIENIA-Z-XV-BALU-CHARYTATYWNEGO-RC-WOLSZTYN-2009-2-482x300.jpg",482,300,true],"graphy-post-thumbnail-small":["https:\/\/rotary.zamosc.pl\/wp-content\/uploads\/2026\/03\/LIST-I-WSPOMNIENIA-Z-XV-BALU-CHARYTATYWNEGO-RC-WOLSZTYN-2009-2-80x60.jpg",80,60,true],"graphy-page-thumbnail":["https:\/\/rotary.zamosc.pl\/wp-content\/uploads\/2026\/03\/LIST-I-WSPOMNIENIA-Z-XV-BALU-CHARYTATYWNEGO-RC-WOLSZTYN-2009-2-640x350.jpg",640,350,true],"sow-carousel-default":["https:\/\/rotary.zamosc.pl\/wp-content\/uploads\/2026\/03\/LIST-I-WSPOMNIENIA-Z-XV-BALU-CHARYTATYWNEGO-RC-WOLSZTYN-2009-2-272x182.jpg",272,182,true]},"rttpg_author":{"display_name":"rotaryzamosc","author_link":"https:\/\/rotary.zamosc.pl\/index.php\/author\/rotaryzamosc\/"},"rttpg_comment":0,"rttpg_category":"<a href=\"https:\/\/rotary.zamosc.pl\/index.php\/category\/2009\/\" rel=\"category tag\">2009<\/a>","rttpg_excerpt":"\u201eZ Zamo\u015bcia najbli\u017cej jest do Wolsztyna a z Wolsztyna do Zamo\u015bcia to zupe\u0142nie bliziutko\u201d t\u0105 z\u0142ota my\u015bl naszych partnerskich dzia\u0142a\u0144 klubowych zrealizowali W\u0142odek, Sylwek i Zbyszek z ma\u0142\u017conkami uczestnicz\u0105c w XV BALU CHARYTATYWNYM RC WOLSZTYN. Oficjalnie przekazuj\u0105c czek zostali\u015bmy beneficjentem projektu realizowanego przez RC Wolsztyn \u2013 \u201eStudnia w Kamerunie\u201d na terenie Misji Katolickiej w Ayos...","_links":{"self":[{"href":"https:\/\/rotary.zamosc.pl\/index.php\/wp-json\/wp\/v2\/posts\/7789","targetHints":{"allow":["GET"]}}],"collection":[{"href":"https:\/\/rotary.zamosc.pl\/index.php\/wp-json\/wp\/v2\/posts"}],"about":[{"href":"https:\/\/rotary.zamosc.pl\/index.php\/wp-json\/wp\/v2\/types\/post"}],"author":[{"embeddable":true,"href":"https:\/\/rotary.zamosc.pl\/index.php\/wp-json\/wp\/v2\/users\/1"}],"replies":[{"embeddable":true,"href":"https:\/\/rotary.zamosc.pl\/index.php\/wp-json\/wp\/v2\/comments?post=7789"}],"version-history":[{"count":1,"href":"https:\/\/rotary.zamosc.pl\/index.php\/wp-json\/wp\/v2\/posts\/7789\/revisions"}],"predecessor-version":[{"id":7795,"href":"https:\/\/rotary.zamosc.pl\/index.php\/wp-json\/wp\/v2\/posts\/7789\/revisions\/7795"}],"wp:featuredmedia":[{"embeddable":true,"href":"https:\/\/rotary.zamosc.pl\/index.php\/wp-json\/wp\/v2\/media\/7791"}],"wp:attachment":[{"href":"https:\/\/rotary.zamosc.pl\/index.php\/wp-json\/wp\/v2\/media?parent=7789"}],"wp:term":[{"taxonomy":"category","embeddable":true,"href":"https:\/\/rotary.zamosc.pl\/index.php\/wp-json\/wp\/v2\/categories?post=7789"},{"taxonomy":"post_tag","embeddable":true,"href":"https:\/\/rotary.zamosc.pl\/index.php\/wp-json\/wp\/v2\/tags?post=7789"}],"curies":[{"name":"wp","href":"https:\/\/api.w.org\/{rel}","templated":true}]}}