{"id":7796,"date":"2009-01-27T12:48:00","date_gmt":"2009-01-27T11:48:00","guid":{"rendered":"https:\/\/rotary.zamosc.pl\/?p=7796"},"modified":"2026-03-25T12:49:35","modified_gmt":"2026-03-25T11:49:35","slug":"list-i-zaproszenie-od-przyjaciol-z-wolsztyna","status":"publish","type":"post","link":"https:\/\/rotary.zamosc.pl\/index.php\/2009\/01\/27\/list-i-zaproszenie-od-przyjaciol-z-wolsztyna\/","title":{"rendered":"LIST I ZAPROSZENIE OD PRZYJACI\u00d3\u0141 Z WOLSZTYNA"},"content":{"rendered":"\n<p class=\"wp-block-paragraph\">W odpowiedzi na list Janusz Lisieckiego Prezydenta RC Wolsztyn, decyzj\u0105 zebrania cz\u0142onk\u00f3w RC Zamo\u015b\u0107 z dnia 20.01.2009r. zostajemy beneficjentami projektu \u201eStudnia w Kamerunie\u201d na terenie Misji Katolickiej w Ayos w Kamerunie.Oficjalne zg\u0142oszenie i uroczyste przekazanie czeku dokonamy na XV Balu Rotaria\u0144skim, kt\u00f3ry odb\u0119dzie si\u0119 31 stycznia 2009 roku w Hotelu Pa\u0142ac Wolsztyn.<\/p>\n\n\n\n<figure class=\"wp-block-gallery has-nested-images columns-1 is-cropped wp-block-gallery-1 is-layout-flex wp-block-gallery-is-layout-flex\">\n<figure class=\"wp-block-image size-large\"><img fetchpriority=\"high\" decoding=\"async\" width=\"640\" height=\"480\" data-id=\"7801\" src=\"https:\/\/rotary.zamosc.pl\/wp-content\/uploads\/2026\/03\/LIST-I-ZAPROSZENIE-OD-PRZYJACIOL-Z-WOLSZTYNA-2009-5.jpg\" alt=\"\" class=\"wp-image-7801\" srcset=\"https:\/\/rotary.zamosc.pl\/wp-content\/uploads\/2026\/03\/LIST-I-ZAPROSZENIE-OD-PRZYJACIOL-Z-WOLSZTYNA-2009-5.jpg 640w, https:\/\/rotary.zamosc.pl\/wp-content\/uploads\/2026\/03\/LIST-I-ZAPROSZENIE-OD-PRZYJACIOL-Z-WOLSZTYNA-2009-5-300x225.jpg 300w, https:\/\/rotary.zamosc.pl\/wp-content\/uploads\/2026\/03\/LIST-I-ZAPROSZENIE-OD-PRZYJACIOL-Z-WOLSZTYNA-2009-5-80x60.jpg 80w\" sizes=\"(max-width: 640px) 100vw, 640px\" \/><\/figure>\n\n\n\n<figure class=\"wp-block-image size-large\"><img decoding=\"async\" width=\"640\" height=\"480\" data-id=\"7800\" src=\"https:\/\/rotary.zamosc.pl\/wp-content\/uploads\/2026\/03\/LIST-I-ZAPROSZENIE-OD-PRZYJACIOL-Z-WOLSZTYNA-2009-4.jpg\" alt=\"\" class=\"wp-image-7800\" srcset=\"https:\/\/rotary.zamosc.pl\/wp-content\/uploads\/2026\/03\/LIST-I-ZAPROSZENIE-OD-PRZYJACIOL-Z-WOLSZTYNA-2009-4.jpg 640w, https:\/\/rotary.zamosc.pl\/wp-content\/uploads\/2026\/03\/LIST-I-ZAPROSZENIE-OD-PRZYJACIOL-Z-WOLSZTYNA-2009-4-300x225.jpg 300w, https:\/\/rotary.zamosc.pl\/wp-content\/uploads\/2026\/03\/LIST-I-ZAPROSZENIE-OD-PRZYJACIOL-Z-WOLSZTYNA-2009-4-80x60.jpg 80w\" sizes=\"(max-width: 640px) 100vw, 640px\" \/><\/figure>\n\n\n\n<figure class=\"wp-block-image size-large\"><img decoding=\"async\" width=\"448\" height=\"171\" data-id=\"7799\" src=\"https:\/\/rotary.zamosc.pl\/wp-content\/uploads\/2026\/03\/LIST-I-ZAPROSZENIE-OD-PRZYJACIOL-Z-WOLSZTYNA-2009-3.jpg\" alt=\"\" class=\"wp-image-7799\" srcset=\"https:\/\/rotary.zamosc.pl\/wp-content\/uploads\/2026\/03\/LIST-I-ZAPROSZENIE-OD-PRZYJACIOL-Z-WOLSZTYNA-2009-3.jpg 448w, https:\/\/rotary.zamosc.pl\/wp-content\/uploads\/2026\/03\/LIST-I-ZAPROSZENIE-OD-PRZYJACIOL-Z-WOLSZTYNA-2009-3-300x115.jpg 300w\" sizes=\"(max-width: 448px) 100vw, 448px\" \/><\/figure>\n\n\n\n<figure class=\"wp-block-image size-large\"><img loading=\"lazy\" decoding=\"async\" width=\"448\" height=\"170\" data-id=\"7798\" src=\"https:\/\/rotary.zamosc.pl\/wp-content\/uploads\/2026\/03\/LIST-I-ZAPROSZENIE-OD-PRZYJACIOL-Z-WOLSZTYNA-2009-2.jpg\" alt=\"\" class=\"wp-image-7798\" srcset=\"https:\/\/rotary.zamosc.pl\/wp-content\/uploads\/2026\/03\/LIST-I-ZAPROSZENIE-OD-PRZYJACIOL-Z-WOLSZTYNA-2009-2.jpg 448w, https:\/\/rotary.zamosc.pl\/wp-content\/uploads\/2026\/03\/LIST-I-ZAPROSZENIE-OD-PRZYJACIOL-Z-WOLSZTYNA-2009-2-300x114.jpg 300w\" sizes=\"(max-width: 448px) 100vw, 448px\" \/><\/figure>\n<\/figure>\n","protected":false},"excerpt":{"rendered":"<p>W odpowiedzi na list Janusz Lisieckiego Prezydenta RC Wolsztyn, decyzj\u0105 zebrania cz\u0142onk\u00f3w RC Zamo\u015b\u0107 z dnia 20.01.2009r. zostajemy beneficjentami projektu \u201eStudnia w Kamerunie\u201d na terenie Misji Katolickiej w Ayos w Kamerunie.Oficjalne zg\u0142oszenie i uroczyste przekazanie czeku dokonamy na XV Balu Rotaria\u0144skim, kt\u00f3ry odb\u0119dzie si\u0119 31 stycznia 2009 roku w Hotelu Pa\u0142ac Wolsztyn.<\/p>\n","protected":false},"author":1,"featured_media":7797,"comment_status":"open","ping_status":"open","sticky":false,"template":"","format":"standard","meta":{"footnotes":""},"categories":[31],"tags":[],"class_list":["post-7796","post","type-post","status-publish","format-standard","has-post-thumbnail","hentry","category-31"],"rttpg_featured_image_url":{"full":["https:\/\/rotary.zamosc.pl\/wp-content\/uploads\/2026\/03\/LIST-I-ZAPROSZENIE-OD-PRZYJACIOL-Z-WOLSZTYNA-2009-1.jpg",457,640,false],"landscape":["https:\/\/rotary.zamosc.pl\/wp-content\/uploads\/2026\/03\/LIST-I-ZAPROSZENIE-OD-PRZYJACIOL-Z-WOLSZTYNA-2009-1.jpg",457,640,false],"portraits":["https:\/\/rotary.zamosc.pl\/wp-content\/uploads\/2026\/03\/LIST-I-ZAPROSZENIE-OD-PRZYJACIOL-Z-WOLSZTYNA-2009-1.jpg",457,640,false],"thumbnail":["https:\/\/rotary.zamosc.pl\/wp-content\/uploads\/2026\/03\/LIST-I-ZAPROSZENIE-OD-PRZYJACIOL-Z-WOLSZTYNA-2009-1-150x150.jpg",150,150,true],"medium":["https:\/\/rotary.zamosc.pl\/wp-content\/uploads\/2026\/03\/LIST-I-ZAPROSZENIE-OD-PRZYJACIOL-Z-WOLSZTYNA-2009-1-214x300.jpg",214,300,true],"large":["https:\/\/rotary.zamosc.pl\/wp-content\/uploads\/2026\/03\/LIST-I-ZAPROSZENIE-OD-PRZYJACIOL-Z-WOLSZTYNA-2009-1.jpg",457,640,false],"1536x1536":["https:\/\/rotary.zamosc.pl\/wp-content\/uploads\/2026\/03\/LIST-I-ZAPROSZENIE-OD-PRZYJACIOL-Z-WOLSZTYNA-2009-1.jpg",457,640,false],"2048x2048":["https:\/\/rotary.zamosc.pl\/wp-content\/uploads\/2026\/03\/LIST-I-ZAPROSZENIE-OD-PRZYJACIOL-Z-WOLSZTYNA-2009-1.jpg",457,640,false],"post-thumbnail":["https:\/\/rotary.zamosc.pl\/wp-content\/uploads\/2026\/03\/LIST-I-ZAPROSZENIE-OD-PRZYJACIOL-Z-WOLSZTYNA-2009-1.jpg",457,640,false],"graphy-post-thumbnail-large":["https:\/\/rotary.zamosc.pl\/wp-content\/uploads\/2026\/03\/LIST-I-ZAPROSZENIE-OD-PRZYJACIOL-Z-WOLSZTYNA-2009-1-457x600.jpg",457,600,true],"graphy-post-thumbnail-medium":["https:\/\/rotary.zamosc.pl\/wp-content\/uploads\/2026\/03\/LIST-I-ZAPROSZENIE-OD-PRZYJACIOL-Z-WOLSZTYNA-2009-1-457x300.jpg",457,300,true],"graphy-post-thumbnail-small":["https:\/\/rotary.zamosc.pl\/wp-content\/uploads\/2026\/03\/LIST-I-ZAPROSZENIE-OD-PRZYJACIOL-Z-WOLSZTYNA-2009-1-80x60.jpg",80,60,true],"graphy-page-thumbnail":["https:\/\/rotary.zamosc.pl\/wp-content\/uploads\/2026\/03\/LIST-I-ZAPROSZENIE-OD-PRZYJACIOL-Z-WOLSZTYNA-2009-1-457x350.jpg",457,350,true],"sow-carousel-default":["https:\/\/rotary.zamosc.pl\/wp-content\/uploads\/2026\/03\/LIST-I-ZAPROSZENIE-OD-PRZYJACIOL-Z-WOLSZTYNA-2009-1-272x182.jpg",272,182,true]},"rttpg_author":{"display_name":"rotaryzamosc","author_link":"https:\/\/rotary.zamosc.pl\/index.php\/author\/rotaryzamosc\/"},"rttpg_comment":0,"rttpg_category":"<a href=\"https:\/\/rotary.zamosc.pl\/index.php\/category\/2009\/\" rel=\"category tag\">2009<\/a>","rttpg_excerpt":"W odpowiedzi na list Janusz Lisieckiego Prezydenta RC Wolsztyn, decyzj\u0105 zebrania cz\u0142onk\u00f3w RC Zamo\u015b\u0107 z dnia 20.01.2009r. zostajemy beneficjentami projektu \u201eStudnia w Kamerunie\u201d na terenie Misji Katolickiej w Ayos w Kamerunie.Oficjalne zg\u0142oszenie i uroczyste przekazanie czeku dokonamy na XV Balu Rotaria\u0144skim, kt\u00f3ry odb\u0119dzie si\u0119 31 stycznia 2009 roku w Hotelu Pa\u0142ac Wolsztyn.","_links":{"self":[{"href":"https:\/\/rotary.zamosc.pl\/index.php\/wp-json\/wp\/v2\/posts\/7796","targetHints":{"allow":["GET"]}}],"collection":[{"href":"https:\/\/rotary.zamosc.pl\/index.php\/wp-json\/wp\/v2\/posts"}],"about":[{"href":"https:\/\/rotary.zamosc.pl\/index.php\/wp-json\/wp\/v2\/types\/post"}],"author":[{"embeddable":true,"href":"https:\/\/rotary.zamosc.pl\/index.php\/wp-json\/wp\/v2\/users\/1"}],"replies":[{"embeddable":true,"href":"https:\/\/rotary.zamosc.pl\/index.php\/wp-json\/wp\/v2\/comments?post=7796"}],"version-history":[{"count":1,"href":"https:\/\/rotary.zamosc.pl\/index.php\/wp-json\/wp\/v2\/posts\/7796\/revisions"}],"predecessor-version":[{"id":7802,"href":"https:\/\/rotary.zamosc.pl\/index.php\/wp-json\/wp\/v2\/posts\/7796\/revisions\/7802"}],"wp:featuredmedia":[{"embeddable":true,"href":"https:\/\/rotary.zamosc.pl\/index.php\/wp-json\/wp\/v2\/media\/7797"}],"wp:attachment":[{"href":"https:\/\/rotary.zamosc.pl\/index.php\/wp-json\/wp\/v2\/media?parent=7796"}],"wp:term":[{"taxonomy":"category","embeddable":true,"href":"https:\/\/rotary.zamosc.pl\/index.php\/wp-json\/wp\/v2\/categories?post=7796"},{"taxonomy":"post_tag","embeddable":true,"href":"https:\/\/rotary.zamosc.pl\/index.php\/wp-json\/wp\/v2\/tags?post=7796"}],"curies":[{"name":"wp","href":"https:\/\/api.w.org\/{rel}","templated":true}]}}