{"id":7824,"date":"2008-02-20T12:59:00","date_gmt":"2008-02-20T11:59:00","guid":{"rendered":"https:\/\/rotary.zamosc.pl\/?p=7824"},"modified":"2026-03-25T13:00:20","modified_gmt":"2026-03-25T12:00:20","slug":"francuscy-rotarianie-w-zamosciu","status":"publish","type":"post","link":"https:\/\/rotary.zamosc.pl\/index.php\/2008\/02\/20\/francuscy-rotarianie-w-zamosciu\/","title":{"rendered":"FRANCUSCY ROTARIANIE W ZAMO\u015aCIU"},"content":{"rendered":"\n<p class=\"wp-block-paragraph\">20 lutego 2008 roku <strong>Marcel Stefanski<\/strong> (Past Gubernator Rotary D1670), <strong>Edouard Lezon<\/strong> (RC Terre de Hainaut Denain), <strong>Francis Jolain<\/strong> (RC Terre de Hainaut Denain) i <strong>Francoise Descourriere<\/strong> (RC Terre de Hainaut Denain) byli go\u015b\u0107mi zamojskiego klubu rotaria\u0144skiego. By\u0142a to doskona\u0142a okazja do oficjalnego podzi\u0119kowania za wsp\u00f3ln\u0105 realizacj\u0119 \u201ematching grantu 58165\u201d (<strong>dwie pracownie komputerowe wyposa\u017cone w jedena\u015bcie komputer\u00f3w wraz z niezb\u0119dnym pakietem program\u00f3w edukacyjnych, dwie drukarki i program umo\u017cliwiaj\u0105cy d\u017awi\u0119kow\u0105 emisj\u0119 pisanych zda\u0144 oraz niezb\u0119dn\u0105 do tego klawiatur\u0119 Intellikeys<\/strong>). <\/p>\n\n\n\n<p class=\"wp-block-paragraph\">Realizowany by\u0142 na rzecz O\u015brodka Rehabilitacyjno-Terapeutycznego dla Dzieci Niepe\u0142nosprawnych \u201eKrok za Krokiem\u201d. Tu te\u017c du\u017co ciep\u0142ych s\u0142\u00f3w francuscy rotarianie us\u0142yszeli od dzieci i Pani Marii Kr\u00f3l, dyrektora O\u015brodka. Zapoznani zostali z planami rozwoju i stanem bie\u017c\u0105cym funkcjonowania plac\u00f3wki. W \u201estarym zamojskim szpitalu\u201d Pani dr Anna Kaczurba przybli\u017cy\u0142a go\u015bciom z Francji funkcjonowanie Oddzia\u0142u Opieki Paliatywnej oraz szpitalne potrzeby w tym zakresie. Fina\u0142em pobytu w Zamo\u015bciu by\u0142o spotkanie z prezydentem Zamo\u015bcia Marcinem Zamoyskim i wsp\u00f3lny obiad.<\/p>\n\n\n\n<figure class=\"wp-block-gallery has-nested-images columns-1 is-cropped wp-block-gallery-1 is-layout-flex wp-block-gallery-is-layout-flex\">\n<figure class=\"wp-block-image size-large\"><img fetchpriority=\"high\" decoding=\"async\" width=\"640\" height=\"480\" data-id=\"7829\" src=\"https:\/\/rotary.zamosc.pl\/wp-content\/uploads\/2026\/03\/FRANCUSCY-ROTARIANIE-W-ZAMOSCIU-2008-5.jpg\" alt=\"\" class=\"wp-image-7829\" srcset=\"https:\/\/rotary.zamosc.pl\/wp-content\/uploads\/2026\/03\/FRANCUSCY-ROTARIANIE-W-ZAMOSCIU-2008-5.jpg 640w, https:\/\/rotary.zamosc.pl\/wp-content\/uploads\/2026\/03\/FRANCUSCY-ROTARIANIE-W-ZAMOSCIU-2008-5-300x225.jpg 300w, https:\/\/rotary.zamosc.pl\/wp-content\/uploads\/2026\/03\/FRANCUSCY-ROTARIANIE-W-ZAMOSCIU-2008-5-80x60.jpg 80w\" sizes=\"(max-width: 640px) 100vw, 640px\" \/><figcaption class=\"wp-element-caption\">OLYMPUS DIGITAL CAMERA<\/figcaption><\/figure>\n\n\n\n<figure class=\"wp-block-image size-large\"><img decoding=\"async\" width=\"640\" height=\"480\" data-id=\"7827\" src=\"https:\/\/rotary.zamosc.pl\/wp-content\/uploads\/2026\/03\/FRANCUSCY-ROTARIANIE-W-ZAMOSCIU-2008-3.jpg\" alt=\"\" class=\"wp-image-7827\" srcset=\"https:\/\/rotary.zamosc.pl\/wp-content\/uploads\/2026\/03\/FRANCUSCY-ROTARIANIE-W-ZAMOSCIU-2008-3.jpg 640w, https:\/\/rotary.zamosc.pl\/wp-content\/uploads\/2026\/03\/FRANCUSCY-ROTARIANIE-W-ZAMOSCIU-2008-3-300x225.jpg 300w, https:\/\/rotary.zamosc.pl\/wp-content\/uploads\/2026\/03\/FRANCUSCY-ROTARIANIE-W-ZAMOSCIU-2008-3-80x60.jpg 80w\" sizes=\"(max-width: 640px) 100vw, 640px\" \/><figcaption class=\"wp-element-caption\">OLYMPUS DIGITAL CAMERA<\/figcaption><\/figure>\n\n\n\n<figure class=\"wp-block-image size-large\"><img decoding=\"async\" width=\"640\" height=\"480\" data-id=\"7826\" src=\"https:\/\/rotary.zamosc.pl\/wp-content\/uploads\/2026\/03\/FRANCUSCY-ROTARIANIE-W-ZAMOSCIU-2008-2.jpg\" alt=\"\" class=\"wp-image-7826\" srcset=\"https:\/\/rotary.zamosc.pl\/wp-content\/uploads\/2026\/03\/FRANCUSCY-ROTARIANIE-W-ZAMOSCIU-2008-2.jpg 640w, https:\/\/rotary.zamosc.pl\/wp-content\/uploads\/2026\/03\/FRANCUSCY-ROTARIANIE-W-ZAMOSCIU-2008-2-300x225.jpg 300w, https:\/\/rotary.zamosc.pl\/wp-content\/uploads\/2026\/03\/FRANCUSCY-ROTARIANIE-W-ZAMOSCIU-2008-2-80x60.jpg 80w\" sizes=\"(max-width: 640px) 100vw, 640px\" \/><figcaption class=\"wp-element-caption\">OLYMPUS DIGITAL CAMERA<\/figcaption><\/figure>\n\n\n\n<figure class=\"wp-block-image size-large\"><img loading=\"lazy\" decoding=\"async\" width=\"640\" height=\"480\" data-id=\"7825\" src=\"https:\/\/rotary.zamosc.pl\/wp-content\/uploads\/2026\/03\/FRANCUSCY-ROTARIANIE-W-ZAMOSCIU-2008-1.jpg\" alt=\"\" class=\"wp-image-7825\" srcset=\"https:\/\/rotary.zamosc.pl\/wp-content\/uploads\/2026\/03\/FRANCUSCY-ROTARIANIE-W-ZAMOSCIU-2008-1.jpg 640w, https:\/\/rotary.zamosc.pl\/wp-content\/uploads\/2026\/03\/FRANCUSCY-ROTARIANIE-W-ZAMOSCIU-2008-1-300x225.jpg 300w, https:\/\/rotary.zamosc.pl\/wp-content\/uploads\/2026\/03\/FRANCUSCY-ROTARIANIE-W-ZAMOSCIU-2008-1-80x60.jpg 80w\" sizes=\"(max-width: 640px) 100vw, 640px\" \/><figcaption class=\"wp-element-caption\">OLYMPUS DIGITAL CAMERA<\/figcaption><\/figure>\n<\/figure>\n","protected":false},"excerpt":{"rendered":"<p>20 lutego 2008 roku Marcel Stefanski (Past Gubernator Rotary D1670), Edouard Lezon (RC Terre de Hainaut Denain), Francis Jolain (RC Terre de Hainaut Denain) i Francoise Descourriere (RC Terre de Hainaut Denain) byli go\u015b\u0107mi zamojskiego klubu rotaria\u0144skiego. By\u0142a to doskona\u0142a okazja do oficjalnego podzi\u0119kowania za wsp\u00f3ln\u0105 realizacj\u0119 \u201ematching grantu 58165\u201d (dwie pracownie komputerowe wyposa\u017cone w&#8230;<\/p>\n","protected":false},"author":1,"featured_media":7828,"comment_status":"open","ping_status":"open","sticky":false,"template":"","format":"standard","meta":{"footnotes":""},"categories":[32],"tags":[],"class_list":["post-7824","post","type-post","status-publish","format-standard","has-post-thumbnail","hentry","category-32"],"rttpg_featured_image_url":{"full":["https:\/\/rotary.zamosc.pl\/wp-content\/uploads\/2026\/03\/FRANCUSCY-ROTARIANIE-W-ZAMOSCIU-2008-4.jpg",640,480,false],"landscape":["https:\/\/rotary.zamosc.pl\/wp-content\/uploads\/2026\/03\/FRANCUSCY-ROTARIANIE-W-ZAMOSCIU-2008-4.jpg",640,480,false],"portraits":["https:\/\/rotary.zamosc.pl\/wp-content\/uploads\/2026\/03\/FRANCUSCY-ROTARIANIE-W-ZAMOSCIU-2008-4.jpg",640,480,false],"thumbnail":["https:\/\/rotary.zamosc.pl\/wp-content\/uploads\/2026\/03\/FRANCUSCY-ROTARIANIE-W-ZAMOSCIU-2008-4-150x150.jpg",150,150,true],"medium":["https:\/\/rotary.zamosc.pl\/wp-content\/uploads\/2026\/03\/FRANCUSCY-ROTARIANIE-W-ZAMOSCIU-2008-4-300x225.jpg",300,225,true],"large":["https:\/\/rotary.zamosc.pl\/wp-content\/uploads\/2026\/03\/FRANCUSCY-ROTARIANIE-W-ZAMOSCIU-2008-4.jpg",640,480,false],"1536x1536":["https:\/\/rotary.zamosc.pl\/wp-content\/uploads\/2026\/03\/FRANCUSCY-ROTARIANIE-W-ZAMOSCIU-2008-4.jpg",640,480,false],"2048x2048":["https:\/\/rotary.zamosc.pl\/wp-content\/uploads\/2026\/03\/FRANCUSCY-ROTARIANIE-W-ZAMOSCIU-2008-4.jpg",640,480,false],"post-thumbnail":["https:\/\/rotary.zamosc.pl\/wp-content\/uploads\/2026\/03\/FRANCUSCY-ROTARIANIE-W-ZAMOSCIU-2008-4.jpg",640,480,false],"graphy-post-thumbnail-large":["https:\/\/rotary.zamosc.pl\/wp-content\/uploads\/2026\/03\/FRANCUSCY-ROTARIANIE-W-ZAMOSCIU-2008-4.jpg",640,480,false],"graphy-post-thumbnail-medium":["https:\/\/rotary.zamosc.pl\/wp-content\/uploads\/2026\/03\/FRANCUSCY-ROTARIANIE-W-ZAMOSCIU-2008-4-482x300.jpg",482,300,true],"graphy-post-thumbnail-small":["https:\/\/rotary.zamosc.pl\/wp-content\/uploads\/2026\/03\/FRANCUSCY-ROTARIANIE-W-ZAMOSCIU-2008-4-80x60.jpg",80,60,true],"graphy-page-thumbnail":["https:\/\/rotary.zamosc.pl\/wp-content\/uploads\/2026\/03\/FRANCUSCY-ROTARIANIE-W-ZAMOSCIU-2008-4-640x350.jpg",640,350,true],"sow-carousel-default":["https:\/\/rotary.zamosc.pl\/wp-content\/uploads\/2026\/03\/FRANCUSCY-ROTARIANIE-W-ZAMOSCIU-2008-4-272x182.jpg",272,182,true]},"rttpg_author":{"display_name":"rotaryzamosc","author_link":"https:\/\/rotary.zamosc.pl\/index.php\/author\/rotaryzamosc\/"},"rttpg_comment":0,"rttpg_category":"<a href=\"https:\/\/rotary.zamosc.pl\/index.php\/category\/2008\/\" rel=\"category tag\">2008<\/a>","rttpg_excerpt":"20 lutego 2008 roku Marcel Stefanski (Past Gubernator Rotary D1670), Edouard Lezon (RC Terre de Hainaut Denain), Francis Jolain (RC Terre de Hainaut Denain) i Francoise Descourriere (RC Terre de Hainaut Denain) byli go\u015b\u0107mi zamojskiego klubu rotaria\u0144skiego. By\u0142a to doskona\u0142a okazja do oficjalnego podzi\u0119kowania za wsp\u00f3ln\u0105 realizacj\u0119 \u201ematching grantu 58165\u201d (dwie pracownie komputerowe wyposa\u017cone w...","_links":{"self":[{"href":"https:\/\/rotary.zamosc.pl\/index.php\/wp-json\/wp\/v2\/posts\/7824","targetHints":{"allow":["GET"]}}],"collection":[{"href":"https:\/\/rotary.zamosc.pl\/index.php\/wp-json\/wp\/v2\/posts"}],"about":[{"href":"https:\/\/rotary.zamosc.pl\/index.php\/wp-json\/wp\/v2\/types\/post"}],"author":[{"embeddable":true,"href":"https:\/\/rotary.zamosc.pl\/index.php\/wp-json\/wp\/v2\/users\/1"}],"replies":[{"embeddable":true,"href":"https:\/\/rotary.zamosc.pl\/index.php\/wp-json\/wp\/v2\/comments?post=7824"}],"version-history":[{"count":1,"href":"https:\/\/rotary.zamosc.pl\/index.php\/wp-json\/wp\/v2\/posts\/7824\/revisions"}],"predecessor-version":[{"id":7830,"href":"https:\/\/rotary.zamosc.pl\/index.php\/wp-json\/wp\/v2\/posts\/7824\/revisions\/7830"}],"wp:featuredmedia":[{"embeddable":true,"href":"https:\/\/rotary.zamosc.pl\/index.php\/wp-json\/wp\/v2\/media\/7828"}],"wp:attachment":[{"href":"https:\/\/rotary.zamosc.pl\/index.php\/wp-json\/wp\/v2\/media?parent=7824"}],"wp:term":[{"taxonomy":"category","embeddable":true,"href":"https:\/\/rotary.zamosc.pl\/index.php\/wp-json\/wp\/v2\/categories?post=7824"},{"taxonomy":"post_tag","embeddable":true,"href":"https:\/\/rotary.zamosc.pl\/index.php\/wp-json\/wp\/v2\/tags?post=7824"}],"curies":[{"name":"wp","href":"https:\/\/api.w.org\/{rel}","templated":true}]}}