{"id":7838,"date":"2007-12-14T13:10:00","date_gmt":"2007-12-14T12:10:00","guid":{"rendered":"https:\/\/rotary.zamosc.pl\/?p=7838"},"modified":"2026-03-25T13:14:47","modified_gmt":"2026-03-25T12:14:47","slug":"rotary-club-zamosc-zlotym-aniolem","status":"publish","type":"post","link":"https:\/\/rotary.zamosc.pl\/index.php\/2007\/12\/14\/rotary-club-zamosc-zlotym-aniolem\/","title":{"rendered":"ROTARY CLUB ZAMO\u015a\u0106 Z\u0141OTYM ANIO\u0141EM"},"content":{"rendered":"\n<p class=\"wp-block-paragraph\">W dniach 14-15 grudnia 2007r. z okazji obchod\u00f3w jubileuszu 15-lecia NZOZ O\u015brodka Rehabilitacyjno-Terapeutycznego dla Dzieci Niepe\u0142nosprawnych w Zamo\u015bciu, odby\u0142a si\u0119 konferencja pt. \u201eW poszukiwaniu rozwi\u0105za\u0144 systemowych. Wzi\u0119\u0142o w niej udzia\u0142 ponad 150 os\u00f3b. W czasie konferencji rozdane zosta\u0142y statuetki \u201eZ\u0142otych Anio\u0142\u00f3w\u201d dla instytucji i os\u00f3b prywatnych, kt\u00f3re w ci\u0105gu ostatnich XV lat wspiera\u0142y dzia\u0142alno\u015b\u0107 O\u015brodka. W gronie wyr\u00f3\u017cnionych znalaz\u0142 si\u0119 Zamojski Club Rotary a statuetk\u0119 w imieniu klubu odebra\u0142 prezydent Tomasz Anasiewicz.<\/p>\n\n\n\n<p class=\"wp-block-paragraph\"><strong>Z\u0141OTE ANIO\u0141Y kategoria: INSTYTUCJE<\/strong><br>1. PFRON WARSZAWA<br>2. PFRON Oddzia\u0142 Lubelski<br>3. NFZ i LOW NFZ<br>4. Urz\u0105d Miasta Zamo\u015b\u0107<br>5. Starostwo Powiatowe w Zamo\u015bciu<br>6. Urz\u0105d Gminy Adam\u00f3w<br>7. Urz\u0105d Miasta i Gminy Zwierzyniec<br>8. Urz\u0105d Miasta i Gminy Szczebrzeszyn<br>9. Urz\u0105d Wojew\u00f3dzki w Lublinie<br>10. Dyrekcja Zespo\u0142u Szk\u00f3l nr 1 z Oddzia\u0142ami Integracyjnymi w Zamo\u015bciu<br>11. Dyrekcja Specjalnego O\u015brodka Szkolno \u2013 Wychowawczego w Zamo\u015bciu<br>12. Dyrekcja Zespo\u0142u Szk\u00f3l Spo\u0142ecznych im. Unii Europejskiej w Zamo\u015bciu<br>13. Dyrekcja Centrum Kszta\u0142cenia Ustawicznego w Zamo\u015bciu<br>14. Zamojski Klub Rotary<\/p>\n\n\n\n<p class=\"wp-block-paragraph\"><strong>Z\u0141OTE ANIO\u0141Y kategoria: INDYWIDUALNA<\/strong><br>1. Zofia Ku\u0142akowska<br>2. Stanis\u0142awa Rybak i Halina Rycak<br>3. Barbara Mazurek i Barbara G\u00f3rska<br>4. Wojciech Wojciechowski, Marek Grzelaczyk i Mariusz Paszko<br>5. Andrzej Ma\u0144ka<br>6. S\u0142awomir Zawi\u015blak<br>7. Wojciech Otr\u0119bski<br>8. Jolanta Tacza\u0142a<br>9. Monika Janicka<br>10. Bo\u017cena Wr\u00f3bel<br>11. Maria Przesmycka<br>12. J\u00f3zef Ma\u0142ysz i Tadeusz Rozmus<br>13. Alina Borowiec<br>14. Ma\u0142gorzata Jagoda<br>15. Piotr Paul<br>16. Lucyna \u0141ukomska<br>17. Ma\u0142gorzata Pogudz-Kusiak<br>18. W\u0142adys\u0142aw Rozmus<\/p>\n\n\n\n<figure class=\"wp-block-gallery has-nested-images columns-default is-cropped wp-block-gallery-1 is-layout-flex wp-block-gallery-is-layout-flex\">\n<figure class=\"wp-block-image size-large\"><img fetchpriority=\"high\" decoding=\"async\" width=\"452\" height=\"640\" data-id=\"7839\" src=\"https:\/\/rotary.zamosc.pl\/wp-content\/uploads\/2026\/03\/ROTARY-CLUB-ZAMOSC-ZLOTYM-ANIOLEM-2007-1.jpg\" alt=\"\" class=\"wp-image-7839\" srcset=\"https:\/\/rotary.zamosc.pl\/wp-content\/uploads\/2026\/03\/ROTARY-CLUB-ZAMOSC-ZLOTYM-ANIOLEM-2007-1.jpg 452w, https:\/\/rotary.zamosc.pl\/wp-content\/uploads\/2026\/03\/ROTARY-CLUB-ZAMOSC-ZLOTYM-ANIOLEM-2007-1-212x300.jpg 212w\" sizes=\"(max-width: 452px) 100vw, 452px\" \/><\/figure>\n<\/figure>\n","protected":false},"excerpt":{"rendered":"<p>W dniach 14-15 grudnia 2007r. z okazji obchod\u00f3w jubileuszu 15-lecia NZOZ O\u015brodka Rehabilitacyjno-Terapeutycznego dla Dzieci Niepe\u0142nosprawnych w Zamo\u015bciu, odby\u0142a si\u0119 konferencja pt. \u201eW poszukiwaniu rozwi\u0105za\u0144 systemowych. Wzi\u0119\u0142o w niej udzia\u0142 ponad 150 os\u00f3b. W czasie konferencji rozdane zosta\u0142y statuetki \u201eZ\u0142otych Anio\u0142\u00f3w\u201d dla instytucji i os\u00f3b prywatnych, kt\u00f3re w ci\u0105gu ostatnich XV lat wspiera\u0142y dzia\u0142alno\u015b\u0107 O\u015brodka&#8230;.<\/p>\n","protected":false},"author":1,"featured_media":7840,"comment_status":"open","ping_status":"open","sticky":false,"template":"","format":"standard","meta":{"footnotes":""},"categories":[33],"tags":[],"class_list":["post-7838","post","type-post","status-publish","format-standard","has-post-thumbnail","hentry","category-33"],"rttpg_featured_image_url":{"full":["https:\/\/rotary.zamosc.pl\/wp-content\/uploads\/2026\/03\/ROTARY-CLUB-ZAMOSC-ZLOTYM-ANIOLEM-2007-2.jpg",437,640,false],"landscape":["https:\/\/rotary.zamosc.pl\/wp-content\/uploads\/2026\/03\/ROTARY-CLUB-ZAMOSC-ZLOTYM-ANIOLEM-2007-2.jpg",437,640,false],"portraits":["https:\/\/rotary.zamosc.pl\/wp-content\/uploads\/2026\/03\/ROTARY-CLUB-ZAMOSC-ZLOTYM-ANIOLEM-2007-2.jpg",437,640,false],"thumbnail":["https:\/\/rotary.zamosc.pl\/wp-content\/uploads\/2026\/03\/ROTARY-CLUB-ZAMOSC-ZLOTYM-ANIOLEM-2007-2-150x150.jpg",150,150,true],"medium":["https:\/\/rotary.zamosc.pl\/wp-content\/uploads\/2026\/03\/ROTARY-CLUB-ZAMOSC-ZLOTYM-ANIOLEM-2007-2-205x300.jpg",205,300,true],"large":["https:\/\/rotary.zamosc.pl\/wp-content\/uploads\/2026\/03\/ROTARY-CLUB-ZAMOSC-ZLOTYM-ANIOLEM-2007-2.jpg",437,640,false],"1536x1536":["https:\/\/rotary.zamosc.pl\/wp-content\/uploads\/2026\/03\/ROTARY-CLUB-ZAMOSC-ZLOTYM-ANIOLEM-2007-2.jpg",437,640,false],"2048x2048":["https:\/\/rotary.zamosc.pl\/wp-content\/uploads\/2026\/03\/ROTARY-CLUB-ZAMOSC-ZLOTYM-ANIOLEM-2007-2.jpg",437,640,false],"post-thumbnail":["https:\/\/rotary.zamosc.pl\/wp-content\/uploads\/2026\/03\/ROTARY-CLUB-ZAMOSC-ZLOTYM-ANIOLEM-2007-2.jpg",437,640,false],"graphy-post-thumbnail-large":["https:\/\/rotary.zamosc.pl\/wp-content\/uploads\/2026\/03\/ROTARY-CLUB-ZAMOSC-ZLOTYM-ANIOLEM-2007-2-437x600.jpg",437,600,true],"graphy-post-thumbnail-medium":["https:\/\/rotary.zamosc.pl\/wp-content\/uploads\/2026\/03\/ROTARY-CLUB-ZAMOSC-ZLOTYM-ANIOLEM-2007-2-437x300.jpg",437,300,true],"graphy-post-thumbnail-small":["https:\/\/rotary.zamosc.pl\/wp-content\/uploads\/2026\/03\/ROTARY-CLUB-ZAMOSC-ZLOTYM-ANIOLEM-2007-2-80x60.jpg",80,60,true],"graphy-page-thumbnail":["https:\/\/rotary.zamosc.pl\/wp-content\/uploads\/2026\/03\/ROTARY-CLUB-ZAMOSC-ZLOTYM-ANIOLEM-2007-2-437x350.jpg",437,350,true],"sow-carousel-default":["https:\/\/rotary.zamosc.pl\/wp-content\/uploads\/2026\/03\/ROTARY-CLUB-ZAMOSC-ZLOTYM-ANIOLEM-2007-2-272x182.jpg",272,182,true]},"rttpg_author":{"display_name":"rotaryzamosc","author_link":"https:\/\/rotary.zamosc.pl\/index.php\/author\/rotaryzamosc\/"},"rttpg_comment":0,"rttpg_category":"<a href=\"https:\/\/rotary.zamosc.pl\/index.php\/category\/2007\/\" rel=\"category tag\">2007<\/a>","rttpg_excerpt":"W dniach 14-15 grudnia 2007r. z okazji obchod\u00f3w jubileuszu 15-lecia NZOZ O\u015brodka Rehabilitacyjno-Terapeutycznego dla Dzieci Niepe\u0142nosprawnych w Zamo\u015bciu, odby\u0142a si\u0119 konferencja pt. \u201eW poszukiwaniu rozwi\u0105za\u0144 systemowych. Wzi\u0119\u0142o w niej udzia\u0142 ponad 150 os\u00f3b. W czasie konferencji rozdane zosta\u0142y statuetki \u201eZ\u0142otych Anio\u0142\u00f3w\u201d dla instytucji i os\u00f3b prywatnych, kt\u00f3re w ci\u0105gu ostatnich XV lat wspiera\u0142y dzia\u0142alno\u015b\u0107 O\u015brodka....","_links":{"self":[{"href":"https:\/\/rotary.zamosc.pl\/index.php\/wp-json\/wp\/v2\/posts\/7838","targetHints":{"allow":["GET"]}}],"collection":[{"href":"https:\/\/rotary.zamosc.pl\/index.php\/wp-json\/wp\/v2\/posts"}],"about":[{"href":"https:\/\/rotary.zamosc.pl\/index.php\/wp-json\/wp\/v2\/types\/post"}],"author":[{"embeddable":true,"href":"https:\/\/rotary.zamosc.pl\/index.php\/wp-json\/wp\/v2\/users\/1"}],"replies":[{"embeddable":true,"href":"https:\/\/rotary.zamosc.pl\/index.php\/wp-json\/wp\/v2\/comments?post=7838"}],"version-history":[{"count":2,"href":"https:\/\/rotary.zamosc.pl\/index.php\/wp-json\/wp\/v2\/posts\/7838\/revisions"}],"predecessor-version":[{"id":7842,"href":"https:\/\/rotary.zamosc.pl\/index.php\/wp-json\/wp\/v2\/posts\/7838\/revisions\/7842"}],"wp:featuredmedia":[{"embeddable":true,"href":"https:\/\/rotary.zamosc.pl\/index.php\/wp-json\/wp\/v2\/media\/7840"}],"wp:attachment":[{"href":"https:\/\/rotary.zamosc.pl\/index.php\/wp-json\/wp\/v2\/media?parent=7838"}],"wp:term":[{"taxonomy":"category","embeddable":true,"href":"https:\/\/rotary.zamosc.pl\/index.php\/wp-json\/wp\/v2\/categories?post=7838"},{"taxonomy":"post_tag","embeddable":true,"href":"https:\/\/rotary.zamosc.pl\/index.php\/wp-json\/wp\/v2\/tags?post=7838"}],"curies":[{"name":"wp","href":"https:\/\/api.w.org\/{rel}","templated":true}]}}