{"id":7843,"date":"2007-12-15T13:15:00","date_gmt":"2007-12-15T12:15:00","guid":{"rendered":"https:\/\/rotary.zamosc.pl\/?p=7843"},"modified":"2026-03-25T13:16:34","modified_gmt":"2026-03-25T12:16:34","slug":"podsumowanie-roku-kulturalnego-2007","status":"publish","type":"post","link":"https:\/\/rotary.zamosc.pl\/index.php\/2007\/12\/15\/podsumowanie-roku-kulturalnego-2007\/","title":{"rendered":"PODSUMOWANIE ROKU KULTURALNEGO 2007"},"content":{"rendered":"\n<p class=\"wp-block-paragraph\">15 grudnia 2007 roku podczas Gali z okazji jubileuszu XV-lecia wpisu miasta na List\u0119 \u015awiatowego Dziedzictwa Kultury UNESCO wr\u0119czone zosta\u0142y honorowe tytu\u0142y, statuetki oraz wyr\u00f3\u017cnienia dla os\u00f3b, kt\u00f3re w spos\u00f3b szczeg\u00f3lny przyczyniaj\u0105 si\u0119 do rozs\u0142awienia imienia miasta, utrwalania wizerunku Hetma\u0144skiego Grodu jako miejsca magicznego o dynamicznym, nowoczesnym \u017cyciu kulturalnym. W tym roku honorowe tytu\u0142y, statuetki i wyr\u00f3\u017cnienia otrzymali:<\/p>\n\n\n\n<p class=\"wp-block-paragraph\"><strong>Tytu\u0142y Ambasadora Kultury Zamo\u015bcia:<\/strong><br>\u2013 Polski Komitet ds. UNESCO oraz Mi\u0119dzynarodowa Rada Ochrony Zabytk\u00f3w ICOMOS<br>\u2013 Organizacja Miast \u015awiatowego Dziedzictwa (OWHC)<br>\u2013 Maria Sarnik-Konieczna<br>\u2013 Witold Paszt<br>\u2013 Adam Kulik<\/p>\n\n\n\n<p class=\"wp-block-paragraph\"><strong>Tytu\u0142y Animator Kultury Zamo\u015bcia:<\/strong><br>\u2013 Krzysztof Wr\u00f3blewski<br>\u2013 Grzegorz Obst<br>oraz wyr\u00f3\u017cnienia w tej kategorii:<br>\u2013 Andrzej Kudlicki \u2013 Marek Kwiecie\u0144<\/p>\n\n\n\n<p class=\"wp-block-paragraph\"><strong>Tytu\u0142 Sponsor Kultury Zamo\u015bcia:<\/strong><br>\u2013 PKP LHS<br>\u2013 Ewa i Sylwester Krukowie (Restauracja Nowe Miasto)<\/p>\n\n\n\n<p class=\"wp-block-paragraph\">oraz wyr\u00f3\u017cnienie<br>\u2013 Carrefour Polska (Centrum Handlowe Lwowska)<\/p>\n\n\n\n<p class=\"wp-block-paragraph\">W gronie otrzymuj\u0105cych wyr\u00f3\u017cnienia z r\u0105k prezydenta Zamo\u015bcia, Marcina Zamoyskiego znale\u017ali si\u0119 nasi Koledzy z Rotary Club Zamo\u015b\u0107. Za 2007 rok statuetk\u0119 i honorowy tytu\u0142 Animator Kultury Zamo\u015bcia otrzyma\u0142 Krzysztof WR\u00d3BLEWSKI, a wyr\u00f3\u017cnienie w tej kategorii Marek KWIECIE\u0143. Wyg\u0142aszaj\u0105c laudacj\u0119 na rzecz wyr\u00f3\u017cnionych wiceprezydent Zamo\u015bcia Iwonna Stopczy\u0144ska o laureatach powiedzia\u0142a:<\/p>\n\n\n\n<p class=\"wp-block-paragraph\"><strong>Krzysztof WR\u00d3BLEWSKI<\/strong> \u2013 z zawodu lekarz medycyny. Z zami\u0142owania \u2013 regionalista i kolekcjoner. Jest autorem wielu publikacji dotycz\u0105cych Zamo\u015bcia i jego pami\u0105tek. We wsp\u00f3\u0142pracy z Muzeum zamojskim, Zamojskim Domem Kultury i Archiwum Pa\u0144stwowym organizuje cykle wyk\u0142ad\u00f3w dotycz\u0105cych kolekcjonerstwa w zakresie numizmatyki i medalierstwa, a tak\u017ce reprezentuje miasto w mi\u0119dzynarodowych i og\u00f3lnokrajowych wystawach kolekcjonerskich, prezydent nominat 2009-2010 RC Zamo\u015b\u0107.<\/p>\n\n\n\n<p class=\"wp-block-paragraph\"><strong>Marek KWIECIE\u0143<\/strong> \u2013 Organizator i realizator wielu przedsi\u0119wzi\u0119\u0107 maj\u0105cych na celu kszta\u0142towanie patriotycznych postaw w\u015br\u00f3d dzieci i m\u0142odzie\u017cy, znawca or\u0119\u017ca i propagator ceremonia\u0142\u00f3w wojskowych wykorzystywanych podczas uroczysto\u015bci miejskich, past prezydent 2001-2002 RC Zamo\u015b\u0107.<\/p>\n\n\n\n<p class=\"wp-block-paragraph\">Gratulujemy.<\/p>\n\n\n\n<figure class=\"wp-block-gallery has-nested-images columns-1 is-cropped wp-block-gallery-1 is-layout-flex wp-block-gallery-is-layout-flex\">\n<figure class=\"wp-block-image size-large\"><img fetchpriority=\"high\" decoding=\"async\" width=\"452\" height=\"640\" data-id=\"7847\" src=\"https:\/\/rotary.zamosc.pl\/wp-content\/uploads\/2026\/03\/PODSUMOWANIE-ROKU-KULTURALNEGO-2007-4.jpg\" alt=\"\" class=\"wp-image-7847\" srcset=\"https:\/\/rotary.zamosc.pl\/wp-content\/uploads\/2026\/03\/PODSUMOWANIE-ROKU-KULTURALNEGO-2007-4.jpg 452w, https:\/\/rotary.zamosc.pl\/wp-content\/uploads\/2026\/03\/PODSUMOWANIE-ROKU-KULTURALNEGO-2007-4-212x300.jpg 212w\" sizes=\"(max-width: 452px) 100vw, 452px\" \/><\/figure>\n\n\n\n<figure class=\"wp-block-image size-large\"><img decoding=\"async\" width=\"446\" height=\"640\" data-id=\"7846\" src=\"https:\/\/rotary.zamosc.pl\/wp-content\/uploads\/2026\/03\/PODSUMOWANIE-ROKU-KULTURALNEGO-2007-3.jpg\" alt=\"\" class=\"wp-image-7846\" srcset=\"https:\/\/rotary.zamosc.pl\/wp-content\/uploads\/2026\/03\/PODSUMOWANIE-ROKU-KULTURALNEGO-2007-3.jpg 446w, https:\/\/rotary.zamosc.pl\/wp-content\/uploads\/2026\/03\/PODSUMOWANIE-ROKU-KULTURALNEGO-2007-3-209x300.jpg 209w\" sizes=\"(max-width: 446px) 100vw, 446px\" \/><\/figure>\n\n\n\n<figure class=\"wp-block-image size-large\"><img decoding=\"async\" width=\"640\" height=\"480\" data-id=\"7844\" src=\"https:\/\/rotary.zamosc.pl\/wp-content\/uploads\/2026\/03\/PODSUMOWANIE-ROKU-KULTURALNEGO-2007-1.jpg\" alt=\"\" class=\"wp-image-7844\" srcset=\"https:\/\/rotary.zamosc.pl\/wp-content\/uploads\/2026\/03\/PODSUMOWANIE-ROKU-KULTURALNEGO-2007-1.jpg 640w, https:\/\/rotary.zamosc.pl\/wp-content\/uploads\/2026\/03\/PODSUMOWANIE-ROKU-KULTURALNEGO-2007-1-300x225.jpg 300w, https:\/\/rotary.zamosc.pl\/wp-content\/uploads\/2026\/03\/PODSUMOWANIE-ROKU-KULTURALNEGO-2007-1-80x60.jpg 80w\" sizes=\"(max-width: 640px) 100vw, 640px\" \/><\/figure>\n<\/figure>\n","protected":false},"excerpt":{"rendered":"<p>15 grudnia 2007 roku podczas Gali z okazji jubileuszu XV-lecia wpisu miasta na List\u0119 \u015awiatowego Dziedzictwa Kultury UNESCO wr\u0119czone zosta\u0142y honorowe tytu\u0142y, statuetki oraz wyr\u00f3\u017cnienia dla os\u00f3b, kt\u00f3re w spos\u00f3b szczeg\u00f3lny przyczyniaj\u0105 si\u0119 do rozs\u0142awienia imienia miasta, utrwalania wizerunku Hetma\u0144skiego Grodu jako miejsca magicznego o dynamicznym, nowoczesnym \u017cyciu kulturalnym. W tym roku honorowe tytu\u0142y, statuetki&#8230;<\/p>\n","protected":false},"author":1,"featured_media":7845,"comment_status":"open","ping_status":"open","sticky":false,"template":"","format":"standard","meta":{"footnotes":""},"categories":[33],"tags":[],"class_list":["post-7843","post","type-post","status-publish","format-standard","has-post-thumbnail","hentry","category-33"],"rttpg_featured_image_url":{"full":["https:\/\/rotary.zamosc.pl\/wp-content\/uploads\/2026\/03\/PODSUMOWANIE-ROKU-KULTURALNEGO-2007-2.jpg",640,323,false],"landscape":["https:\/\/rotary.zamosc.pl\/wp-content\/uploads\/2026\/03\/PODSUMOWANIE-ROKU-KULTURALNEGO-2007-2.jpg",640,323,false],"portraits":["https:\/\/rotary.zamosc.pl\/wp-content\/uploads\/2026\/03\/PODSUMOWANIE-ROKU-KULTURALNEGO-2007-2.jpg",640,323,false],"thumbnail":["https:\/\/rotary.zamosc.pl\/wp-content\/uploads\/2026\/03\/PODSUMOWANIE-ROKU-KULTURALNEGO-2007-2-150x150.jpg",150,150,true],"medium":["https:\/\/rotary.zamosc.pl\/wp-content\/uploads\/2026\/03\/PODSUMOWANIE-ROKU-KULTURALNEGO-2007-2-300x151.jpg",300,151,true],"large":["https:\/\/rotary.zamosc.pl\/wp-content\/uploads\/2026\/03\/PODSUMOWANIE-ROKU-KULTURALNEGO-2007-2.jpg",640,323,false],"1536x1536":["https:\/\/rotary.zamosc.pl\/wp-content\/uploads\/2026\/03\/PODSUMOWANIE-ROKU-KULTURALNEGO-2007-2.jpg",640,323,false],"2048x2048":["https:\/\/rotary.zamosc.pl\/wp-content\/uploads\/2026\/03\/PODSUMOWANIE-ROKU-KULTURALNEGO-2007-2.jpg",640,323,false],"post-thumbnail":["https:\/\/rotary.zamosc.pl\/wp-content\/uploads\/2026\/03\/PODSUMOWANIE-ROKU-KULTURALNEGO-2007-2.jpg",640,323,false],"graphy-post-thumbnail-large":["https:\/\/rotary.zamosc.pl\/wp-content\/uploads\/2026\/03\/PODSUMOWANIE-ROKU-KULTURALNEGO-2007-2.jpg",640,323,false],"graphy-post-thumbnail-medium":["https:\/\/rotary.zamosc.pl\/wp-content\/uploads\/2026\/03\/PODSUMOWANIE-ROKU-KULTURALNEGO-2007-2-482x300.jpg",482,300,true],"graphy-post-thumbnail-small":["https:\/\/rotary.zamosc.pl\/wp-content\/uploads\/2026\/03\/PODSUMOWANIE-ROKU-KULTURALNEGO-2007-2-80x60.jpg",80,60,true],"graphy-page-thumbnail":["https:\/\/rotary.zamosc.pl\/wp-content\/uploads\/2026\/03\/PODSUMOWANIE-ROKU-KULTURALNEGO-2007-2.jpg",640,323,false],"sow-carousel-default":["https:\/\/rotary.zamosc.pl\/wp-content\/uploads\/2026\/03\/PODSUMOWANIE-ROKU-KULTURALNEGO-2007-2-272x182.jpg",272,182,true]},"rttpg_author":{"display_name":"rotaryzamosc","author_link":"https:\/\/rotary.zamosc.pl\/index.php\/author\/rotaryzamosc\/"},"rttpg_comment":0,"rttpg_category":"<a href=\"https:\/\/rotary.zamosc.pl\/index.php\/category\/2007\/\" rel=\"category tag\">2007<\/a>","rttpg_excerpt":"15 grudnia 2007 roku podczas Gali z okazji jubileuszu XV-lecia wpisu miasta na List\u0119 \u015awiatowego Dziedzictwa Kultury UNESCO wr\u0119czone zosta\u0142y honorowe tytu\u0142y, statuetki oraz wyr\u00f3\u017cnienia dla os\u00f3b, kt\u00f3re w spos\u00f3b szczeg\u00f3lny przyczyniaj\u0105 si\u0119 do rozs\u0142awienia imienia miasta, utrwalania wizerunku Hetma\u0144skiego Grodu jako miejsca magicznego o dynamicznym, nowoczesnym \u017cyciu kulturalnym. W tym roku honorowe tytu\u0142y, statuetki...","_links":{"self":[{"href":"https:\/\/rotary.zamosc.pl\/index.php\/wp-json\/wp\/v2\/posts\/7843","targetHints":{"allow":["GET"]}}],"collection":[{"href":"https:\/\/rotary.zamosc.pl\/index.php\/wp-json\/wp\/v2\/posts"}],"about":[{"href":"https:\/\/rotary.zamosc.pl\/index.php\/wp-json\/wp\/v2\/types\/post"}],"author":[{"embeddable":true,"href":"https:\/\/rotary.zamosc.pl\/index.php\/wp-json\/wp\/v2\/users\/1"}],"replies":[{"embeddable":true,"href":"https:\/\/rotary.zamosc.pl\/index.php\/wp-json\/wp\/v2\/comments?post=7843"}],"version-history":[{"count":1,"href":"https:\/\/rotary.zamosc.pl\/index.php\/wp-json\/wp\/v2\/posts\/7843\/revisions"}],"predecessor-version":[{"id":7848,"href":"https:\/\/rotary.zamosc.pl\/index.php\/wp-json\/wp\/v2\/posts\/7843\/revisions\/7848"}],"wp:featuredmedia":[{"embeddable":true,"href":"https:\/\/rotary.zamosc.pl\/index.php\/wp-json\/wp\/v2\/media\/7845"}],"wp:attachment":[{"href":"https:\/\/rotary.zamosc.pl\/index.php\/wp-json\/wp\/v2\/media?parent=7843"}],"wp:term":[{"taxonomy":"category","embeddable":true,"href":"https:\/\/rotary.zamosc.pl\/index.php\/wp-json\/wp\/v2\/categories?post=7843"},{"taxonomy":"post_tag","embeddable":true,"href":"https:\/\/rotary.zamosc.pl\/index.php\/wp-json\/wp\/v2\/tags?post=7843"}],"curies":[{"name":"wp","href":"https:\/\/api.w.org\/{rel}","templated":true}]}}