{"id":7856,"date":"2007-10-27T13:18:00","date_gmt":"2007-10-27T11:18:00","guid":{"rendered":"https:\/\/rotary.zamosc.pl\/?p=7856"},"modified":"2026-03-25T13:19:44","modified_gmt":"2026-03-25T12:19:44","slug":"xv-lecie-rc-lwow","status":"publish","type":"post","link":"https:\/\/rotary.zamosc.pl\/index.php\/2007\/10\/27\/xv-lecie-rc-lwow\/","title":{"rendered":"XV-lecie RC LW\u00d3W"},"content":{"rendered":"\n<p class=\"wp-block-paragraph\">27-28 pa\u017adziernika 2007 roku uroczy\u015bcie obchodzono we Lwowie XV -lecie za\u0142o\u017cenia najstarszego lwowskiego klubu rotaria\u0144skiego \u2013 RC Lw\u00f3w. W\u015br\u00f3d licznych go\u015bci sk\u0142adaj\u0105cych gratulacje, prezenty i wymieniaj\u0105cych si\u0119 proporczykami byli zamojscy rotarianie: Tomasz Anasiewicz, prezydent RC Zamo\u015b\u0107 i Ryszard \u0141uczyn, past prezydent RC Zamo\u015b\u0107. W trakcie \u015bwi\u0105tecznego pobytu gospodarze zorganizowali nam wycieczk\u0119 po Lwowie oraz zwiedzanie Muzeum Browaru Lwowskiego a wieczorem huczn\u0105 zabaw\u0119 w restauracji \u201eSuputnik\u201d, kt\u00f3ra sprzyja\u0142a zacie\u015bnianiu nawi\u0105zanych kontakt\u00f3w towarzyskich. <strong>Gratulujemy i \u017cyczymy sukces\u00f3w rotaria\u0144skich!<\/strong><\/p>\n\n\n\n<figure class=\"wp-block-gallery has-nested-images columns-1 is-cropped wp-block-gallery-1 is-layout-flex wp-block-gallery-is-layout-flex\">\n<figure class=\"wp-block-image size-large\"><img fetchpriority=\"high\" decoding=\"async\" width=\"640\" height=\"480\" data-id=\"7861\" src=\"https:\/\/rotary.zamosc.pl\/wp-content\/uploads\/2026\/03\/XV-lecie-RC-LWOW-2007-5.jpg\" alt=\"\" class=\"wp-image-7861\" srcset=\"https:\/\/rotary.zamosc.pl\/wp-content\/uploads\/2026\/03\/XV-lecie-RC-LWOW-2007-5.jpg 640w, https:\/\/rotary.zamosc.pl\/wp-content\/uploads\/2026\/03\/XV-lecie-RC-LWOW-2007-5-300x225.jpg 300w, https:\/\/rotary.zamosc.pl\/wp-content\/uploads\/2026\/03\/XV-lecie-RC-LWOW-2007-5-80x60.jpg 80w\" sizes=\"(max-width: 640px) 100vw, 640px\" \/><figcaption class=\"wp-element-caption\">OLYMPUS DIGITAL CAMERA<\/figcaption><\/figure>\n\n\n\n<figure class=\"wp-block-image size-large\"><img decoding=\"async\" width=\"640\" height=\"480\" data-id=\"7859\" src=\"https:\/\/rotary.zamosc.pl\/wp-content\/uploads\/2026\/03\/XV-lecie-RC-LWOW-2007-3.jpg\" alt=\"\" class=\"wp-image-7859\" srcset=\"https:\/\/rotary.zamosc.pl\/wp-content\/uploads\/2026\/03\/XV-lecie-RC-LWOW-2007-3.jpg 640w, https:\/\/rotary.zamosc.pl\/wp-content\/uploads\/2026\/03\/XV-lecie-RC-LWOW-2007-3-300x225.jpg 300w, https:\/\/rotary.zamosc.pl\/wp-content\/uploads\/2026\/03\/XV-lecie-RC-LWOW-2007-3-80x60.jpg 80w\" sizes=\"(max-width: 640px) 100vw, 640px\" \/><\/figure>\n\n\n\n<figure class=\"wp-block-image size-large\"><img decoding=\"async\" width=\"640\" height=\"480\" data-id=\"7857\" src=\"https:\/\/rotary.zamosc.pl\/wp-content\/uploads\/2026\/03\/XV-lecie-RC-LWOW-2007-1.jpg\" alt=\"\" class=\"wp-image-7857\" srcset=\"https:\/\/rotary.zamosc.pl\/wp-content\/uploads\/2026\/03\/XV-lecie-RC-LWOW-2007-1.jpg 640w, https:\/\/rotary.zamosc.pl\/wp-content\/uploads\/2026\/03\/XV-lecie-RC-LWOW-2007-1-300x225.jpg 300w, https:\/\/rotary.zamosc.pl\/wp-content\/uploads\/2026\/03\/XV-lecie-RC-LWOW-2007-1-80x60.jpg 80w\" sizes=\"(max-width: 640px) 100vw, 640px\" \/><\/figure>\n\n\n\n<figure class=\"wp-block-image size-large\"><img loading=\"lazy\" decoding=\"async\" width=\"640\" height=\"480\" data-id=\"7860\" src=\"https:\/\/rotary.zamosc.pl\/wp-content\/uploads\/2026\/03\/XV-lecie-RC-LWOW-2007-4.jpg\" alt=\"\" class=\"wp-image-7860\" srcset=\"https:\/\/rotary.zamosc.pl\/wp-content\/uploads\/2026\/03\/XV-lecie-RC-LWOW-2007-4.jpg 640w, https:\/\/rotary.zamosc.pl\/wp-content\/uploads\/2026\/03\/XV-lecie-RC-LWOW-2007-4-300x225.jpg 300w, https:\/\/rotary.zamosc.pl\/wp-content\/uploads\/2026\/03\/XV-lecie-RC-LWOW-2007-4-80x60.jpg 80w\" sizes=\"(max-width: 640px) 100vw, 640px\" \/><\/figure>\n<\/figure>\n","protected":false},"excerpt":{"rendered":"<p>27-28 pa\u017adziernika 2007 roku uroczy\u015bcie obchodzono we Lwowie XV -lecie za\u0142o\u017cenia najstarszego lwowskiego klubu rotaria\u0144skiego \u2013 RC Lw\u00f3w. W\u015br\u00f3d licznych go\u015bci sk\u0142adaj\u0105cych gratulacje, prezenty i wymieniaj\u0105cych si\u0119 proporczykami byli zamojscy rotarianie: Tomasz Anasiewicz, prezydent RC Zamo\u015b\u0107 i Ryszard \u0141uczyn, past prezydent RC Zamo\u015b\u0107. W trakcie \u015bwi\u0105tecznego pobytu gospodarze zorganizowali nam wycieczk\u0119 po Lwowie oraz zwiedzanie&#8230;<\/p>\n","protected":false},"author":1,"featured_media":7860,"comment_status":"open","ping_status":"open","sticky":false,"template":"","format":"standard","meta":{"footnotes":""},"categories":[33],"tags":[],"class_list":["post-7856","post","type-post","status-publish","format-standard","has-post-thumbnail","hentry","category-33"],"rttpg_featured_image_url":{"full":["https:\/\/rotary.zamosc.pl\/wp-content\/uploads\/2026\/03\/XV-lecie-RC-LWOW-2007-4.jpg",640,480,false],"landscape":["https:\/\/rotary.zamosc.pl\/wp-content\/uploads\/2026\/03\/XV-lecie-RC-LWOW-2007-4.jpg",640,480,false],"portraits":["https:\/\/rotary.zamosc.pl\/wp-content\/uploads\/2026\/03\/XV-lecie-RC-LWOW-2007-4.jpg",640,480,false],"thumbnail":["https:\/\/rotary.zamosc.pl\/wp-content\/uploads\/2026\/03\/XV-lecie-RC-LWOW-2007-4-150x150.jpg",150,150,true],"medium":["https:\/\/rotary.zamosc.pl\/wp-content\/uploads\/2026\/03\/XV-lecie-RC-LWOW-2007-4-300x225.jpg",300,225,true],"large":["https:\/\/rotary.zamosc.pl\/wp-content\/uploads\/2026\/03\/XV-lecie-RC-LWOW-2007-4.jpg",640,480,false],"1536x1536":["https:\/\/rotary.zamosc.pl\/wp-content\/uploads\/2026\/03\/XV-lecie-RC-LWOW-2007-4.jpg",640,480,false],"2048x2048":["https:\/\/rotary.zamosc.pl\/wp-content\/uploads\/2026\/03\/XV-lecie-RC-LWOW-2007-4.jpg",640,480,false],"post-thumbnail":["https:\/\/rotary.zamosc.pl\/wp-content\/uploads\/2026\/03\/XV-lecie-RC-LWOW-2007-4.jpg",640,480,false],"graphy-post-thumbnail-large":["https:\/\/rotary.zamosc.pl\/wp-content\/uploads\/2026\/03\/XV-lecie-RC-LWOW-2007-4.jpg",640,480,false],"graphy-post-thumbnail-medium":["https:\/\/rotary.zamosc.pl\/wp-content\/uploads\/2026\/03\/XV-lecie-RC-LWOW-2007-4-482x300.jpg",482,300,true],"graphy-post-thumbnail-small":["https:\/\/rotary.zamosc.pl\/wp-content\/uploads\/2026\/03\/XV-lecie-RC-LWOW-2007-4-80x60.jpg",80,60,true],"graphy-page-thumbnail":["https:\/\/rotary.zamosc.pl\/wp-content\/uploads\/2026\/03\/XV-lecie-RC-LWOW-2007-4-640x350.jpg",640,350,true],"sow-carousel-default":["https:\/\/rotary.zamosc.pl\/wp-content\/uploads\/2026\/03\/XV-lecie-RC-LWOW-2007-4-272x182.jpg",272,182,true]},"rttpg_author":{"display_name":"rotaryzamosc","author_link":"https:\/\/rotary.zamosc.pl\/index.php\/author\/rotaryzamosc\/"},"rttpg_comment":0,"rttpg_category":"<a href=\"https:\/\/rotary.zamosc.pl\/index.php\/category\/2007\/\" rel=\"category tag\">2007<\/a>","rttpg_excerpt":"27-28 pa\u017adziernika 2007 roku uroczy\u015bcie obchodzono we Lwowie XV -lecie za\u0142o\u017cenia najstarszego lwowskiego klubu rotaria\u0144skiego \u2013 RC Lw\u00f3w. W\u015br\u00f3d licznych go\u015bci sk\u0142adaj\u0105cych gratulacje, prezenty i wymieniaj\u0105cych si\u0119 proporczykami byli zamojscy rotarianie: Tomasz Anasiewicz, prezydent RC Zamo\u015b\u0107 i Ryszard \u0141uczyn, past prezydent RC Zamo\u015b\u0107. W trakcie \u015bwi\u0105tecznego pobytu gospodarze zorganizowali nam wycieczk\u0119 po Lwowie oraz zwiedzanie...","_links":{"self":[{"href":"https:\/\/rotary.zamosc.pl\/index.php\/wp-json\/wp\/v2\/posts\/7856","targetHints":{"allow":["GET"]}}],"collection":[{"href":"https:\/\/rotary.zamosc.pl\/index.php\/wp-json\/wp\/v2\/posts"}],"about":[{"href":"https:\/\/rotary.zamosc.pl\/index.php\/wp-json\/wp\/v2\/types\/post"}],"author":[{"embeddable":true,"href":"https:\/\/rotary.zamosc.pl\/index.php\/wp-json\/wp\/v2\/users\/1"}],"replies":[{"embeddable":true,"href":"https:\/\/rotary.zamosc.pl\/index.php\/wp-json\/wp\/v2\/comments?post=7856"}],"version-history":[{"count":1,"href":"https:\/\/rotary.zamosc.pl\/index.php\/wp-json\/wp\/v2\/posts\/7856\/revisions"}],"predecessor-version":[{"id":7862,"href":"https:\/\/rotary.zamosc.pl\/index.php\/wp-json\/wp\/v2\/posts\/7856\/revisions\/7862"}],"wp:featuredmedia":[{"embeddable":true,"href":"https:\/\/rotary.zamosc.pl\/index.php\/wp-json\/wp\/v2\/media\/7860"}],"wp:attachment":[{"href":"https:\/\/rotary.zamosc.pl\/index.php\/wp-json\/wp\/v2\/media?parent=7856"}],"wp:term":[{"taxonomy":"category","embeddable":true,"href":"https:\/\/rotary.zamosc.pl\/index.php\/wp-json\/wp\/v2\/categories?post=7856"},{"taxonomy":"post_tag","embeddable":true,"href":"https:\/\/rotary.zamosc.pl\/index.php\/wp-json\/wp\/v2\/tags?post=7856"}],"curies":[{"name":"wp","href":"https:\/\/api.w.org\/{rel}","templated":true}]}}