{"id":7896,"date":"2006-06-27T13:29:00","date_gmt":"2006-06-27T11:29:00","guid":{"rendered":"https:\/\/rotary.zamosc.pl\/?p=7896"},"modified":"2026-03-25T13:30:21","modified_gmt":"2026-03-25T12:30:21","slug":"nowy-zarzad-rc-zamosc-2006-2007","status":"publish","type":"post","link":"https:\/\/rotary.zamosc.pl\/index.php\/2006\/06\/27\/nowy-zarzad-rc-zamosc-2006-2007\/","title":{"rendered":"NOWY ZARZ\u0104D RC ZAMO\u015a\u0106 2006\/2007"},"content":{"rendered":"\n<p class=\"wp-block-paragraph\">27 czerwca 2006 r. tradycyjnie w kawiarni \u201eArkadia\u201d odby\u0142o si\u0119 przekazanie w\u0142adzy w Rotary Club Zamo\u015b\u0107. Po z\u0142o\u017conym sprawozdaniu i podzi\u0119kowaniach prezydenta 2005\/2006 <strong>Czarka Zi\u00f3\u0142kowskiego<\/strong> za wsp\u00f3lne roczne wsp\u00f3\u0142dzia\u0142anie w realizacji idei rotaria\u0144skiej oraz wr\u0119czeniu przez past prezydent\u00f3w <strong>RYNGRAFU PAMI\u0104TKOWEGO RC ZAMO\u015a\u0106<\/strong>, \u0142a\u0144cuch prezydencki na kadencj\u0119 2006\/2007 za\u0142o\u017cy\u0142 prezydent elekt <strong>W\u0142odzimierz Bentkowski<\/strong>. W sk\u0142ad nowego zarz\u0105du weszli: wiceprezydent <strong>Bernard Kowalczyk<\/strong>, jako skarbnik <strong>Zbigniew \u017bukowski<\/strong>, a sekretarzem zosta\u0142 <strong>Miros\u0142aw Piwkowski<\/strong>.<\/p>\n\n\n\n<p class=\"wp-block-paragraph\"><strong>G r a t u l u j e m y&nbsp;&nbsp;i&nbsp;&nbsp;\u017c y c z y m y&nbsp;&nbsp;s u k c e s \u00f3 w<br>o r g a n i z a c y j n y c h&nbsp;&nbsp;i&nbsp;&nbsp;r o t a r i a \u0144 s k i c h !<\/strong><\/p>\n\n\n\n<figure class=\"wp-block-gallery has-nested-images columns-1 is-cropped wp-block-gallery-1 is-layout-flex wp-block-gallery-is-layout-flex\">\n<figure class=\"wp-block-image size-large\"><img fetchpriority=\"high\" decoding=\"async\" width=\"700\" height=\"525\" data-id=\"7901\" src=\"https:\/\/rotary.zamosc.pl\/wp-content\/uploads\/2026\/03\/NOWY-ZARZAD-RC-ZAMOSC-20062007-5-700x525.jpg\" alt=\"\" class=\"wp-image-7901\" srcset=\"https:\/\/rotary.zamosc.pl\/wp-content\/uploads\/2026\/03\/NOWY-ZARZAD-RC-ZAMOSC-20062007-5-700x525.jpg 700w, https:\/\/rotary.zamosc.pl\/wp-content\/uploads\/2026\/03\/NOWY-ZARZAD-RC-ZAMOSC-20062007-5-300x225.jpg 300w, https:\/\/rotary.zamosc.pl\/wp-content\/uploads\/2026\/03\/NOWY-ZARZAD-RC-ZAMOSC-20062007-5-768x576.jpg 768w, https:\/\/rotary.zamosc.pl\/wp-content\/uploads\/2026\/03\/NOWY-ZARZAD-RC-ZAMOSC-20062007-5-80x60.jpg 80w, https:\/\/rotary.zamosc.pl\/wp-content\/uploads\/2026\/03\/NOWY-ZARZAD-RC-ZAMOSC-20062007-5.jpg 800w\" sizes=\"(max-width: 700px) 100vw, 700px\" \/><\/figure>\n\n\n\n<figure class=\"wp-block-image size-large\"><img decoding=\"async\" width=\"700\" height=\"525\" data-id=\"7900\" src=\"https:\/\/rotary.zamosc.pl\/wp-content\/uploads\/2026\/03\/NOWY-ZARZAD-RC-ZAMOSC-20062007-4-700x525.jpg\" alt=\"\" class=\"wp-image-7900\" srcset=\"https:\/\/rotary.zamosc.pl\/wp-content\/uploads\/2026\/03\/NOWY-ZARZAD-RC-ZAMOSC-20062007-4-700x525.jpg 700w, https:\/\/rotary.zamosc.pl\/wp-content\/uploads\/2026\/03\/NOWY-ZARZAD-RC-ZAMOSC-20062007-4-300x225.jpg 300w, https:\/\/rotary.zamosc.pl\/wp-content\/uploads\/2026\/03\/NOWY-ZARZAD-RC-ZAMOSC-20062007-4-768x576.jpg 768w, https:\/\/rotary.zamosc.pl\/wp-content\/uploads\/2026\/03\/NOWY-ZARZAD-RC-ZAMOSC-20062007-4-80x60.jpg 80w, https:\/\/rotary.zamosc.pl\/wp-content\/uploads\/2026\/03\/NOWY-ZARZAD-RC-ZAMOSC-20062007-4.jpg 800w\" sizes=\"(max-width: 700px) 100vw, 700px\" \/><\/figure>\n\n\n\n<figure class=\"wp-block-image size-large\"><img decoding=\"async\" width=\"700\" height=\"525\" data-id=\"7899\" src=\"https:\/\/rotary.zamosc.pl\/wp-content\/uploads\/2026\/03\/NOWY-ZARZAD-RC-ZAMOSC-20062007-3-700x525.jpg\" alt=\"\" class=\"wp-image-7899\" srcset=\"https:\/\/rotary.zamosc.pl\/wp-content\/uploads\/2026\/03\/NOWY-ZARZAD-RC-ZAMOSC-20062007-3-700x525.jpg 700w, https:\/\/rotary.zamosc.pl\/wp-content\/uploads\/2026\/03\/NOWY-ZARZAD-RC-ZAMOSC-20062007-3-300x225.jpg 300w, https:\/\/rotary.zamosc.pl\/wp-content\/uploads\/2026\/03\/NOWY-ZARZAD-RC-ZAMOSC-20062007-3-768x576.jpg 768w, https:\/\/rotary.zamosc.pl\/wp-content\/uploads\/2026\/03\/NOWY-ZARZAD-RC-ZAMOSC-20062007-3-80x60.jpg 80w, https:\/\/rotary.zamosc.pl\/wp-content\/uploads\/2026\/03\/NOWY-ZARZAD-RC-ZAMOSC-20062007-3.jpg 800w\" sizes=\"(max-width: 700px) 100vw, 700px\" \/><\/figure>\n\n\n\n<figure class=\"wp-block-image size-large\"><img loading=\"lazy\" decoding=\"async\" width=\"700\" height=\"525\" data-id=\"7898\" src=\"https:\/\/rotary.zamosc.pl\/wp-content\/uploads\/2026\/03\/NOWY-ZARZAD-RC-ZAMOSC-20062007-2-700x525.jpg\" alt=\"\" class=\"wp-image-7898\" srcset=\"https:\/\/rotary.zamosc.pl\/wp-content\/uploads\/2026\/03\/NOWY-ZARZAD-RC-ZAMOSC-20062007-2-700x525.jpg 700w, https:\/\/rotary.zamosc.pl\/wp-content\/uploads\/2026\/03\/NOWY-ZARZAD-RC-ZAMOSC-20062007-2-300x225.jpg 300w, https:\/\/rotary.zamosc.pl\/wp-content\/uploads\/2026\/03\/NOWY-ZARZAD-RC-ZAMOSC-20062007-2-768x576.jpg 768w, https:\/\/rotary.zamosc.pl\/wp-content\/uploads\/2026\/03\/NOWY-ZARZAD-RC-ZAMOSC-20062007-2-80x60.jpg 80w, https:\/\/rotary.zamosc.pl\/wp-content\/uploads\/2026\/03\/NOWY-ZARZAD-RC-ZAMOSC-20062007-2.jpg 800w\" sizes=\"(max-width: 700px) 100vw, 700px\" \/><\/figure>\n<\/figure>\n","protected":false},"excerpt":{"rendered":"<p>27 czerwca 2006 r. tradycyjnie w kawiarni \u201eArkadia\u201d odby\u0142o si\u0119 przekazanie w\u0142adzy w Rotary Club Zamo\u015b\u0107. Po z\u0142o\u017conym sprawozdaniu i podzi\u0119kowaniach prezydenta 2005\/2006 Czarka Zi\u00f3\u0142kowskiego za wsp\u00f3lne roczne wsp\u00f3\u0142dzia\u0142anie w realizacji idei rotaria\u0144skiej oraz wr\u0119czeniu przez past prezydent\u00f3w RYNGRAFU PAMI\u0104TKOWEGO RC ZAMO\u015a\u0106, \u0142a\u0144cuch prezydencki na kadencj\u0119 2006\/2007 za\u0142o\u017cy\u0142 prezydent elekt W\u0142odzimierz Bentkowski. W sk\u0142ad nowego&#8230;<\/p>\n","protected":false},"author":1,"featured_media":7897,"comment_status":"open","ping_status":"open","sticky":false,"template":"","format":"standard","meta":{"footnotes":""},"categories":[34,21],"tags":[],"class_list":["post-7896","post","type-post","status-publish","format-standard","has-post-thumbnail","hentry","category-34","category-przekazania-wladzy"],"rttpg_featured_image_url":{"full":["https:\/\/rotary.zamosc.pl\/wp-content\/uploads\/2026\/03\/NOWY-ZARZAD-RC-ZAMOSC-20062007-1.jpg",800,600,false],"landscape":["https:\/\/rotary.zamosc.pl\/wp-content\/uploads\/2026\/03\/NOWY-ZARZAD-RC-ZAMOSC-20062007-1.jpg",800,600,false],"portraits":["https:\/\/rotary.zamosc.pl\/wp-content\/uploads\/2026\/03\/NOWY-ZARZAD-RC-ZAMOSC-20062007-1.jpg",800,600,false],"thumbnail":["https:\/\/rotary.zamosc.pl\/wp-content\/uploads\/2026\/03\/NOWY-ZARZAD-RC-ZAMOSC-20062007-1-150x150.jpg",150,150,true],"medium":["https:\/\/rotary.zamosc.pl\/wp-content\/uploads\/2026\/03\/NOWY-ZARZAD-RC-ZAMOSC-20062007-1-300x225.jpg",300,225,true],"large":["https:\/\/rotary.zamosc.pl\/wp-content\/uploads\/2026\/03\/NOWY-ZARZAD-RC-ZAMOSC-20062007-1-700x525.jpg",700,525,true],"1536x1536":["https:\/\/rotary.zamosc.pl\/wp-content\/uploads\/2026\/03\/NOWY-ZARZAD-RC-ZAMOSC-20062007-1.jpg",800,600,false],"2048x2048":["https:\/\/rotary.zamosc.pl\/wp-content\/uploads\/2026\/03\/NOWY-ZARZAD-RC-ZAMOSC-20062007-1.jpg",800,600,false],"post-thumbnail":["https:\/\/rotary.zamosc.pl\/wp-content\/uploads\/2026\/03\/NOWY-ZARZAD-RC-ZAMOSC-20062007-1.jpg",800,600,false],"graphy-post-thumbnail-large":["https:\/\/rotary.zamosc.pl\/wp-content\/uploads\/2026\/03\/NOWY-ZARZAD-RC-ZAMOSC-20062007-1.jpg",800,600,false],"graphy-post-thumbnail-medium":["https:\/\/rotary.zamosc.pl\/wp-content\/uploads\/2026\/03\/NOWY-ZARZAD-RC-ZAMOSC-20062007-1-482x300.jpg",482,300,true],"graphy-post-thumbnail-small":["https:\/\/rotary.zamosc.pl\/wp-content\/uploads\/2026\/03\/NOWY-ZARZAD-RC-ZAMOSC-20062007-1-80x60.jpg",80,60,true],"graphy-page-thumbnail":["https:\/\/rotary.zamosc.pl\/wp-content\/uploads\/2026\/03\/NOWY-ZARZAD-RC-ZAMOSC-20062007-1-800x350.jpg",800,350,true],"sow-carousel-default":["https:\/\/rotary.zamosc.pl\/wp-content\/uploads\/2026\/03\/NOWY-ZARZAD-RC-ZAMOSC-20062007-1-272x182.jpg",272,182,true]},"rttpg_author":{"display_name":"rotaryzamosc","author_link":"https:\/\/rotary.zamosc.pl\/index.php\/author\/rotaryzamosc\/"},"rttpg_comment":0,"rttpg_category":"<a href=\"https:\/\/rotary.zamosc.pl\/index.php\/category\/2006\/\" rel=\"category tag\">2006<\/a> <a href=\"https:\/\/rotary.zamosc.pl\/index.php\/category\/przekazania-wladzy\/\" rel=\"category tag\">Przekazania w\u0142adzy<\/a>","rttpg_excerpt":"27 czerwca 2006 r. tradycyjnie w kawiarni \u201eArkadia\u201d odby\u0142o si\u0119 przekazanie w\u0142adzy w Rotary Club Zamo\u015b\u0107. Po z\u0142o\u017conym sprawozdaniu i podzi\u0119kowaniach prezydenta 2005\/2006 Czarka Zi\u00f3\u0142kowskiego za wsp\u00f3lne roczne wsp\u00f3\u0142dzia\u0142anie w realizacji idei rotaria\u0144skiej oraz wr\u0119czeniu przez past prezydent\u00f3w RYNGRAFU PAMI\u0104TKOWEGO RC ZAMO\u015a\u0106, \u0142a\u0144cuch prezydencki na kadencj\u0119 2006\/2007 za\u0142o\u017cy\u0142 prezydent elekt W\u0142odzimierz Bentkowski. W sk\u0142ad nowego...","_links":{"self":[{"href":"https:\/\/rotary.zamosc.pl\/index.php\/wp-json\/wp\/v2\/posts\/7896","targetHints":{"allow":["GET"]}}],"collection":[{"href":"https:\/\/rotary.zamosc.pl\/index.php\/wp-json\/wp\/v2\/posts"}],"about":[{"href":"https:\/\/rotary.zamosc.pl\/index.php\/wp-json\/wp\/v2\/types\/post"}],"author":[{"embeddable":true,"href":"https:\/\/rotary.zamosc.pl\/index.php\/wp-json\/wp\/v2\/users\/1"}],"replies":[{"embeddable":true,"href":"https:\/\/rotary.zamosc.pl\/index.php\/wp-json\/wp\/v2\/comments?post=7896"}],"version-history":[{"count":1,"href":"https:\/\/rotary.zamosc.pl\/index.php\/wp-json\/wp\/v2\/posts\/7896\/revisions"}],"predecessor-version":[{"id":7902,"href":"https:\/\/rotary.zamosc.pl\/index.php\/wp-json\/wp\/v2\/posts\/7896\/revisions\/7902"}],"wp:featuredmedia":[{"embeddable":true,"href":"https:\/\/rotary.zamosc.pl\/index.php\/wp-json\/wp\/v2\/media\/7897"}],"wp:attachment":[{"href":"https:\/\/rotary.zamosc.pl\/index.php\/wp-json\/wp\/v2\/media?parent=7896"}],"wp:term":[{"taxonomy":"category","embeddable":true,"href":"https:\/\/rotary.zamosc.pl\/index.php\/wp-json\/wp\/v2\/categories?post=7896"},{"taxonomy":"post_tag","embeddable":true,"href":"https:\/\/rotary.zamosc.pl\/index.php\/wp-json\/wp\/v2\/tags?post=7896"}],"curies":[{"name":"wp","href":"https:\/\/api.w.org\/{rel}","templated":true}]}}