{"id":7916,"date":"2006-02-28T13:33:00","date_gmt":"2006-02-28T12:33:00","guid":{"rendered":"https:\/\/rotary.zamosc.pl\/?p=7916"},"modified":"2026-03-25T13:33:51","modified_gmt":"2026-03-25T12:33:51","slug":"materace-przeciwodlezynowe","status":"publish","type":"post","link":"https:\/\/rotary.zamosc.pl\/index.php\/2006\/02\/28\/materace-przeciwodlezynowe\/","title":{"rendered":"Materace przeciwodle\u017cynowe"},"content":{"rendered":"\n<p class=\"wp-block-paragraph\">W dniu 28.02.2006r odby\u0142o si\u0119 oficjalne przekazanie nowoczesnego materaca przeciwodle\u017cynowego na potrzeby Zamojskiego Oddzia\u0142u Polskiego Towarzystwa Opieki Paliatywnej. Materac ten s\u0142u\u017cy pacjentom obj\u0119tym sta\u0142\u0105 opiek\u0105 paliatywn\u0105 w Zamojskim Oddziale. Na r\u0119ce Pani dr Anny Kaczurby przekazania dokona\u0142 prezydent RC Zamo\u015b\u0107 Cezary Zi\u00f3\u0142kowski. RC Zamo\u015bc zakupi\u0142 ten materac ze \u015brodk\u00f3w zebranych na IX Balu Charytatywnym Andrzejki Rotaria\u0144skie 2005.<\/p>\n\n\n\n<figure class=\"wp-block-gallery has-nested-images columns-1 is-cropped wp-block-gallery-1 is-layout-flex wp-block-gallery-is-layout-flex\">\n<figure class=\"wp-block-image size-large\"><img fetchpriority=\"high\" decoding=\"async\" width=\"600\" height=\"800\" data-id=\"7919\" src=\"https:\/\/rotary.zamosc.pl\/wp-content\/uploads\/2026\/03\/Materace-przeciwodlezynowe-2007-3.jpg\" alt=\"\" class=\"wp-image-7919\" srcset=\"https:\/\/rotary.zamosc.pl\/wp-content\/uploads\/2026\/03\/Materace-przeciwodlezynowe-2007-3.jpg 600w, https:\/\/rotary.zamosc.pl\/wp-content\/uploads\/2026\/03\/Materace-przeciwodlezynowe-2007-3-225x300.jpg 225w\" sizes=\"(max-width: 600px) 100vw, 600px\" \/><\/figure>\n\n\n\n<figure class=\"wp-block-image size-large\"><img decoding=\"async\" width=\"700\" height=\"525\" data-id=\"7918\" src=\"https:\/\/rotary.zamosc.pl\/wp-content\/uploads\/2026\/03\/Materace-przeciwodlezynowe-2007-2-700x525.jpg\" alt=\"\" class=\"wp-image-7918\" srcset=\"https:\/\/rotary.zamosc.pl\/wp-content\/uploads\/2026\/03\/Materace-przeciwodlezynowe-2007-2-700x525.jpg 700w, https:\/\/rotary.zamosc.pl\/wp-content\/uploads\/2026\/03\/Materace-przeciwodlezynowe-2007-2-300x225.jpg 300w, https:\/\/rotary.zamosc.pl\/wp-content\/uploads\/2026\/03\/Materace-przeciwodlezynowe-2007-2-768x576.jpg 768w, https:\/\/rotary.zamosc.pl\/wp-content\/uploads\/2026\/03\/Materace-przeciwodlezynowe-2007-2-80x60.jpg 80w, https:\/\/rotary.zamosc.pl\/wp-content\/uploads\/2026\/03\/Materace-przeciwodlezynowe-2007-2.jpg 800w\" sizes=\"(max-width: 700px) 100vw, 700px\" \/><\/figure>\n<\/figure>\n","protected":false},"excerpt":{"rendered":"<p>W dniu 28.02.2006r odby\u0142o si\u0119 oficjalne przekazanie nowoczesnego materaca przeciwodle\u017cynowego na potrzeby Zamojskiego Oddzia\u0142u Polskiego Towarzystwa Opieki Paliatywnej. Materac ten s\u0142u\u017cy pacjentom obj\u0119tym sta\u0142\u0105 opiek\u0105 paliatywn\u0105 w Zamojskim Oddziale. Na r\u0119ce Pani dr Anny Kaczurby przekazania dokona\u0142 prezydent RC Zamo\u015b\u0107 Cezary Zi\u00f3\u0142kowski. RC Zamo\u015bc zakupi\u0142 ten materac ze \u015brodk\u00f3w zebranych na IX Balu Charytatywnym Andrzejki&#8230;<\/p>\n","protected":false},"author":1,"featured_media":7917,"comment_status":"open","ping_status":"open","sticky":false,"template":"","format":"standard","meta":{"footnotes":""},"categories":[34],"tags":[],"class_list":["post-7916","post","type-post","status-publish","format-standard","has-post-thumbnail","hentry","category-34"],"rttpg_featured_image_url":{"full":["https:\/\/rotary.zamosc.pl\/wp-content\/uploads\/2026\/03\/Materace-przeciwodlezynowe-2007-1.jpg",600,800,false],"landscape":["https:\/\/rotary.zamosc.pl\/wp-content\/uploads\/2026\/03\/Materace-przeciwodlezynowe-2007-1.jpg",600,800,false],"portraits":["https:\/\/rotary.zamosc.pl\/wp-content\/uploads\/2026\/03\/Materace-przeciwodlezynowe-2007-1.jpg",600,800,false],"thumbnail":["https:\/\/rotary.zamosc.pl\/wp-content\/uploads\/2026\/03\/Materace-przeciwodlezynowe-2007-1-150x150.jpg",150,150,true],"medium":["https:\/\/rotary.zamosc.pl\/wp-content\/uploads\/2026\/03\/Materace-przeciwodlezynowe-2007-1-225x300.jpg",225,300,true],"large":["https:\/\/rotary.zamosc.pl\/wp-content\/uploads\/2026\/03\/Materace-przeciwodlezynowe-2007-1.jpg",600,800,false],"1536x1536":["https:\/\/rotary.zamosc.pl\/wp-content\/uploads\/2026\/03\/Materace-przeciwodlezynowe-2007-1.jpg",600,800,false],"2048x2048":["https:\/\/rotary.zamosc.pl\/wp-content\/uploads\/2026\/03\/Materace-przeciwodlezynowe-2007-1.jpg",600,800,false],"post-thumbnail":["https:\/\/rotary.zamosc.pl\/wp-content\/uploads\/2026\/03\/Materace-przeciwodlezynowe-2007-1.jpg",600,800,false],"graphy-post-thumbnail-large":["https:\/\/rotary.zamosc.pl\/wp-content\/uploads\/2026\/03\/Materace-przeciwodlezynowe-2007-1-600x600.jpg",600,600,true],"graphy-post-thumbnail-medium":["https:\/\/rotary.zamosc.pl\/wp-content\/uploads\/2026\/03\/Materace-przeciwodlezynowe-2007-1-482x300.jpg",482,300,true],"graphy-post-thumbnail-small":["https:\/\/rotary.zamosc.pl\/wp-content\/uploads\/2026\/03\/Materace-przeciwodlezynowe-2007-1-80x60.jpg",80,60,true],"graphy-page-thumbnail":["https:\/\/rotary.zamosc.pl\/wp-content\/uploads\/2026\/03\/Materace-przeciwodlezynowe-2007-1-600x350.jpg",600,350,true],"sow-carousel-default":["https:\/\/rotary.zamosc.pl\/wp-content\/uploads\/2026\/03\/Materace-przeciwodlezynowe-2007-1-272x182.jpg",272,182,true]},"rttpg_author":{"display_name":"rotaryzamosc","author_link":"https:\/\/rotary.zamosc.pl\/index.php\/author\/rotaryzamosc\/"},"rttpg_comment":0,"rttpg_category":"<a href=\"https:\/\/rotary.zamosc.pl\/index.php\/category\/2006\/\" rel=\"category tag\">2006<\/a>","rttpg_excerpt":"W dniu 28.02.2006r odby\u0142o si\u0119 oficjalne przekazanie nowoczesnego materaca przeciwodle\u017cynowego na potrzeby Zamojskiego Oddzia\u0142u Polskiego Towarzystwa Opieki Paliatywnej. Materac ten s\u0142u\u017cy pacjentom obj\u0119tym sta\u0142\u0105 opiek\u0105 paliatywn\u0105 w Zamojskim Oddziale. Na r\u0119ce Pani dr Anny Kaczurby przekazania dokona\u0142 prezydent RC Zamo\u015b\u0107 Cezary Zi\u00f3\u0142kowski. RC Zamo\u015bc zakupi\u0142 ten materac ze \u015brodk\u00f3w zebranych na IX Balu Charytatywnym Andrzejki...","_links":{"self":[{"href":"https:\/\/rotary.zamosc.pl\/index.php\/wp-json\/wp\/v2\/posts\/7916","targetHints":{"allow":["GET"]}}],"collection":[{"href":"https:\/\/rotary.zamosc.pl\/index.php\/wp-json\/wp\/v2\/posts"}],"about":[{"href":"https:\/\/rotary.zamosc.pl\/index.php\/wp-json\/wp\/v2\/types\/post"}],"author":[{"embeddable":true,"href":"https:\/\/rotary.zamosc.pl\/index.php\/wp-json\/wp\/v2\/users\/1"}],"replies":[{"embeddable":true,"href":"https:\/\/rotary.zamosc.pl\/index.php\/wp-json\/wp\/v2\/comments?post=7916"}],"version-history":[{"count":1,"href":"https:\/\/rotary.zamosc.pl\/index.php\/wp-json\/wp\/v2\/posts\/7916\/revisions"}],"predecessor-version":[{"id":7920,"href":"https:\/\/rotary.zamosc.pl\/index.php\/wp-json\/wp\/v2\/posts\/7916\/revisions\/7920"}],"wp:featuredmedia":[{"embeddable":true,"href":"https:\/\/rotary.zamosc.pl\/index.php\/wp-json\/wp\/v2\/media\/7917"}],"wp:attachment":[{"href":"https:\/\/rotary.zamosc.pl\/index.php\/wp-json\/wp\/v2\/media?parent=7916"}],"wp:term":[{"taxonomy":"category","embeddable":true,"href":"https:\/\/rotary.zamosc.pl\/index.php\/wp-json\/wp\/v2\/categories?post=7916"},{"taxonomy":"post_tag","embeddable":true,"href":"https:\/\/rotary.zamosc.pl\/index.php\/wp-json\/wp\/v2\/tags?post=7916"}],"curies":[{"name":"wp","href":"https:\/\/api.w.org\/{rel}","templated":true}]}}