{"id":7984,"date":"2002-06-08T14:00:00","date_gmt":"2002-06-08T12:00:00","guid":{"rendered":"https:\/\/rotary.zamosc.pl\/?p=7984"},"modified":"2026-03-25T14:02:11","modified_gmt":"2026-03-25T13:02:11","slug":"przekazanie-wladzy-w-rc-zamosc","status":"publish","type":"post","link":"https:\/\/rotary.zamosc.pl\/index.php\/2002\/06\/08\/przekazanie-wladzy-w-rc-zamosc\/","title":{"rendered":"Przekazanie w\u0142adzy w RC Zamo\u015b\u0107"},"content":{"rendered":"\n<p class=\"wp-block-paragraph\">R\u00f3wnie\u017c tego dnia wieczorem w sali restauracyjnej Hotelu \u201eRenesans\u201d w uroczystej oprawie odby\u0142o si\u0119 przekazanie w\u0142adzy w RC Zamo\u015b\u0107. \u0141a\u0144cuch prezydencki na kadencj\u0119 2002\/2003 za\u0142o\u017cy\u0142 elekt Krzysztof Bork. W sk\u0142ad nowego zarz\u0105du weszli: v-ce prezydent Krzysztof Polberg; jako skarbnik Ryszard \u0141uczyn; a sekretarzem pozosta\u0142 Jerzy Liberadzki, pe\u0142ni\u0105cy t\u0119 funkcj\u0119 w ubieg\u0142ej kadencji. Toasty wzniesiono; czekamy na dzia\u0142ania.<\/p>\n\n\n\n<figure class=\"wp-block-gallery has-nested-images columns-default is-cropped wp-block-gallery-1 is-layout-flex wp-block-gallery-is-layout-flex\">\n<figure class=\"wp-block-image size-large\"><img fetchpriority=\"high\" decoding=\"async\" width=\"700\" height=\"469\" data-id=\"7985\" src=\"https:\/\/rotary.zamosc.pl\/wp-content\/uploads\/2026\/03\/rcprzekzania2002-1-700x469.jpg\" alt=\"\" class=\"wp-image-7985\" srcset=\"https:\/\/rotary.zamosc.pl\/wp-content\/uploads\/2026\/03\/rcprzekzania2002-1-700x469.jpg 700w, https:\/\/rotary.zamosc.pl\/wp-content\/uploads\/2026\/03\/rcprzekzania2002-1-300x201.jpg 300w, https:\/\/rotary.zamosc.pl\/wp-content\/uploads\/2026\/03\/rcprzekzania2002-1-768x515.jpg 768w, https:\/\/rotary.zamosc.pl\/wp-content\/uploads\/2026\/03\/rcprzekzania2002-1-800x536.jpg 800w, https:\/\/rotary.zamosc.pl\/wp-content\/uploads\/2026\/03\/rcprzekzania2002-1-272x182.jpg 272w, https:\/\/rotary.zamosc.pl\/wp-content\/uploads\/2026\/03\/rcprzekzania2002-1.jpg 1200w\" sizes=\"(max-width: 700px) 100vw, 700px\" \/><\/figure>\n<\/figure>\n","protected":false},"excerpt":{"rendered":"<p>R\u00f3wnie\u017c tego dnia wieczorem w sali restauracyjnej Hotelu \u201eRenesans\u201d w uroczystej oprawie odby\u0142o si\u0119 przekazanie w\u0142adzy w RC Zamo\u015b\u0107. \u0141a\u0144cuch prezydencki na kadencj\u0119 2002\/2003 za\u0142o\u017cy\u0142 elekt Krzysztof Bork. W sk\u0142ad nowego zarz\u0105du weszli: v-ce prezydent Krzysztof Polberg; jako skarbnik Ryszard \u0141uczyn; a sekretarzem pozosta\u0142 Jerzy Liberadzki, pe\u0142ni\u0105cy t\u0119 funkcj\u0119 w ubieg\u0142ej kadencji. Toasty wzniesiono; czekamy&#8230;<\/p>\n","protected":false},"author":1,"featured_media":7986,"comment_status":"open","ping_status":"open","sticky":false,"template":"","format":"standard","meta":{"footnotes":""},"categories":[37,21],"tags":[],"class_list":["post-7984","post","type-post","status-publish","format-standard","has-post-thumbnail","hentry","category-37","category-przekazania-wladzy"],"rttpg_featured_image_url":{"full":["https:\/\/rotary.zamosc.pl\/wp-content\/uploads\/2026\/03\/rcprzekzania2002-2.jpg",700,1045,false],"landscape":["https:\/\/rotary.zamosc.pl\/wp-content\/uploads\/2026\/03\/rcprzekzania2002-2.jpg",700,1045,false],"portraits":["https:\/\/rotary.zamosc.pl\/wp-content\/uploads\/2026\/03\/rcprzekzania2002-2.jpg",700,1045,false],"thumbnail":["https:\/\/rotary.zamosc.pl\/wp-content\/uploads\/2026\/03\/rcprzekzania2002-2-150x150.jpg",150,150,true],"medium":["https:\/\/rotary.zamosc.pl\/wp-content\/uploads\/2026\/03\/rcprzekzania2002-2-201x300.jpg",201,300,true],"large":["https:\/\/rotary.zamosc.pl\/wp-content\/uploads\/2026\/03\/rcprzekzania2002-2.jpg",700,1045,false],"1536x1536":["https:\/\/rotary.zamosc.pl\/wp-content\/uploads\/2026\/03\/rcprzekzania2002-2.jpg",700,1045,false],"2048x2048":["https:\/\/rotary.zamosc.pl\/wp-content\/uploads\/2026\/03\/rcprzekzania2002-2.jpg",700,1045,false],"post-thumbnail":["https:\/\/rotary.zamosc.pl\/wp-content\/uploads\/2026\/03\/rcprzekzania2002-2.jpg",700,1045,false],"graphy-post-thumbnail-large":["https:\/\/rotary.zamosc.pl\/wp-content\/uploads\/2026\/03\/rcprzekzania2002-2-700x600.jpg",700,600,true],"graphy-post-thumbnail-medium":["https:\/\/rotary.zamosc.pl\/wp-content\/uploads\/2026\/03\/rcprzekzania2002-2-482x300.jpg",482,300,true],"graphy-post-thumbnail-small":["https:\/\/rotary.zamosc.pl\/wp-content\/uploads\/2026\/03\/rcprzekzania2002-2-80x60.jpg",80,60,true],"graphy-page-thumbnail":["https:\/\/rotary.zamosc.pl\/wp-content\/uploads\/2026\/03\/rcprzekzania2002-2-700x350.jpg",700,350,true],"sow-carousel-default":["https:\/\/rotary.zamosc.pl\/wp-content\/uploads\/2026\/03\/rcprzekzania2002-2-272x182.jpg",272,182,true]},"rttpg_author":{"display_name":"rotaryzamosc","author_link":"https:\/\/rotary.zamosc.pl\/index.php\/author\/rotaryzamosc\/"},"rttpg_comment":0,"rttpg_category":"<a href=\"https:\/\/rotary.zamosc.pl\/index.php\/category\/2002\/\" rel=\"category tag\">2002<\/a> <a href=\"https:\/\/rotary.zamosc.pl\/index.php\/category\/przekazania-wladzy\/\" rel=\"category tag\">Przekazania w\u0142adzy<\/a>","rttpg_excerpt":"R\u00f3wnie\u017c tego dnia wieczorem w sali restauracyjnej Hotelu \u201eRenesans\u201d w uroczystej oprawie odby\u0142o si\u0119 przekazanie w\u0142adzy w RC Zamo\u015b\u0107. \u0141a\u0144cuch prezydencki na kadencj\u0119 2002\/2003 za\u0142o\u017cy\u0142 elekt Krzysztof Bork. W sk\u0142ad nowego zarz\u0105du weszli: v-ce prezydent Krzysztof Polberg; jako skarbnik Ryszard \u0141uczyn; a sekretarzem pozosta\u0142 Jerzy Liberadzki, pe\u0142ni\u0105cy t\u0119 funkcj\u0119 w ubieg\u0142ej kadencji. Toasty wzniesiono; czekamy...","_links":{"self":[{"href":"https:\/\/rotary.zamosc.pl\/index.php\/wp-json\/wp\/v2\/posts\/7984","targetHints":{"allow":["GET"]}}],"collection":[{"href":"https:\/\/rotary.zamosc.pl\/index.php\/wp-json\/wp\/v2\/posts"}],"about":[{"href":"https:\/\/rotary.zamosc.pl\/index.php\/wp-json\/wp\/v2\/types\/post"}],"author":[{"embeddable":true,"href":"https:\/\/rotary.zamosc.pl\/index.php\/wp-json\/wp\/v2\/users\/1"}],"replies":[{"embeddable":true,"href":"https:\/\/rotary.zamosc.pl\/index.php\/wp-json\/wp\/v2\/comments?post=7984"}],"version-history":[{"count":1,"href":"https:\/\/rotary.zamosc.pl\/index.php\/wp-json\/wp\/v2\/posts\/7984\/revisions"}],"predecessor-version":[{"id":7987,"href":"https:\/\/rotary.zamosc.pl\/index.php\/wp-json\/wp\/v2\/posts\/7984\/revisions\/7987"}],"wp:featuredmedia":[{"embeddable":true,"href":"https:\/\/rotary.zamosc.pl\/index.php\/wp-json\/wp\/v2\/media\/7986"}],"wp:attachment":[{"href":"https:\/\/rotary.zamosc.pl\/index.php\/wp-json\/wp\/v2\/media?parent=7984"}],"wp:term":[{"taxonomy":"category","embeddable":true,"href":"https:\/\/rotary.zamosc.pl\/index.php\/wp-json\/wp\/v2\/categories?post=7984"},{"taxonomy":"post_tag","embeddable":true,"href":"https:\/\/rotary.zamosc.pl\/index.php\/wp-json\/wp\/v2\/tags?post=7984"}],"curies":[{"name":"wp","href":"https:\/\/api.w.org\/{rel}","templated":true}]}}