{"id":8038,"date":"1999-10-09T08:16:00","date_gmt":"1999-10-09T06:16:00","guid":{"rendered":"https:\/\/rotary.zamosc.pl\/?p=8038"},"modified":"2026-03-26T08:18:01","modified_gmt":"2026-03-26T07:18:01","slug":"5-lat-rc-zamosc-pazdziernik-1999","status":"publish","type":"post","link":"https:\/\/rotary.zamosc.pl\/index.php\/1999\/10\/09\/5-lat-rc-zamosc-pazdziernik-1999\/","title":{"rendered":"5 Lat RC Zamo\u015b\u0107 \u2013 pa\u017adziernik 1999"},"content":{"rendered":"\n<p class=\"wp-block-paragraph\">Obchodzimy nasze 5 lecie. Znamienici go\u015bcie prof. Grzegorz Leopold Seidler inicjator ruchu rotaria\u0144skiego w Polsce wraz z ma\u0142\u017conk\u0105, Marcel Doquesnay \u2013 Prezydent RC Guingamp Francja wraz ma\u0142\u017conk\u0105, Prezydenci i cz\u0142onkowie z RC Wolsztyn, Lublin, Lublin \u2013 Centrum, Pu\u0142awy, cz\u0142onkowie Rotaraktu z Poznania. To r\u00f3wnie\u017c pocz\u0105tek owocnej wsp\u00f3\u0142pracy z RC Wolsztyn i RC Guingamp. Pr\u00f3bujemy za\u0142o\u017cy\u0107 Rotaract.<\/p>\n\n\n\n<figure class=\"wp-block-gallery has-nested-images columns-1 is-cropped wp-block-gallery-1 is-layout-flex wp-block-gallery-is-layout-flex\">\n<figure class=\"wp-block-image size-large\"><img fetchpriority=\"high\" decoding=\"async\" width=\"515\" height=\"819\" data-id=\"8041\" src=\"https:\/\/rotary.zamosc.pl\/wp-content\/uploads\/2026\/03\/5-Lat-RC-Zamosc-\u2013-pazdziernik-1999-3.png\" alt=\"\" class=\"wp-image-8041\" srcset=\"https:\/\/rotary.zamosc.pl\/wp-content\/uploads\/2026\/03\/5-Lat-RC-Zamosc-\u2013-pazdziernik-1999-3.png 515w, https:\/\/rotary.zamosc.pl\/wp-content\/uploads\/2026\/03\/5-Lat-RC-Zamosc-\u2013-pazdziernik-1999-3-189x300.png 189w\" sizes=\"(max-width: 515px) 100vw, 515px\" \/><\/figure>\n\n\n\n<figure class=\"wp-block-image size-large\"><img decoding=\"async\" width=\"700\" height=\"481\" data-id=\"8039\" src=\"https:\/\/rotary.zamosc.pl\/wp-content\/uploads\/2026\/03\/5-Lat-RC-Zamosc-\u2013-pazdziernik-1999-1-700x481.png\" alt=\"\" class=\"wp-image-8039\" srcset=\"https:\/\/rotary.zamosc.pl\/wp-content\/uploads\/2026\/03\/5-Lat-RC-Zamosc-\u2013-pazdziernik-1999-1-700x481.png 700w, https:\/\/rotary.zamosc.pl\/wp-content\/uploads\/2026\/03\/5-Lat-RC-Zamosc-\u2013-pazdziernik-1999-1-300x206.png 300w, https:\/\/rotary.zamosc.pl\/wp-content\/uploads\/2026\/03\/5-Lat-RC-Zamosc-\u2013-pazdziernik-1999-1-768x528.png 768w, https:\/\/rotary.zamosc.pl\/wp-content\/uploads\/2026\/03\/5-Lat-RC-Zamosc-\u2013-pazdziernik-1999-1-800x550.png 800w, https:\/\/rotary.zamosc.pl\/wp-content\/uploads\/2026\/03\/5-Lat-RC-Zamosc-\u2013-pazdziernik-1999-1.png 1167w\" sizes=\"(max-width: 700px) 100vw, 700px\" \/><\/figure>\n\n\n\n<figure class=\"wp-block-image size-large\"><img decoding=\"async\" width=\"700\" height=\"485\" data-id=\"8042\" src=\"https:\/\/rotary.zamosc.pl\/wp-content\/uploads\/2026\/03\/5-Lat-RC-Zamosc-\u2013-pazdziernik-1999-4-700x485.png\" alt=\"\" class=\"wp-image-8042\" srcset=\"https:\/\/rotary.zamosc.pl\/wp-content\/uploads\/2026\/03\/5-Lat-RC-Zamosc-\u2013-pazdziernik-1999-4-700x485.png 700w, https:\/\/rotary.zamosc.pl\/wp-content\/uploads\/2026\/03\/5-Lat-RC-Zamosc-\u2013-pazdziernik-1999-4-300x208.png 300w, https:\/\/rotary.zamosc.pl\/wp-content\/uploads\/2026\/03\/5-Lat-RC-Zamosc-\u2013-pazdziernik-1999-4-768x532.png 768w, https:\/\/rotary.zamosc.pl\/wp-content\/uploads\/2026\/03\/5-Lat-RC-Zamosc-\u2013-pazdziernik-1999-4-1536x1063.png 1536w, https:\/\/rotary.zamosc.pl\/wp-content\/uploads\/2026\/03\/5-Lat-RC-Zamosc-\u2013-pazdziernik-1999-4-2048x1418.png 2048w, https:\/\/rotary.zamosc.pl\/wp-content\/uploads\/2026\/03\/5-Lat-RC-Zamosc-\u2013-pazdziernik-1999-4-800x554.png 800w\" sizes=\"(max-width: 700px) 100vw, 700px\" \/><\/figure>\n<\/figure>\n","protected":false},"excerpt":{"rendered":"<p>Obchodzimy nasze 5 lecie. Znamienici go\u015bcie prof. Grzegorz Leopold Seidler inicjator ruchu rotaria\u0144skiego w Polsce wraz z ma\u0142\u017conk\u0105, Marcel Doquesnay \u2013 Prezydent RC Guingamp Francja wraz ma\u0142\u017conk\u0105, Prezydenci i cz\u0142onkowie z RC Wolsztyn, Lublin, Lublin \u2013 Centrum, Pu\u0142awy, cz\u0142onkowie Rotaraktu z Poznania. To r\u00f3wnie\u017c pocz\u0105tek owocnej wsp\u00f3\u0142pracy z RC Wolsztyn i RC Guingamp. Pr\u00f3bujemy za\u0142o\u017cy\u0107&#8230;<\/p>\n","protected":false},"author":1,"featured_media":8040,"comment_status":"open","ping_status":"open","sticky":false,"template":"","format":"standard","meta":{"footnotes":""},"categories":[41],"tags":[],"class_list":["post-8038","post","type-post","status-publish","format-standard","has-post-thumbnail","hentry","category-41"],"rttpg_featured_image_url":{"full":["https:\/\/rotary.zamosc.pl\/wp-content\/uploads\/2026\/03\/5-Lat-RC-Zamosc-\u2013-pazdziernik-1999-2.png",511,822,false],"landscape":["https:\/\/rotary.zamosc.pl\/wp-content\/uploads\/2026\/03\/5-Lat-RC-Zamosc-\u2013-pazdziernik-1999-2.png",511,822,false],"portraits":["https:\/\/rotary.zamosc.pl\/wp-content\/uploads\/2026\/03\/5-Lat-RC-Zamosc-\u2013-pazdziernik-1999-2.png",511,822,false],"thumbnail":["https:\/\/rotary.zamosc.pl\/wp-content\/uploads\/2026\/03\/5-Lat-RC-Zamosc-\u2013-pazdziernik-1999-2-150x150.png",150,150,true],"medium":["https:\/\/rotary.zamosc.pl\/wp-content\/uploads\/2026\/03\/5-Lat-RC-Zamosc-\u2013-pazdziernik-1999-2-186x300.png",186,300,true],"large":["https:\/\/rotary.zamosc.pl\/wp-content\/uploads\/2026\/03\/5-Lat-RC-Zamosc-\u2013-pazdziernik-1999-2.png",511,822,false],"1536x1536":["https:\/\/rotary.zamosc.pl\/wp-content\/uploads\/2026\/03\/5-Lat-RC-Zamosc-\u2013-pazdziernik-1999-2.png",511,822,false],"2048x2048":["https:\/\/rotary.zamosc.pl\/wp-content\/uploads\/2026\/03\/5-Lat-RC-Zamosc-\u2013-pazdziernik-1999-2.png",511,822,false],"post-thumbnail":["https:\/\/rotary.zamosc.pl\/wp-content\/uploads\/2026\/03\/5-Lat-RC-Zamosc-\u2013-pazdziernik-1999-2.png",511,822,false],"graphy-post-thumbnail-large":["https:\/\/rotary.zamosc.pl\/wp-content\/uploads\/2026\/03\/5-Lat-RC-Zamosc-\u2013-pazdziernik-1999-2-511x600.png",511,600,true],"graphy-post-thumbnail-medium":["https:\/\/rotary.zamosc.pl\/wp-content\/uploads\/2026\/03\/5-Lat-RC-Zamosc-\u2013-pazdziernik-1999-2-482x300.png",482,300,true],"graphy-post-thumbnail-small":["https:\/\/rotary.zamosc.pl\/wp-content\/uploads\/2026\/03\/5-Lat-RC-Zamosc-\u2013-pazdziernik-1999-2-80x60.png",80,60,true],"graphy-page-thumbnail":["https:\/\/rotary.zamosc.pl\/wp-content\/uploads\/2026\/03\/5-Lat-RC-Zamosc-\u2013-pazdziernik-1999-2-511x350.png",511,350,true],"sow-carousel-default":["https:\/\/rotary.zamosc.pl\/wp-content\/uploads\/2026\/03\/5-Lat-RC-Zamosc-\u2013-pazdziernik-1999-2-272x182.png",272,182,true]},"rttpg_author":{"display_name":"rotaryzamosc","author_link":"https:\/\/rotary.zamosc.pl\/index.php\/author\/rotaryzamosc\/"},"rttpg_comment":0,"rttpg_category":"<a href=\"https:\/\/rotary.zamosc.pl\/index.php\/category\/1999\/\" rel=\"category tag\">1999<\/a>","rttpg_excerpt":"Obchodzimy nasze 5 lecie. Znamienici go\u015bcie prof. Grzegorz Leopold Seidler inicjator ruchu rotaria\u0144skiego w Polsce wraz z ma\u0142\u017conk\u0105, Marcel Doquesnay \u2013 Prezydent RC Guingamp Francja wraz ma\u0142\u017conk\u0105, Prezydenci i cz\u0142onkowie z RC Wolsztyn, Lublin, Lublin \u2013 Centrum, Pu\u0142awy, cz\u0142onkowie Rotaraktu z Poznania. To r\u00f3wnie\u017c pocz\u0105tek owocnej wsp\u00f3\u0142pracy z RC Wolsztyn i RC Guingamp. Pr\u00f3bujemy za\u0142o\u017cy\u0107...","_links":{"self":[{"href":"https:\/\/rotary.zamosc.pl\/index.php\/wp-json\/wp\/v2\/posts\/8038","targetHints":{"allow":["GET"]}}],"collection":[{"href":"https:\/\/rotary.zamosc.pl\/index.php\/wp-json\/wp\/v2\/posts"}],"about":[{"href":"https:\/\/rotary.zamosc.pl\/index.php\/wp-json\/wp\/v2\/types\/post"}],"author":[{"embeddable":true,"href":"https:\/\/rotary.zamosc.pl\/index.php\/wp-json\/wp\/v2\/users\/1"}],"replies":[{"embeddable":true,"href":"https:\/\/rotary.zamosc.pl\/index.php\/wp-json\/wp\/v2\/comments?post=8038"}],"version-history":[{"count":1,"href":"https:\/\/rotary.zamosc.pl\/index.php\/wp-json\/wp\/v2\/posts\/8038\/revisions"}],"predecessor-version":[{"id":8043,"href":"https:\/\/rotary.zamosc.pl\/index.php\/wp-json\/wp\/v2\/posts\/8038\/revisions\/8043"}],"wp:featuredmedia":[{"embeddable":true,"href":"https:\/\/rotary.zamosc.pl\/index.php\/wp-json\/wp\/v2\/media\/8040"}],"wp:attachment":[{"href":"https:\/\/rotary.zamosc.pl\/index.php\/wp-json\/wp\/v2\/media?parent=8038"}],"wp:term":[{"taxonomy":"category","embeddable":true,"href":"https:\/\/rotary.zamosc.pl\/index.php\/wp-json\/wp\/v2\/categories?post=8038"},{"taxonomy":"post_tag","embeddable":true,"href":"https:\/\/rotary.zamosc.pl\/index.php\/wp-json\/wp\/v2\/tags?post=8038"}],"curies":[{"name":"wp","href":"https:\/\/api.w.org\/{rel}","templated":true}]}}