{"id":8097,"date":"1996-06-15T08:58:00","date_gmt":"1996-06-15T06:58:00","guid":{"rendered":"https:\/\/rotary.zamosc.pl\/?p=8097"},"modified":"2026-03-26T08:58:50","modified_gmt":"2026-03-26T07:58:50","slug":"15-06-1996r-drugi-piknik-rotarianski","status":"publish","type":"post","link":"https:\/\/rotary.zamosc.pl\/index.php\/1996\/06\/15\/15-06-1996r-drugi-piknik-rotarianski\/","title":{"rendered":"15.06.1996r. Drugi Piknik Rotaria\u0144ski"},"content":{"rendered":"\n<p class=\"wp-block-paragraph\">Drugi Piknik Rotaria\u0144ski w \u0141abu\u0144kach. Wspania\u0142y koncert Budki Suflera.<\/p>\n\n\n\n<figure class=\"wp-block-gallery has-nested-images columns-default is-cropped wp-block-gallery-1 is-layout-flex wp-block-gallery-is-layout-flex\">\n<figure class=\"wp-block-image size-large\"><img fetchpriority=\"high\" decoding=\"async\" width=\"660\" height=\"936\" data-id=\"8098\" src=\"https:\/\/rotary.zamosc.pl\/wp-content\/uploads\/2026\/03\/II-piknik-rota1.jpg\" alt=\"\" class=\"wp-image-8098\" srcset=\"https:\/\/rotary.zamosc.pl\/wp-content\/uploads\/2026\/03\/II-piknik-rota1.jpg 660w, https:\/\/rotary.zamosc.pl\/wp-content\/uploads\/2026\/03\/II-piknik-rota1-212x300.jpg 212w\" sizes=\"(max-width: 660px) 100vw, 660px\" \/><\/figure>\n<\/figure>\n","protected":false},"excerpt":{"rendered":"<p>Drugi Piknik Rotaria\u0144ski w \u0141abu\u0144kach. Wspania\u0142y koncert Budki Suflera.<\/p>\n","protected":false},"author":1,"featured_media":8099,"comment_status":"open","ping_status":"open","sticky":false,"template":"","format":"standard","meta":{"footnotes":""},"categories":[44],"tags":[],"class_list":["post-8097","post","type-post","status-publish","format-standard","has-post-thumbnail","hentry","category-44"],"rttpg_featured_image_url":{"full":["https:\/\/rotary.zamosc.pl\/wp-content\/uploads\/2026\/03\/II-piknik-rota2.jpg",1142,755,false],"landscape":["https:\/\/rotary.zamosc.pl\/wp-content\/uploads\/2026\/03\/II-piknik-rota2.jpg",1142,755,false],"portraits":["https:\/\/rotary.zamosc.pl\/wp-content\/uploads\/2026\/03\/II-piknik-rota2.jpg",1142,755,false],"thumbnail":["https:\/\/rotary.zamosc.pl\/wp-content\/uploads\/2026\/03\/II-piknik-rota2-150x150.jpg",150,150,true],"medium":["https:\/\/rotary.zamosc.pl\/wp-content\/uploads\/2026\/03\/II-piknik-rota2-300x198.jpg",300,198,true],"large":["https:\/\/rotary.zamosc.pl\/wp-content\/uploads\/2026\/03\/II-piknik-rota2-700x463.jpg",700,463,true],"1536x1536":["https:\/\/rotary.zamosc.pl\/wp-content\/uploads\/2026\/03\/II-piknik-rota2.jpg",1142,755,false],"2048x2048":["https:\/\/rotary.zamosc.pl\/wp-content\/uploads\/2026\/03\/II-piknik-rota2.jpg",1142,755,false],"post-thumbnail":["https:\/\/rotary.zamosc.pl\/wp-content\/uploads\/2026\/03\/II-piknik-rota2-800x529.jpg",800,529,true],"graphy-post-thumbnail-large":["https:\/\/rotary.zamosc.pl\/wp-content\/uploads\/2026\/03\/II-piknik-rota2-1080x600.jpg",1080,600,true],"graphy-post-thumbnail-medium":["https:\/\/rotary.zamosc.pl\/wp-content\/uploads\/2026\/03\/II-piknik-rota2-482x300.jpg",482,300,true],"graphy-post-thumbnail-small":["https:\/\/rotary.zamosc.pl\/wp-content\/uploads\/2026\/03\/II-piknik-rota2-80x60.jpg",80,60,true],"graphy-page-thumbnail":["https:\/\/rotary.zamosc.pl\/wp-content\/uploads\/2026\/03\/II-piknik-rota2-1142x350.jpg",1142,350,true],"sow-carousel-default":["https:\/\/rotary.zamosc.pl\/wp-content\/uploads\/2026\/03\/II-piknik-rota2-272x182.jpg",272,182,true]},"rttpg_author":{"display_name":"rotaryzamosc","author_link":"https:\/\/rotary.zamosc.pl\/index.php\/author\/rotaryzamosc\/"},"rttpg_comment":0,"rttpg_category":"<a href=\"https:\/\/rotary.zamosc.pl\/index.php\/category\/1996\/\" rel=\"category tag\">1996<\/a>","rttpg_excerpt":"Drugi Piknik Rotaria\u0144ski w \u0141abu\u0144kach. Wspania\u0142y koncert Budki Suflera.","_links":{"self":[{"href":"https:\/\/rotary.zamosc.pl\/index.php\/wp-json\/wp\/v2\/posts\/8097","targetHints":{"allow":["GET"]}}],"collection":[{"href":"https:\/\/rotary.zamosc.pl\/index.php\/wp-json\/wp\/v2\/posts"}],"about":[{"href":"https:\/\/rotary.zamosc.pl\/index.php\/wp-json\/wp\/v2\/types\/post"}],"author":[{"embeddable":true,"href":"https:\/\/rotary.zamosc.pl\/index.php\/wp-json\/wp\/v2\/users\/1"}],"replies":[{"embeddable":true,"href":"https:\/\/rotary.zamosc.pl\/index.php\/wp-json\/wp\/v2\/comments?post=8097"}],"version-history":[{"count":1,"href":"https:\/\/rotary.zamosc.pl\/index.php\/wp-json\/wp\/v2\/posts\/8097\/revisions"}],"predecessor-version":[{"id":8100,"href":"https:\/\/rotary.zamosc.pl\/index.php\/wp-json\/wp\/v2\/posts\/8097\/revisions\/8100"}],"wp:featuredmedia":[{"embeddable":true,"href":"https:\/\/rotary.zamosc.pl\/index.php\/wp-json\/wp\/v2\/media\/8099"}],"wp:attachment":[{"href":"https:\/\/rotary.zamosc.pl\/index.php\/wp-json\/wp\/v2\/media?parent=8097"}],"wp:term":[{"taxonomy":"category","embeddable":true,"href":"https:\/\/rotary.zamosc.pl\/index.php\/wp-json\/wp\/v2\/categories?post=8097"},{"taxonomy":"post_tag","embeddable":true,"href":"https:\/\/rotary.zamosc.pl\/index.php\/wp-json\/wp\/v2\/tags?post=8097"}],"curies":[{"name":"wp","href":"https:\/\/api.w.org\/{rel}","templated":true}]}}