{"id":8122,"date":"1994-09-30T09:10:00","date_gmt":"1994-09-30T08:10:00","guid":{"rendered":"https:\/\/rotary.zamosc.pl\/?p=8122"},"modified":"2026-03-26T09:11:24","modified_gmt":"2026-03-26T08:11:24","slug":"1994-uroczystosci-charter-day-oficjalne-wlaczenie-rc-zamosc-na-liste-klubow-w-rotary-international-30-09-1994r-2-10-1994r","status":"publish","type":"post","link":"https:\/\/rotary.zamosc.pl\/index.php\/1994\/09\/30\/1994-uroczystosci-charter-day-oficjalne-wlaczenie-rc-zamosc-na-liste-klubow-w-rotary-international-30-09-1994r-2-10-1994r\/","title":{"rendered":"1994. Uroczysto\u015bci Charter Day \u2013oficjalne w\u0142\u0105czenie RC Zamo\u015b\u0107 na list\u0119 klub\u00f3w w Rotary International 30.09.1994r. \u2013 2.10.1994r."},"content":{"rendered":"\n<p class=\"wp-block-paragraph\"><strong>Kluby zagnie\u017cd\u017caj\u0105ce to Rotary Club Lublin, Rotary Club Comines.<\/strong><\/p>\n\n\n\n<p class=\"wp-block-paragraph\">Cz\u0142onkami \u2013 za\u0142o\u017cycielami Rotary Clubu w Zamo\u015bciu byli: <strong>Adam Bachta, W\u0142odzimierz Bentkowski, Krzysztof Ciuraszkiewicz, Micha\u0142 Grzegorczyk, Wojciech Kara\u015b, Witold Kowal, Bernard Kowalczyk, Zdzis\u0142aw Kurys, Zbigniew Litwajtis, Leszek \u0141ojewski, Adam Majkut, Krzysztof Mataczy\u0144ski, Anuta Mazur, Janusz Nowosad, Witold Paszt, Tomasz P\u0119kalski, Tadeusz Przyczyna, Tomasz Ruczajewski, Szczepan Semczuk, Leszek Siarkiewicz, Andrzej Siemko, Andrzej \u015anie\u017cko, Rados\u0142aw \u015awierczy\u0144ski, Marek Urban, Marek Zalewski i Marcin Zamoyski.<\/strong><\/p>\n\n\n\n<figure class=\"wp-block-gallery has-nested-images columns-1 is-cropped wp-block-gallery-1 is-layout-flex wp-block-gallery-is-layout-flex\">\n<figure class=\"wp-block-image size-large\"><img fetchpriority=\"high\" decoding=\"async\" width=\"700\" height=\"582\" data-id=\"8124\" src=\"https:\/\/rotary.zamosc.pl\/wp-content\/uploads\/2026\/03\/poczatek1-700x582.jpg\" alt=\"\" class=\"wp-image-8124\" srcset=\"https:\/\/rotary.zamosc.pl\/wp-content\/uploads\/2026\/03\/poczatek1-700x582.jpg 700w, https:\/\/rotary.zamosc.pl\/wp-content\/uploads\/2026\/03\/poczatek1-300x249.jpg 300w, https:\/\/rotary.zamosc.pl\/wp-content\/uploads\/2026\/03\/poczatek1-768x639.jpg 768w, https:\/\/rotary.zamosc.pl\/wp-content\/uploads\/2026\/03\/poczatek1-800x665.jpg 800w, https:\/\/rotary.zamosc.pl\/wp-content\/uploads\/2026\/03\/poczatek1.jpg 879w\" sizes=\"(max-width: 700px) 100vw, 700px\" \/><\/figure>\n\n\n\n<figure class=\"wp-block-image size-large\"><img decoding=\"async\" width=\"409\" height=\"739\" data-id=\"8125\" src=\"https:\/\/rotary.zamosc.pl\/wp-content\/uploads\/2026\/03\/poczatek2.jpg\" alt=\"\" class=\"wp-image-8125\" srcset=\"https:\/\/rotary.zamosc.pl\/wp-content\/uploads\/2026\/03\/poczatek2.jpg 409w, https:\/\/rotary.zamosc.pl\/wp-content\/uploads\/2026\/03\/poczatek2-166x300.jpg 166w\" sizes=\"(max-width: 409px) 100vw, 409px\" \/><\/figure>\n\n\n\n<figure class=\"wp-block-image size-large\"><img decoding=\"async\" width=\"700\" height=\"477\" data-id=\"8126\" src=\"https:\/\/rotary.zamosc.pl\/wp-content\/uploads\/2026\/03\/poczatek3-700x477.jpg\" alt=\"\" class=\"wp-image-8126\" srcset=\"https:\/\/rotary.zamosc.pl\/wp-content\/uploads\/2026\/03\/poczatek3-700x477.jpg 700w, https:\/\/rotary.zamosc.pl\/wp-content\/uploads\/2026\/03\/poczatek3-300x204.jpg 300w, https:\/\/rotary.zamosc.pl\/wp-content\/uploads\/2026\/03\/poczatek3-768x523.jpg 768w, https:\/\/rotary.zamosc.pl\/wp-content\/uploads\/2026\/03\/poczatek3-800x545.jpg 800w, https:\/\/rotary.zamosc.pl\/wp-content\/uploads\/2026\/03\/poczatek3.jpg 1058w\" sizes=\"(max-width: 700px) 100vw, 700px\" \/><\/figure>\n<\/figure>\n","protected":false},"excerpt":{"rendered":"<p>Kluby zagnie\u017cd\u017caj\u0105ce to Rotary Club Lublin, Rotary Club Comines. Cz\u0142onkami \u2013 za\u0142o\u017cycielami Rotary Clubu w Zamo\u015bciu byli: Adam Bachta, W\u0142odzimierz Bentkowski, Krzysztof Ciuraszkiewicz, Micha\u0142 Grzegorczyk, Wojciech Kara\u015b, Witold Kowal, Bernard Kowalczyk, Zdzis\u0142aw Kurys, Zbigniew Litwajtis, Leszek \u0141ojewski, Adam Majkut, Krzysztof Mataczy\u0144ski, Anuta Mazur, Janusz Nowosad, Witold Paszt, Tomasz P\u0119kalski, Tadeusz Przyczyna, Tomasz Ruczajewski, Szczepan Semczuk,&#8230;<\/p>\n","protected":false},"author":1,"featured_media":8123,"comment_status":"open","ping_status":"open","sticky":false,"template":"","format":"standard","meta":{"footnotes":""},"categories":[46],"tags":[],"class_list":["post-8122","post","type-post","status-publish","format-standard","has-post-thumbnail","hentry","category-46"],"rttpg_featured_image_url":{"full":["https:\/\/rotary.zamosc.pl\/wp-content\/uploads\/2026\/03\/poczatek4.jpg",480,338,false],"landscape":["https:\/\/rotary.zamosc.pl\/wp-content\/uploads\/2026\/03\/poczatek4.jpg",480,338,false],"portraits":["https:\/\/rotary.zamosc.pl\/wp-content\/uploads\/2026\/03\/poczatek4.jpg",480,338,false],"thumbnail":["https:\/\/rotary.zamosc.pl\/wp-content\/uploads\/2026\/03\/poczatek4-150x150.jpg",150,150,true],"medium":["https:\/\/rotary.zamosc.pl\/wp-content\/uploads\/2026\/03\/poczatek4-300x211.jpg",300,211,true],"large":["https:\/\/rotary.zamosc.pl\/wp-content\/uploads\/2026\/03\/poczatek4.jpg",480,338,false],"1536x1536":["https:\/\/rotary.zamosc.pl\/wp-content\/uploads\/2026\/03\/poczatek4.jpg",480,338,false],"2048x2048":["https:\/\/rotary.zamosc.pl\/wp-content\/uploads\/2026\/03\/poczatek4.jpg",480,338,false],"post-thumbnail":["https:\/\/rotary.zamosc.pl\/wp-content\/uploads\/2026\/03\/poczatek4.jpg",480,338,false],"graphy-post-thumbnail-large":["https:\/\/rotary.zamosc.pl\/wp-content\/uploads\/2026\/03\/poczatek4.jpg",480,338,false],"graphy-post-thumbnail-medium":["https:\/\/rotary.zamosc.pl\/wp-content\/uploads\/2026\/03\/poczatek4-480x300.jpg",480,300,true],"graphy-post-thumbnail-small":["https:\/\/rotary.zamosc.pl\/wp-content\/uploads\/2026\/03\/poczatek4-80x60.jpg",80,60,true],"graphy-page-thumbnail":["https:\/\/rotary.zamosc.pl\/wp-content\/uploads\/2026\/03\/poczatek4.jpg",480,338,false],"sow-carousel-default":["https:\/\/rotary.zamosc.pl\/wp-content\/uploads\/2026\/03\/poczatek4-272x182.jpg",272,182,true]},"rttpg_author":{"display_name":"rotaryzamosc","author_link":"https:\/\/rotary.zamosc.pl\/index.php\/author\/rotaryzamosc\/"},"rttpg_comment":0,"rttpg_category":"<a href=\"https:\/\/rotary.zamosc.pl\/index.php\/category\/1994\/\" rel=\"category tag\">1994<\/a>","rttpg_excerpt":"Kluby zagnie\u017cd\u017caj\u0105ce to Rotary Club Lublin, Rotary Club Comines. Cz\u0142onkami \u2013 za\u0142o\u017cycielami Rotary Clubu w Zamo\u015bciu byli: Adam Bachta, W\u0142odzimierz Bentkowski, Krzysztof Ciuraszkiewicz, Micha\u0142 Grzegorczyk, Wojciech Kara\u015b, Witold Kowal, Bernard Kowalczyk, Zdzis\u0142aw Kurys, Zbigniew Litwajtis, Leszek \u0141ojewski, Adam Majkut, Krzysztof Mataczy\u0144ski, Anuta Mazur, Janusz Nowosad, Witold Paszt, Tomasz P\u0119kalski, Tadeusz Przyczyna, Tomasz Ruczajewski, Szczepan Semczuk,...","_links":{"self":[{"href":"https:\/\/rotary.zamosc.pl\/index.php\/wp-json\/wp\/v2\/posts\/8122","targetHints":{"allow":["GET"]}}],"collection":[{"href":"https:\/\/rotary.zamosc.pl\/index.php\/wp-json\/wp\/v2\/posts"}],"about":[{"href":"https:\/\/rotary.zamosc.pl\/index.php\/wp-json\/wp\/v2\/types\/post"}],"author":[{"embeddable":true,"href":"https:\/\/rotary.zamosc.pl\/index.php\/wp-json\/wp\/v2\/users\/1"}],"replies":[{"embeddable":true,"href":"https:\/\/rotary.zamosc.pl\/index.php\/wp-json\/wp\/v2\/comments?post=8122"}],"version-history":[{"count":1,"href":"https:\/\/rotary.zamosc.pl\/index.php\/wp-json\/wp\/v2\/posts\/8122\/revisions"}],"predecessor-version":[{"id":8127,"href":"https:\/\/rotary.zamosc.pl\/index.php\/wp-json\/wp\/v2\/posts\/8122\/revisions\/8127"}],"wp:featuredmedia":[{"embeddable":true,"href":"https:\/\/rotary.zamosc.pl\/index.php\/wp-json\/wp\/v2\/media\/8123"}],"wp:attachment":[{"href":"https:\/\/rotary.zamosc.pl\/index.php\/wp-json\/wp\/v2\/media?parent=8122"}],"wp:term":[{"taxonomy":"category","embeddable":true,"href":"https:\/\/rotary.zamosc.pl\/index.php\/wp-json\/wp\/v2\/categories?post=8122"},{"taxonomy":"post_tag","embeddable":true,"href":"https:\/\/rotary.zamosc.pl\/index.php\/wp-json\/wp\/v2\/tags?post=8122"}],"curies":[{"name":"wp","href":"https:\/\/api.w.org\/{rel}","templated":true}]}}