{"id":8350,"date":"2026-06-23T17:13:31","date_gmt":"2026-06-23T15:13:31","guid":{"rendered":"https:\/\/rotary.zamosc.pl\/?p=8350"},"modified":"2026-07-02T17:16:01","modified_gmt":"2026-07-02T15:16:01","slug":"przekazanie-sluzby-w-rc-zamosc-2026-2027","status":"publish","type":"post","link":"https:\/\/rotary.zamosc.pl\/index.php\/2026\/06\/23\/przekazanie-sluzby-w-rc-zamosc-2026-2027\/","title":{"rendered":"Przekazanie s\u0142u\u017cby w RC Zamo\u015b\u0107 2026\/2027"},"content":{"rendered":"\n<p class=\"wp-block-paragraph\">Dobiega ko\u0144ca rotaria\u0144ski rok 2025\/26. Zaszczytn\u0105 funkcj\u0119 Prezydenta pe\u0142ni\u0142 Ryszard Antos, a w sk\u0142ad zarz\u0105du wchodzili:<\/p>\n\n\n\n<p class=\"wp-block-paragraph\">Jerzy Liberadzki &#8211; vice prezydent<\/p>\n\n\n\n<p class=\"wp-block-paragraph\">Miros\u0142aw Piwkowski &#8211; sekretarz<\/p>\n\n\n\n<p class=\"wp-block-paragraph\">Zbigniew \u017bukowski &#8211; skarbnik<\/p>\n\n\n\n<p class=\"wp-block-paragraph\">To by\u0142 dobry rok, pe\u0142en zaanga\u017cowania i wielu inicjatyw na rzecz lokalnej spo\u0142eczno\u015bci, dzieci i m\u0142odzie\u017cy, ekologii, os\u00f3b z niepe\u0142nosprawno\u015bci\u0105 oraz pomocy humanitarnej.<\/p>\n\n\n\n<p class=\"wp-block-paragraph\">Do najwa\u017cniejszych zada\u0144 zrealizowanych w roku 2025\/26 zaliczy\u0107 nale\u017cy:<\/p>\n\n\n\n<p class=\"wp-block-paragraph\">&#8222;Zielone p\u0142uca dla Zamo\u015bcia&#8221; (trzykrotne w ci\u0105gu roku nasadzenia drzew przy zamojskich bulwarach nad \u0141abu\u0144k\u0105)<\/p>\n\n\n\n<p class=\"wp-block-paragraph\">Seminarium &#8222;Rodzina podstaw\u0105 zdrowia psychicznego dzieci i m\u0142odzie\u017cy&#8221;<\/p>\n\n\n\n<p class=\"wp-block-paragraph\">XIX Mistrzostwa Dystryktu 2231 w strzelaniu z broni sportowej<\/p>\n\n\n\n<p class=\"wp-block-paragraph\">Pomoc humanitarna dla Ukrainy (wielokrotne wyjazdy)<\/p>\n\n\n\n<p class=\"wp-block-paragraph\">Stypendia dla uzdolnionej m\u0142odzie\u017cy zamojskich szk\u00f3\u0142 artystycznych<\/p>\n\n\n\n<p class=\"wp-block-paragraph\">Wsp\u00f3\u0142praca z DPS dla kobiet z niepe\u0142nosprawno\u015bci\u0105 intelektualn\u0105<\/p>\n\n\n\n<p class=\"wp-block-paragraph\">Ufunfowanie defibrylatora dla ZDK<\/p>\n\n\n\n<p class=\"wp-block-paragraph\">Zarybianie Jeziora \u015awi\u0119tego w Obrze k. Wolsztyna<\/p>\n\n\n\n<p class=\"wp-block-paragraph\">Wsp\u00f3\u0142praca z PLSP, PSM I i II stopnia, I LO i ZDK w Zamo\u015bciu<\/p>\n\n\n\n<p class=\"wp-block-paragraph\">Wspieranie r\u00f3\u017cnych akcji humanitarnych, np. WO\u015aP<\/p>\n\n\n\n<p class=\"wp-block-paragraph\">O wszystkich formach dzia\u0142alno\u015bci informowali\u015bmy na bie\u017c\u0105co w poprzednich postach.<\/p>\n\n\n\n<p class=\"wp-block-paragraph\">W ostatni pi\u0105tek w restauracji &#8222;Skarbiec Wina&#8221; w Zamo\u015bciu odby\u0142o si\u0119 uroczyste przekazanie s\u0142u\u017cby na rok rotaria\u0144ski 2026\/27.<\/p>\n\n\n\n<p class=\"wp-block-paragraph\">Prezydent RC Zamo\u015b\u0107 Ryszard Antos przekaza\u0142 rotaria\u0144ski \u0142a\u0144cuch, symbol sprawowanej funkcji Prezydentowi Elektowi Lechowi Sikorze. W sk\u0142ad nowego zarz\u0105du weszli:<\/p>\n\n\n\n<p class=\"wp-block-paragraph\">Bogdan Szyma\u0144ski &#8211; vice prezydent<\/p>\n\n\n\n<p class=\"wp-block-paragraph\">Miros\u0142aw Piwkowski &#8211; sekretarz<\/p>\n\n\n\n<p class=\"wp-block-paragraph\">Adam Budzy\u0144ski &#8211; skarbnik<\/p>\n\n\n\n<p class=\"wp-block-paragraph\">Dzi\u0119kujemy ust\u0119puj\u0105cemu zarz\u0105dowi na czele z Prezydentem Ryszardem Antosem za profesjonalizm w koordynowaniu prac klubu oraz otwarto\u015b\u0107, cierpliwo\u015b\u0107 i pe\u0142n\u0105 ciep\u0142a atmosfer\u0119.<\/p>\n\n\n\n<p class=\"wp-block-paragraph\">Nowo wybranemu zarz\u0105dowi na czele z Prezydentem Lechem Sikor\u0105 gratulujemy i \u017cyczymy energii, wytrwa\u0142o\u015bci i satysfakcji z pe\u0142nionej s\u0142u\u017cby.<\/p>\n\n\n\n<figure class=\"wp-block-image size-large\"><img fetchpriority=\"high\" decoding=\"async\" width=\"700\" height=\"525\" src=\"https:\/\/rotary.zamosc.pl\/wp-content\/uploads\/2026\/07\/Przekazanie-wladzy-2026_2027-1-700x525.jpg\" alt=\"\" class=\"wp-image-8352\" srcset=\"https:\/\/rotary.zamosc.pl\/wp-content\/uploads\/2026\/07\/Przekazanie-wladzy-2026_2027-1-700x525.jpg 700w, https:\/\/rotary.zamosc.pl\/wp-content\/uploads\/2026\/07\/Przekazanie-wladzy-2026_2027-1-300x225.jpg 300w, https:\/\/rotary.zamosc.pl\/wp-content\/uploads\/2026\/07\/Przekazanie-wladzy-2026_2027-1-768x576.jpg 768w, https:\/\/rotary.zamosc.pl\/wp-content\/uploads\/2026\/07\/Przekazanie-wladzy-2026_2027-1-1536x1152.jpg 1536w, https:\/\/rotary.zamosc.pl\/wp-content\/uploads\/2026\/07\/Przekazanie-wladzy-2026_2027-1-800x600.jpg 800w, https:\/\/rotary.zamosc.pl\/wp-content\/uploads\/2026\/07\/Przekazanie-wladzy-2026_2027-1-80x60.jpg 80w, https:\/\/rotary.zamosc.pl\/wp-content\/uploads\/2026\/07\/Przekazanie-wladzy-2026_2027-1.jpg 1600w\" sizes=\"(max-width: 700px) 100vw, 700px\" \/><\/figure>\n","protected":false},"excerpt":{"rendered":"<p>Dobiega ko\u0144ca rotaria\u0144ski rok 2025\/26. Zaszczytn\u0105 funkcj\u0119 Prezydenta pe\u0142ni\u0142 Ryszard Antos, a w sk\u0142ad zarz\u0105du wchodzili: Jerzy Liberadzki &#8211; vice prezydent Miros\u0142aw Piwkowski &#8211; sekretarz Zbigniew \u017bukowski &#8211; skarbnik To by\u0142 dobry rok, pe\u0142en zaanga\u017cowania i wielu inicjatyw na rzecz lokalnej spo\u0142eczno\u015bci, dzieci i m\u0142odzie\u017cy, ekologii, os\u00f3b z niepe\u0142nosprawno\u015bci\u0105 oraz pomocy humanitarnej. Do najwa\u017cniejszych zada\u0144&#8230;<\/p>\n","protected":false},"author":1,"featured_media":8351,"comment_status":"open","ping_status":"open","sticky":false,"template":"","format":"standard","meta":{"footnotes":""},"categories":[20,21],"tags":[],"class_list":["post-8350","post","type-post","status-publish","format-standard","has-post-thumbnail","hentry","category-20","category-przekazania-wladzy"],"rttpg_featured_image_url":{"full":["https:\/\/rotary.zamosc.pl\/wp-content\/uploads\/2026\/07\/Przekazanie-wladzy-2026_2027-2.jpg",1600,1200,false],"landscape":["https:\/\/rotary.zamosc.pl\/wp-content\/uploads\/2026\/07\/Przekazanie-wladzy-2026_2027-2.jpg",1600,1200,false],"portraits":["https:\/\/rotary.zamosc.pl\/wp-content\/uploads\/2026\/07\/Przekazanie-wladzy-2026_2027-2.jpg",1600,1200,false],"thumbnail":["https:\/\/rotary.zamosc.pl\/wp-content\/uploads\/2026\/07\/Przekazanie-wladzy-2026_2027-2-150x150.jpg",150,150,true],"medium":["https:\/\/rotary.zamosc.pl\/wp-content\/uploads\/2026\/07\/Przekazanie-wladzy-2026_2027-2-300x225.jpg",300,225,true],"large":["https:\/\/rotary.zamosc.pl\/wp-content\/uploads\/2026\/07\/Przekazanie-wladzy-2026_2027-2-700x525.jpg",700,525,true],"1536x1536":["https:\/\/rotary.zamosc.pl\/wp-content\/uploads\/2026\/07\/Przekazanie-wladzy-2026_2027-2-1536x1152.jpg",1536,1152,true],"2048x2048":["https:\/\/rotary.zamosc.pl\/wp-content\/uploads\/2026\/07\/Przekazanie-wladzy-2026_2027-2.jpg",1600,1200,false],"post-thumbnail":["https:\/\/rotary.zamosc.pl\/wp-content\/uploads\/2026\/07\/Przekazanie-wladzy-2026_2027-2-800x600.jpg",800,600,true],"graphy-post-thumbnail-large":["https:\/\/rotary.zamosc.pl\/wp-content\/uploads\/2026\/07\/Przekazanie-wladzy-2026_2027-2-1080x600.jpg",1080,600,true],"graphy-post-thumbnail-medium":["https:\/\/rotary.zamosc.pl\/wp-content\/uploads\/2026\/07\/Przekazanie-wladzy-2026_2027-2-482x300.jpg",482,300,true],"graphy-post-thumbnail-small":["https:\/\/rotary.zamosc.pl\/wp-content\/uploads\/2026\/07\/Przekazanie-wladzy-2026_2027-2-80x60.jpg",80,60,true],"graphy-page-thumbnail":["https:\/\/rotary.zamosc.pl\/wp-content\/uploads\/2026\/07\/Przekazanie-wladzy-2026_2027-2-1260x350.jpg",1260,350,true],"sow-carousel-default":["https:\/\/rotary.zamosc.pl\/wp-content\/uploads\/2026\/07\/Przekazanie-wladzy-2026_2027-2-272x182.jpg",272,182,true]},"rttpg_author":{"display_name":"rotaryzamosc","author_link":"https:\/\/rotary.zamosc.pl\/index.php\/author\/rotaryzamosc\/"},"rttpg_comment":0,"rttpg_category":"<a href=\"https:\/\/rotary.zamosc.pl\/index.php\/category\/2026\/\" rel=\"category tag\">2026<\/a> <a href=\"https:\/\/rotary.zamosc.pl\/index.php\/category\/przekazania-wladzy\/\" rel=\"category tag\">Przekazania w\u0142adzy<\/a>","rttpg_excerpt":"Dobiega ko\u0144ca rotaria\u0144ski rok 2025\/26. Zaszczytn\u0105 funkcj\u0119 Prezydenta pe\u0142ni\u0142 Ryszard Antos, a w sk\u0142ad zarz\u0105du wchodzili: Jerzy Liberadzki &#8211; vice prezydent Miros\u0142aw Piwkowski &#8211; sekretarz Zbigniew \u017bukowski &#8211; skarbnik To by\u0142 dobry rok, pe\u0142en zaanga\u017cowania i wielu inicjatyw na rzecz lokalnej spo\u0142eczno\u015bci, dzieci i m\u0142odzie\u017cy, ekologii, os\u00f3b z niepe\u0142nosprawno\u015bci\u0105 oraz pomocy humanitarnej. Do najwa\u017cniejszych zada\u0144...","_links":{"self":[{"href":"https:\/\/rotary.zamosc.pl\/index.php\/wp-json\/wp\/v2\/posts\/8350","targetHints":{"allow":["GET"]}}],"collection":[{"href":"https:\/\/rotary.zamosc.pl\/index.php\/wp-json\/wp\/v2\/posts"}],"about":[{"href":"https:\/\/rotary.zamosc.pl\/index.php\/wp-json\/wp\/v2\/types\/post"}],"author":[{"embeddable":true,"href":"https:\/\/rotary.zamosc.pl\/index.php\/wp-json\/wp\/v2\/users\/1"}],"replies":[{"embeddable":true,"href":"https:\/\/rotary.zamosc.pl\/index.php\/wp-json\/wp\/v2\/comments?post=8350"}],"version-history":[{"count":1,"href":"https:\/\/rotary.zamosc.pl\/index.php\/wp-json\/wp\/v2\/posts\/8350\/revisions"}],"predecessor-version":[{"id":8353,"href":"https:\/\/rotary.zamosc.pl\/index.php\/wp-json\/wp\/v2\/posts\/8350\/revisions\/8353"}],"wp:featuredmedia":[{"embeddable":true,"href":"https:\/\/rotary.zamosc.pl\/index.php\/wp-json\/wp\/v2\/media\/8351"}],"wp:attachment":[{"href":"https:\/\/rotary.zamosc.pl\/index.php\/wp-json\/wp\/v2\/media?parent=8350"}],"wp:term":[{"taxonomy":"category","embeddable":true,"href":"https:\/\/rotary.zamosc.pl\/index.php\/wp-json\/wp\/v2\/categories?post=8350"},{"taxonomy":"post_tag","embeddable":true,"href":"https:\/\/rotary.zamosc.pl\/index.php\/wp-json\/wp\/v2\/tags?post=8350"}],"curies":[{"name":"wp","href":"https:\/\/api.w.org\/{rel}","templated":true}]}}