{"id":8354,"date":"2026-06-26T17:16:21","date_gmt":"2026-06-26T15:16:21","guid":{"rendered":"https:\/\/rotary.zamosc.pl\/?p=8354"},"modified":"2026-07-02T17:18:31","modified_gmt":"2026-07-02T15:18:31","slug":"nagroda-im-jana-bulewicza-wreczona","status":"publish","type":"post","link":"https:\/\/rotary.zamosc.pl\/index.php\/2026\/06\/26\/nagroda-im-jana-bulewicza-wreczona\/","title":{"rendered":"Nagroda im. Jana Bulewicza wr\u0119czona"},"content":{"rendered":"\n<p class=\"wp-block-paragraph\">26 czerwca w Pa\u0144stwowym Liceum Sztuk Plastycznych w Zamo\u015bciu odby\u0142a si\u0119 uroczysto\u015b\u0107 wr\u0119czenia corocznej nagrody im. znanego zamojskiego rze\u017abiarza, kamieniarza i konserwatora zabytk\u00f3w, \u015b.p. Jana Bulewicza.<\/p>\n\n\n\n<p class=\"wp-block-paragraph\">W tym roku nagrod\u0119 w wysoko\u015bci 1500 z\u0142otych otrzyma\u0142a utalentowana uczennica Klaudia W\u00f3jtowicz. A wr\u0119czyli j\u0105 Prezydent Rotary Club Zamo\u015b\u0107 Ryszard Antos oraz syn artysty \u0141ukasz Bulewicz (fundatorzy nagrody) w towarzystwie Marzeny Tadeusz &#8211; dyrektor PLSP.<\/p>\n\n\n\n<p class=\"wp-block-paragraph\">Serdecznie gratulujemy i \u017cyczymy wielu sukces\u00f3w na polu artystycznym.<\/p>\n\n\n\n<figure class=\"wp-block-gallery has-nested-images columns-1 is-cropped wp-block-gallery-1 is-layout-flex wp-block-gallery-is-layout-flex\">\n<figure class=\"wp-block-image size-large\"><img fetchpriority=\"high\" decoding=\"async\" width=\"700\" height=\"394\" data-id=\"8359\" src=\"https:\/\/rotary.zamosc.pl\/wp-content\/uploads\/2026\/07\/Nagroda-im.-Jana-Bulewicza-wreczona-06-5-700x394.jpg\" alt=\"\" class=\"wp-image-8359\" srcset=\"https:\/\/rotary.zamosc.pl\/wp-content\/uploads\/2026\/07\/Nagroda-im.-Jana-Bulewicza-wreczona-06-5-700x394.jpg 700w, https:\/\/rotary.zamosc.pl\/wp-content\/uploads\/2026\/07\/Nagroda-im.-Jana-Bulewicza-wreczona-06-5-300x169.jpg 300w, https:\/\/rotary.zamosc.pl\/wp-content\/uploads\/2026\/07\/Nagroda-im.-Jana-Bulewicza-wreczona-06-5-768x432.jpg 768w, https:\/\/rotary.zamosc.pl\/wp-content\/uploads\/2026\/07\/Nagroda-im.-Jana-Bulewicza-wreczona-06-5-1536x865.jpg 1536w, https:\/\/rotary.zamosc.pl\/wp-content\/uploads\/2026\/07\/Nagroda-im.-Jana-Bulewicza-wreczona-06-5-800x450.jpg 800w, https:\/\/rotary.zamosc.pl\/wp-content\/uploads\/2026\/07\/Nagroda-im.-Jana-Bulewicza-wreczona-06-5.jpg 2000w\" sizes=\"(max-width: 700px) 100vw, 700px\" \/><\/figure>\n\n\n\n<figure class=\"wp-block-image size-large\"><img decoding=\"async\" width=\"700\" height=\"394\" data-id=\"8358\" src=\"https:\/\/rotary.zamosc.pl\/wp-content\/uploads\/2026\/07\/Nagroda-im.-Jana-Bulewicza-wreczona-06-4-700x394.jpg\" alt=\"\" class=\"wp-image-8358\" srcset=\"https:\/\/rotary.zamosc.pl\/wp-content\/uploads\/2026\/07\/Nagroda-im.-Jana-Bulewicza-wreczona-06-4-700x394.jpg 700w, https:\/\/rotary.zamosc.pl\/wp-content\/uploads\/2026\/07\/Nagroda-im.-Jana-Bulewicza-wreczona-06-4-300x169.jpg 300w, https:\/\/rotary.zamosc.pl\/wp-content\/uploads\/2026\/07\/Nagroda-im.-Jana-Bulewicza-wreczona-06-4-768x432.jpg 768w, https:\/\/rotary.zamosc.pl\/wp-content\/uploads\/2026\/07\/Nagroda-im.-Jana-Bulewicza-wreczona-06-4-1536x865.jpg 1536w, https:\/\/rotary.zamosc.pl\/wp-content\/uploads\/2026\/07\/Nagroda-im.-Jana-Bulewicza-wreczona-06-4-800x450.jpg 800w, https:\/\/rotary.zamosc.pl\/wp-content\/uploads\/2026\/07\/Nagroda-im.-Jana-Bulewicza-wreczona-06-4.jpg 2000w\" sizes=\"(max-width: 700px) 100vw, 700px\" \/><\/figure>\n\n\n\n<figure class=\"wp-block-image size-large\"><img decoding=\"async\" width=\"700\" height=\"394\" data-id=\"8357\" src=\"https:\/\/rotary.zamosc.pl\/wp-content\/uploads\/2026\/07\/Nagroda-im.-Jana-Bulewicza-wreczona-06-3-700x394.jpg\" alt=\"\" class=\"wp-image-8357\" srcset=\"https:\/\/rotary.zamosc.pl\/wp-content\/uploads\/2026\/07\/Nagroda-im.-Jana-Bulewicza-wreczona-06-3-700x394.jpg 700w, https:\/\/rotary.zamosc.pl\/wp-content\/uploads\/2026\/07\/Nagroda-im.-Jana-Bulewicza-wreczona-06-3-300x169.jpg 300w, https:\/\/rotary.zamosc.pl\/wp-content\/uploads\/2026\/07\/Nagroda-im.-Jana-Bulewicza-wreczona-06-3-768x432.jpg 768w, https:\/\/rotary.zamosc.pl\/wp-content\/uploads\/2026\/07\/Nagroda-im.-Jana-Bulewicza-wreczona-06-3-1536x865.jpg 1536w, https:\/\/rotary.zamosc.pl\/wp-content\/uploads\/2026\/07\/Nagroda-im.-Jana-Bulewicza-wreczona-06-3-800x450.jpg 800w, https:\/\/rotary.zamosc.pl\/wp-content\/uploads\/2026\/07\/Nagroda-im.-Jana-Bulewicza-wreczona-06-3.jpg 2000w\" sizes=\"(max-width: 700px) 100vw, 700px\" \/><\/figure>\n\n\n\n<figure class=\"wp-block-image size-large\"><img loading=\"lazy\" decoding=\"async\" width=\"700\" height=\"394\" data-id=\"8356\" src=\"https:\/\/rotary.zamosc.pl\/wp-content\/uploads\/2026\/07\/Nagroda-im.-Jana-Bulewicza-wreczona-06-2-700x394.jpg\" alt=\"\" class=\"wp-image-8356\" srcset=\"https:\/\/rotary.zamosc.pl\/wp-content\/uploads\/2026\/07\/Nagroda-im.-Jana-Bulewicza-wreczona-06-2-700x394.jpg 700w, https:\/\/rotary.zamosc.pl\/wp-content\/uploads\/2026\/07\/Nagroda-im.-Jana-Bulewicza-wreczona-06-2-300x169.jpg 300w, https:\/\/rotary.zamosc.pl\/wp-content\/uploads\/2026\/07\/Nagroda-im.-Jana-Bulewicza-wreczona-06-2-768x432.jpg 768w, https:\/\/rotary.zamosc.pl\/wp-content\/uploads\/2026\/07\/Nagroda-im.-Jana-Bulewicza-wreczona-06-2-1536x865.jpg 1536w, https:\/\/rotary.zamosc.pl\/wp-content\/uploads\/2026\/07\/Nagroda-im.-Jana-Bulewicza-wreczona-06-2-800x450.jpg 800w, https:\/\/rotary.zamosc.pl\/wp-content\/uploads\/2026\/07\/Nagroda-im.-Jana-Bulewicza-wreczona-06-2.jpg 2000w\" sizes=\"(max-width: 700px) 100vw, 700px\" \/><\/figure>\n<\/figure>\n","protected":false},"excerpt":{"rendered":"<p>26 czerwca w Pa\u0144stwowym Liceum Sztuk Plastycznych w Zamo\u015bciu odby\u0142a si\u0119 uroczysto\u015b\u0107 wr\u0119czenia corocznej nagrody im. znanego zamojskiego rze\u017abiarza, kamieniarza i konserwatora zabytk\u00f3w, \u015b.p. Jana Bulewicza. W tym roku nagrod\u0119 w wysoko\u015bci 1500 z\u0142otych otrzyma\u0142a utalentowana uczennica Klaudia W\u00f3jtowicz. A wr\u0119czyli j\u0105 Prezydent Rotary Club Zamo\u015b\u0107 Ryszard Antos oraz syn artysty \u0141ukasz Bulewicz (fundatorzy nagrody)&#8230;<\/p>\n","protected":false},"author":1,"featured_media":8355,"comment_status":"open","ping_status":"open","sticky":false,"template":"","format":"standard","meta":{"footnotes":""},"categories":[20,16],"tags":[],"class_list":["post-8354","post","type-post","status-publish","format-standard","has-post-thumbnail","hentry","category-20","category-nagrody"],"rttpg_featured_image_url":{"full":["https:\/\/rotary.zamosc.pl\/wp-content\/uploads\/2026\/07\/Nagroda-im.-Jana-Bulewicza-wreczona-06-1.jpg",590,332,false],"landscape":["https:\/\/rotary.zamosc.pl\/wp-content\/uploads\/2026\/07\/Nagroda-im.-Jana-Bulewicza-wreczona-06-1.jpg",590,332,false],"portraits":["https:\/\/rotary.zamosc.pl\/wp-content\/uploads\/2026\/07\/Nagroda-im.-Jana-Bulewicza-wreczona-06-1.jpg",590,332,false],"thumbnail":["https:\/\/rotary.zamosc.pl\/wp-content\/uploads\/2026\/07\/Nagroda-im.-Jana-Bulewicza-wreczona-06-1-150x150.jpg",150,150,true],"medium":["https:\/\/rotary.zamosc.pl\/wp-content\/uploads\/2026\/07\/Nagroda-im.-Jana-Bulewicza-wreczona-06-1-300x169.jpg",300,169,true],"large":["https:\/\/rotary.zamosc.pl\/wp-content\/uploads\/2026\/07\/Nagroda-im.-Jana-Bulewicza-wreczona-06-1.jpg",590,332,false],"1536x1536":["https:\/\/rotary.zamosc.pl\/wp-content\/uploads\/2026\/07\/Nagroda-im.-Jana-Bulewicza-wreczona-06-1.jpg",590,332,false],"2048x2048":["https:\/\/rotary.zamosc.pl\/wp-content\/uploads\/2026\/07\/Nagroda-im.-Jana-Bulewicza-wreczona-06-1.jpg",590,332,false],"post-thumbnail":["https:\/\/rotary.zamosc.pl\/wp-content\/uploads\/2026\/07\/Nagroda-im.-Jana-Bulewicza-wreczona-06-1.jpg",590,332,false],"graphy-post-thumbnail-large":["https:\/\/rotary.zamosc.pl\/wp-content\/uploads\/2026\/07\/Nagroda-im.-Jana-Bulewicza-wreczona-06-1.jpg",590,332,false],"graphy-post-thumbnail-medium":["https:\/\/rotary.zamosc.pl\/wp-content\/uploads\/2026\/07\/Nagroda-im.-Jana-Bulewicza-wreczona-06-1-482x300.jpg",482,300,true],"graphy-post-thumbnail-small":["https:\/\/rotary.zamosc.pl\/wp-content\/uploads\/2026\/07\/Nagroda-im.-Jana-Bulewicza-wreczona-06-1-80x60.jpg",80,60,true],"graphy-page-thumbnail":["https:\/\/rotary.zamosc.pl\/wp-content\/uploads\/2026\/07\/Nagroda-im.-Jana-Bulewicza-wreczona-06-1.jpg",590,332,false],"sow-carousel-default":["https:\/\/rotary.zamosc.pl\/wp-content\/uploads\/2026\/07\/Nagroda-im.-Jana-Bulewicza-wreczona-06-1-272x182.jpg",272,182,true]},"rttpg_author":{"display_name":"rotaryzamosc","author_link":"https:\/\/rotary.zamosc.pl\/index.php\/author\/rotaryzamosc\/"},"rttpg_comment":0,"rttpg_category":"<a href=\"https:\/\/rotary.zamosc.pl\/index.php\/category\/2026\/\" rel=\"category tag\">2026<\/a> <a href=\"https:\/\/rotary.zamosc.pl\/index.php\/category\/nagrody\/\" rel=\"category tag\">Nagrody<\/a>","rttpg_excerpt":"26 czerwca w Pa\u0144stwowym Liceum Sztuk Plastycznych w Zamo\u015bciu odby\u0142a si\u0119 uroczysto\u015b\u0107 wr\u0119czenia corocznej nagrody im. znanego zamojskiego rze\u017abiarza, kamieniarza i konserwatora zabytk\u00f3w, \u015b.p. Jana Bulewicza. W tym roku nagrod\u0119 w wysoko\u015bci 1500 z\u0142otych otrzyma\u0142a utalentowana uczennica Klaudia W\u00f3jtowicz. A wr\u0119czyli j\u0105 Prezydent Rotary Club Zamo\u015b\u0107 Ryszard Antos oraz syn artysty \u0141ukasz Bulewicz (fundatorzy nagrody)...","_links":{"self":[{"href":"https:\/\/rotary.zamosc.pl\/index.php\/wp-json\/wp\/v2\/posts\/8354","targetHints":{"allow":["GET"]}}],"collection":[{"href":"https:\/\/rotary.zamosc.pl\/index.php\/wp-json\/wp\/v2\/posts"}],"about":[{"href":"https:\/\/rotary.zamosc.pl\/index.php\/wp-json\/wp\/v2\/types\/post"}],"author":[{"embeddable":true,"href":"https:\/\/rotary.zamosc.pl\/index.php\/wp-json\/wp\/v2\/users\/1"}],"replies":[{"embeddable":true,"href":"https:\/\/rotary.zamosc.pl\/index.php\/wp-json\/wp\/v2\/comments?post=8354"}],"version-history":[{"count":1,"href":"https:\/\/rotary.zamosc.pl\/index.php\/wp-json\/wp\/v2\/posts\/8354\/revisions"}],"predecessor-version":[{"id":8360,"href":"https:\/\/rotary.zamosc.pl\/index.php\/wp-json\/wp\/v2\/posts\/8354\/revisions\/8360"}],"wp:featuredmedia":[{"embeddable":true,"href":"https:\/\/rotary.zamosc.pl\/index.php\/wp-json\/wp\/v2\/media\/8355"}],"wp:attachment":[{"href":"https:\/\/rotary.zamosc.pl\/index.php\/wp-json\/wp\/v2\/media?parent=8354"}],"wp:term":[{"taxonomy":"category","embeddable":true,"href":"https:\/\/rotary.zamosc.pl\/index.php\/wp-json\/wp\/v2\/categories?post=8354"},{"taxonomy":"post_tag","embeddable":true,"href":"https:\/\/rotary.zamosc.pl\/index.php\/wp-json\/wp\/v2\/tags?post=8354"}],"curies":[{"name":"wp","href":"https:\/\/api.w.org\/{rel}","templated":true}]}}