{"id":8361,"date":"2026-06-30T17:19:17","date_gmt":"2026-06-30T15:19:17","guid":{"rendered":"https:\/\/rotary.zamosc.pl\/?p=8361"},"modified":"2026-07-02T17:21:55","modified_gmt":"2026-07-02T15:21:55","slug":"nowe-twarze-w-rc-zamosc","status":"publish","type":"post","link":"https:\/\/rotary.zamosc.pl\/index.php\/2026\/06\/30\/nowe-twarze-w-rc-zamosc\/","title":{"rendered":"Nowe twarze w RC Zamo\u015b\u0107"},"content":{"rendered":"\n<p class=\"wp-block-paragraph\">Mi\u0142o nam poinformowa\u0107 i\u017c grono <a href=\"https:\/\/www.facebook.com\/profile.php?id=100076747320995&amp;__cft__[0]=AZbS5LZv-EER6hquYZzLKmyIIxEnrfBNoz3Ix9Kg9rA1vnr5kWmfCsaaxLqLPC7en87Fx5zxMCQRLMBfPCHh8pqzOK7cNgrkULzzuqqzkgsgE6gW1x6wGHgohfn_zeH4IMDbIl9CaGQR5p6U7ao5AF6aVVUoFNloWGsSo3eaVIzm8vx1KZI_ZMlWYPnLqEq4ing&amp;__tn__=-]K-R\">Rotary Club Zamo\u015b\u0107 ID 30379<\/a> powi\u0119kszy\u0142o si\u0119 o trzech nowych cz\u0142onk\u00f3w &#8211; Rotarian. A s\u0105 to: Anna Sikora, Konrad Jaeschke oraz Wojciech \u0141osiewicz.<\/p>\n\n\n\n<p class=\"wp-block-paragraph\">Gratulujemy serdecznie!<\/p>\n\n\n\n<p class=\"wp-block-paragraph\">\u017byczymy pasji, zaanga\u017cowania i satysfakcji z dzia\u0142alno\u015bci w klubie RC Zamo\u015b\u0107.<\/p>\n\n\n\n<figure class=\"wp-block-gallery has-nested-images columns-1 is-cropped wp-block-gallery-1 is-layout-flex wp-block-gallery-is-layout-flex\">\n<figure class=\"wp-block-image size-full\"><img fetchpriority=\"high\" decoding=\"async\" width=\"2000\" height=\"1126\" data-id=\"8364\" src=\"https:\/\/rotary.zamosc.pl\/wp-content\/uploads\/2026\/07\/Nowe-twarze-RC-Zamosc-2026-3.jpg\" alt=\"\" class=\"wp-image-8364\" style=\"aspect-ratio:1\" srcset=\"https:\/\/rotary.zamosc.pl\/wp-content\/uploads\/2026\/07\/Nowe-twarze-RC-Zamosc-2026-3.jpg 2000w, https:\/\/rotary.zamosc.pl\/wp-content\/uploads\/2026\/07\/Nowe-twarze-RC-Zamosc-2026-3-300x169.jpg 300w, https:\/\/rotary.zamosc.pl\/wp-content\/uploads\/2026\/07\/Nowe-twarze-RC-Zamosc-2026-3-700x394.jpg 700w, https:\/\/rotary.zamosc.pl\/wp-content\/uploads\/2026\/07\/Nowe-twarze-RC-Zamosc-2026-3-768x432.jpg 768w, https:\/\/rotary.zamosc.pl\/wp-content\/uploads\/2026\/07\/Nowe-twarze-RC-Zamosc-2026-3-1536x865.jpg 1536w, https:\/\/rotary.zamosc.pl\/wp-content\/uploads\/2026\/07\/Nowe-twarze-RC-Zamosc-2026-3-800x450.jpg 800w\" sizes=\"(max-width: 2000px) 100vw, 2000px\" \/><\/figure>\n\n\n\n<figure class=\"wp-block-image size-full\"><img decoding=\"async\" width=\"2000\" height=\"1126\" data-id=\"8363\" src=\"https:\/\/rotary.zamosc.pl\/wp-content\/uploads\/2026\/07\/Nowe-twarze-RC-Zamosc-2026-2.jpg\" alt=\"\" class=\"wp-image-8363\" style=\"aspect-ratio:1\" srcset=\"https:\/\/rotary.zamosc.pl\/wp-content\/uploads\/2026\/07\/Nowe-twarze-RC-Zamosc-2026-2.jpg 2000w, https:\/\/rotary.zamosc.pl\/wp-content\/uploads\/2026\/07\/Nowe-twarze-RC-Zamosc-2026-2-300x169.jpg 300w, https:\/\/rotary.zamosc.pl\/wp-content\/uploads\/2026\/07\/Nowe-twarze-RC-Zamosc-2026-2-700x394.jpg 700w, https:\/\/rotary.zamosc.pl\/wp-content\/uploads\/2026\/07\/Nowe-twarze-RC-Zamosc-2026-2-768x432.jpg 768w, https:\/\/rotary.zamosc.pl\/wp-content\/uploads\/2026\/07\/Nowe-twarze-RC-Zamosc-2026-2-1536x865.jpg 1536w, https:\/\/rotary.zamosc.pl\/wp-content\/uploads\/2026\/07\/Nowe-twarze-RC-Zamosc-2026-2-800x450.jpg 800w\" sizes=\"(max-width: 2000px) 100vw, 2000px\" \/><\/figure>\n<\/figure>\n","protected":false},"excerpt":{"rendered":"<p>Mi\u0142o nam poinformowa\u0107 i\u017c grono Rotary Club Zamo\u015b\u0107 ID 30379 powi\u0119kszy\u0142o si\u0119 o trzech nowych cz\u0142onk\u00f3w &#8211; Rotarian. A s\u0105 to: Anna Sikora, Konrad Jaeschke oraz Wojciech \u0141osiewicz. Gratulujemy serdecznie! \u017byczymy pasji, zaanga\u017cowania i satysfakcji z dzia\u0142alno\u015bci w klubie RC Zamo\u015b\u0107.<\/p>\n","protected":false},"author":1,"featured_media":8362,"comment_status":"open","ping_status":"open","sticky":false,"template":"","format":"standard","meta":{"footnotes":""},"categories":[20],"tags":[],"class_list":["post-8361","post","type-post","status-publish","format-standard","has-post-thumbnail","hentry","category-20"],"rttpg_featured_image_url":{"full":["https:\/\/rotary.zamosc.pl\/wp-content\/uploads\/2026\/07\/Nowe-twarze-RC-Zamosc-2026-1.jpg",2000,1126,false],"landscape":["https:\/\/rotary.zamosc.pl\/wp-content\/uploads\/2026\/07\/Nowe-twarze-RC-Zamosc-2026-1.jpg",2000,1126,false],"portraits":["https:\/\/rotary.zamosc.pl\/wp-content\/uploads\/2026\/07\/Nowe-twarze-RC-Zamosc-2026-1.jpg",2000,1126,false],"thumbnail":["https:\/\/rotary.zamosc.pl\/wp-content\/uploads\/2026\/07\/Nowe-twarze-RC-Zamosc-2026-1-150x150.jpg",150,150,true],"medium":["https:\/\/rotary.zamosc.pl\/wp-content\/uploads\/2026\/07\/Nowe-twarze-RC-Zamosc-2026-1-300x169.jpg",300,169,true],"large":["https:\/\/rotary.zamosc.pl\/wp-content\/uploads\/2026\/07\/Nowe-twarze-RC-Zamosc-2026-1-700x394.jpg",700,394,true],"1536x1536":["https:\/\/rotary.zamosc.pl\/wp-content\/uploads\/2026\/07\/Nowe-twarze-RC-Zamosc-2026-1-1536x865.jpg",1536,865,true],"2048x2048":["https:\/\/rotary.zamosc.pl\/wp-content\/uploads\/2026\/07\/Nowe-twarze-RC-Zamosc-2026-1.jpg",2000,1126,false],"post-thumbnail":["https:\/\/rotary.zamosc.pl\/wp-content\/uploads\/2026\/07\/Nowe-twarze-RC-Zamosc-2026-1-800x450.jpg",800,450,true],"graphy-post-thumbnail-large":["https:\/\/rotary.zamosc.pl\/wp-content\/uploads\/2026\/07\/Nowe-twarze-RC-Zamosc-2026-1-1080x600.jpg",1080,600,true],"graphy-post-thumbnail-medium":["https:\/\/rotary.zamosc.pl\/wp-content\/uploads\/2026\/07\/Nowe-twarze-RC-Zamosc-2026-1-482x300.jpg",482,300,true],"graphy-post-thumbnail-small":["https:\/\/rotary.zamosc.pl\/wp-content\/uploads\/2026\/07\/Nowe-twarze-RC-Zamosc-2026-1-80x60.jpg",80,60,true],"graphy-page-thumbnail":["https:\/\/rotary.zamosc.pl\/wp-content\/uploads\/2026\/07\/Nowe-twarze-RC-Zamosc-2026-1-1260x350.jpg",1260,350,true],"sow-carousel-default":["https:\/\/rotary.zamosc.pl\/wp-content\/uploads\/2026\/07\/Nowe-twarze-RC-Zamosc-2026-1-272x182.jpg",272,182,true]},"rttpg_author":{"display_name":"rotaryzamosc","author_link":"https:\/\/rotary.zamosc.pl\/index.php\/author\/rotaryzamosc\/"},"rttpg_comment":1,"rttpg_category":"<a href=\"https:\/\/rotary.zamosc.pl\/index.php\/category\/2026\/\" rel=\"category tag\">2026<\/a>","rttpg_excerpt":"Mi\u0142o nam poinformowa\u0107 i\u017c grono Rotary Club Zamo\u015b\u0107 ID 30379 powi\u0119kszy\u0142o si\u0119 o trzech nowych cz\u0142onk\u00f3w &#8211; Rotarian. A s\u0105 to: Anna Sikora, Konrad Jaeschke oraz Wojciech \u0141osiewicz. Gratulujemy serdecznie! \u017byczymy pasji, zaanga\u017cowania i satysfakcji z dzia\u0142alno\u015bci w klubie RC Zamo\u015b\u0107.","_links":{"self":[{"href":"https:\/\/rotary.zamosc.pl\/index.php\/wp-json\/wp\/v2\/posts\/8361","targetHints":{"allow":["GET"]}}],"collection":[{"href":"https:\/\/rotary.zamosc.pl\/index.php\/wp-json\/wp\/v2\/posts"}],"about":[{"href":"https:\/\/rotary.zamosc.pl\/index.php\/wp-json\/wp\/v2\/types\/post"}],"author":[{"embeddable":true,"href":"https:\/\/rotary.zamosc.pl\/index.php\/wp-json\/wp\/v2\/users\/1"}],"replies":[{"embeddable":true,"href":"https:\/\/rotary.zamosc.pl\/index.php\/wp-json\/wp\/v2\/comments?post=8361"}],"version-history":[{"count":1,"href":"https:\/\/rotary.zamosc.pl\/index.php\/wp-json\/wp\/v2\/posts\/8361\/revisions"}],"predecessor-version":[{"id":8365,"href":"https:\/\/rotary.zamosc.pl\/index.php\/wp-json\/wp\/v2\/posts\/8361\/revisions\/8365"}],"wp:featuredmedia":[{"embeddable":true,"href":"https:\/\/rotary.zamosc.pl\/index.php\/wp-json\/wp\/v2\/media\/8362"}],"wp:attachment":[{"href":"https:\/\/rotary.zamosc.pl\/index.php\/wp-json\/wp\/v2\/media?parent=8361"}],"wp:term":[{"taxonomy":"category","embeddable":true,"href":"https:\/\/rotary.zamosc.pl\/index.php\/wp-json\/wp\/v2\/categories?post=8361"},{"taxonomy":"post_tag","embeddable":true,"href":"https:\/\/rotary.zamosc.pl\/index.php\/wp-json\/wp\/v2\/tags?post=8361"}],"curies":[{"name":"wp","href":"https:\/\/api.w.org\/{rel}","templated":true}]}}